{"id":90179,"date":"2021-07-04T17:46:38","date_gmt":"2021-07-04T20:46:38","guid":{"rendered":"https:\/\/www.cordobatimes.com\/showup\/?p=90179"},"modified":"2021-07-04T17:46:38","modified_gmt":"2021-07-04T20:46:38","slug":"lali-esposito-juzgo-con-mucho-respeto-porque-todos-cantan-mejor-que-yo","status":"publish","type":"post","link":"https:\/\/www.cordobatimes.com\/showup\/famosos\/2021\/07\/04\/lali-esposito-juzgo-con-mucho-respeto-porque-todos-cantan-mejor-que-yo\/","title":{"rendered":"Lali Esp\u00f3sito: \u00abJuzgo con mucho respeto porque todos cantan mejor que yo\u00bb"},"content":{"rendered":"<h3><strong>Estrella con luz propia en el universo art\u00edstico, pero con los pies bien plantados sobre la tierra, Lali Esp\u00f3sito\u00a0 combina a la perfecci\u00f3n experiencia y talento para brillar en La Voz Argentina.\u00a0<\/strong><\/h3>\n<p>\u201cEstoy contenta por muchas razones. Una es que en su momento me hab\u00edan convocado para La Voz, no lo pude hacer y aquella vez me qued\u00e9 con las ganas de hacerlo\u201d, coment\u00f3 Lali en referencia a la versi\u00f3n que hab\u00edan hecho Axel, Soledad Pastorutti, Ricardo Montaner y Tini Stoessel.<\/p>\n<p>Instalada en Madrid, donde particip\u00f3 del rodaje de la serie Sky Rojo, despleg\u00f3 sonrisas p\u00edcaras y gestos serios cuando el tema lo amerit\u00f3. Transparente y espont\u00e1nea, Lali fue categ\u00f3rica al expresar la buena onda que tiene con Marley, la Sole y los Montaner: Ricardo, Mau y Ricky. \u201cLos conozco hace mucho tiempo, trabaj\u00e9 con todos. Para m\u00ed es muy natural compartir, nos re\u00edmos. El grupo tiene un flow bastante copado, hay buena vibra de verdad, m\u00e1s all\u00e1 de conocernos profundamente en la vida privada y trabajando todos\u201d, afirma.<\/p>\n<p>Y reivindica el gran presente personal que atraviesa: \u201cEstoy muy feliz porque estoy bien conmigo, porque estar feliz o verse bien no tiene que ver con estar con alguien. No tiene que ver con que est\u00e9 enamorada, porque salgo con tal, estoy empezando a salir con tal que yo estoy mejor. Creo que el amor en general nos hace mejor\u201d. Por otra parte, con la misma humildad con la que afirm\u00f3 que los concursantes \u00abcantan el cu\u00e1druple de mejor\u00bb que ella, Lali reflexion\u00f3 sobre la consciencia que tiene de ser una privilegiada con casa propia \u00aben un pa\u00eds que tiene el 50 por ciento de pobreza\u00bb.<\/p>\n<p>-\u00bfC\u00f3mo te sent\u00eds tras el debut de La Voz Argentina?<\/p>\n<p>-Estoy contenta por muchas razones. Una es que en su momento me hab\u00edan convocado para La Voz, no lo pude hacer y aquella vez me qued\u00e9 con las ganas de hacerlo. Para m\u00ed es el mejor formato de reality musical que hay, soy fan de todas las \u201cvoces\u201d de todo el mundo. El a\u00f1o pasado tampoco pudieron retomar el proyecto y ahora sucede. Entonces tengo como esa adrenalina, ese subid\u00f3n de que por fin est\u00e1 sucediendo.<\/p>\n<p>-Est\u00e1s nada menos que como jurado, a la par de Ricardo Montaner, la Sole, y Mau y Ricky.<\/p>\n<p>-\u00a1Encima estar ocupando ese lugar de jurado! Que lo hago con mucho respeto porque todos los que se suben ah\u00ed cantan el cu\u00e1druple de mejor que yo. No puedo creerlo, aunque una siempre tiene cosas para aportar. Para m\u00ed es muy emocionante estar en esa silla y todos los presentes, Ricardo Montaner, Mau y Ricky, y la Sole, mismo Marley son amigos. Los conozco hace mucho tiempo, trabaj\u00e9 con todos. Para m\u00ed es muy natural compartir, nos re\u00edmos. El grupo tiene un flow bastante copado, hay buena vibra de verdad, m\u00e1s all\u00e1 de conocernos profundamente en la vida privada y trabajando todos. Y eso est\u00e1 bueno.<\/p>\n<p>-\u00bfDe verdad sent\u00eds que no est\u00e1s tan capacitada para juzgar a otros artistas como posteaste en tus redes sociales porque cantan mejor que vos?<\/p>\n<p>-Es que es la verdad, uno siempre tiene esa cosa&#8230; Una carrera se construye por muchos factores. Yo me preparo, me rompo el alma para lo que hago con la m\u00fasica y siempre intento hacer los mejores shows que puedo, ponerle mucha impronta. O lo que yo considero impronta por c\u00f3mo me salen a m\u00ed las cosas. Por supuesto que a esta altura tengo cositas para aportarle alguien y si le sirven, espectacular. Pero no dejo de sentir que son todos unos cantantes tremendos y digo, \u201cesta gente tambi\u00e9n tiene que estar sentada ac\u00e1\u201d. Hay gente muy especial que se presenta en el reality.<\/p>\n<p>-Si tuvieras que elegir una sola carrera, \u00bfqu\u00e9 eligir\u00edas? \u00bfActriz o cantante?<\/p>\n<p>-Psicolog\u00eda, ja, ja. No har\u00eda ninguna de las dos (risas). No, mentira. Me cuesta mucho porque desde muy peque\u00f1a mi vida fue la fusi\u00f3n de las dos cosas. Hice series que ten\u00edan m\u00fasica, entonces actuaba, pero ten\u00eda que bailar y cantar. El \u201cUniverso Cris Morena\u201d es un 360 art\u00edstico. Entonces, me acostumbr\u00e9 mucho a dividirme y fusionarme en lo mismo, en todas las \u00e1reas, digamos. \u00daltimamente, s\u00ed fui dividiendo m\u00e1s la actuaci\u00f3n de la m\u00fasica, pero porque no siempre iba a estar haciendo ficciones musicales.\u00a0Sky Rojo\u00a0me dio la posibilidad de hacer otro tipo de ficci\u00f3n tambi\u00e9n, de vivir en otro lado. Fue una gran experiencia para m\u00ed, y pude seguir trabajando en mi m\u00fasica de una u otra forma. Y me gusta pulular entre una y otra, la verdad. Y no es que me aburra, porque amo hacerlo. Pero todo el tiempo los estudios de grabaci\u00f3n, todo el tiempo el ritmo de un escenario, o todo el tiempo filmar una ficci\u00f3n o pel\u00edcula, me abruma. Est\u00e1 bueno tener la posibilidad de cortar y hacer por un ratito una, y de cortar y hacer por un ratito otra. Para m\u00ed es como el mejor combo.<\/p>\n<p>-\u00bfC\u00f3mo tom\u00e1s que tu vida personal sea foco de tanto inter\u00e9s y hasta se polemicen tus bromas? Como cuando dijiste en chiste que ten\u00edas dos millones de pesos devaluados en el banco.<\/p>\n<p>-\u00a1No se puede hacer un chiste! Estoy un poco curtida, la verdad, a esta altura de la vida, de que eso importa. Que la sacada de contexto, o cuando uno le quiere poner humor a algo, capaz que no hice nada y dicen algo que no es verdad\u2026 O sacan notas que no son ciertas, cosas personales o de la vida personal. Hace poco sali\u00f3 una nota que dec\u00eda d\u00f3nde viv\u00eda y mostraban fotos de mi supuesta casa, pero la informaci\u00f3n era falsa y esa no era mi casa.<\/p>\n<p>-En ese momento reaccionaste r\u00e1pido en Twitter\u2026<\/p>\n<p>-Era falso, no me tendr\u00eda que haber preocupado. Pero la verdad es que nunca salto ni me enojan esas cosas porque entiendo que es parte de (mi popularidad), pero eso no es Mariana Esp\u00f3sito, no es lo que la gente o los medios flashean sobre uno, como si est\u00e1 de novia, no est\u00e1 de novia, que para m\u00ed son pelotudeces marca ca\u00f1\u00f3n. Porque mis amigos, mi gente es la que me conoce y sabe si estoy de novia, c\u00f3mo vivo el amor, si no me quiero poner de novia, d\u00f3nde vivo. Ellos saben la verdad. Entonces, no me hago tanto drama, pero esa nota me jodi\u00f3 particularmente.<\/p>\n<p>-\u00bfPor qu\u00e9 te enojaste tanto?<\/p>\n<p>-En el fondo hay una cosa de castigo al tener y que en la gente genera una incomodidad porque te pudiste comprar tu casa. Y yo laburo desde los 10 a\u00f1os, claro que me pude comprar mi casa, que para m\u00ed es un privilegio. Yo s\u00e9 exactamente del privilegio del que gozo por tener 29 a\u00f1os y tener una casa propia. Eso no existe en nuestro pa\u00eds para mucha gente. Soy una mina consciente. Mis viejos no tienen su casa propia, o s\u00ed, pero gracias a que tuvieron una hija con una actividad que les pod\u00eda dar una mano para ayudarlo. Pero no es lo normal, mis hermanos (Ana Laura\u00a0y\u00a0Patricio) no tienen su casa. Yo no soy boluda, s\u00e9 exactamente que eso significa mucho. Lo que a m\u00ed no me gusta de esas notas, primero es que la noticia es falsa, ni siquiera era verdad, estaba mal, no era mi hogar. Y si lo fuera, creo que son notas que alimentan la frustraci\u00f3n de la gente, y entiendo que alimente la frustraci\u00f3n. Salvo que entiendas que ese alguien gana bien en su laburo y es normal. Pero hay algo de eso, en un pa\u00eds que la pasa mal como el nuestro, que tiene el 50 por rciento de pobreza\u2026<\/p>\n<p>-Son temas que te sensibilizan.<\/p>\n<p>-Yo no soy careta. A m\u00ed me va re bien, yo gano mi dinero que por suerte me sirve para ayudar a los m\u00edos, vivir bien, hacerme un viaje. Soy una puta privilegiada, pero ponerlo como una noticia creo que tiene como una connotaci\u00f3n negativa. Y cuando pasa eso, para responder la pregunta, quiz\u00e1 salt\u00e9 un poco m\u00e1s. Porque es imposible como ciudadano no decir \u201c\u00a1\u00bfLoco, te parece hacer esto?! Invent\u00e1 que estoy de novia, que no estoy de novia, que salgo con\u00a0Pepito, con\u00a0Menganita\u201d. Eso es m\u00e1s gracioso. Pero hay algo en la noticia que capaz toca en una fibra m\u00e1s \u00edntima de molestia, que a veces salt\u00e1s un poquito.<\/p>\n<p>-Hablando cosas m\u00e1s graciosas, como romances\u2026 \u00bfQu\u00e9 significa David Victori hoy en tu vida?<\/p>\n<p>-No defino a nadie. Yo tengo amigos incre\u00edbles, gente adorable, un mont\u00f3n de amores de mi vida, y no defino a la gente. Aparte tambi\u00e9n, si hay algo que aprend\u00ed en este tiempo, redondeando los 30, es que tambi\u00e9n la vida de uno es de uno. Yo puedo permitir que digan lo que quieran, pero de mi boca solo voy a contar lo que me apetezca, en cierto sentido y cierta manera. Tambi\u00e9n me alej\u00e9 mucho de etiquetar gente, una persona que no es m\u00e1s mi pareja, pero fue mi pareja, pero es mi amigo. Es lo que es. Es una persona en mi vida. Y me encanta tener personas maravillosas en mi vida, como David y como un mont\u00f3n de otra gente maravillosa con la que comparto mi tiempo y mi presente.<\/p>\n<p>-Se te ve muy feliz por lo pronto.<\/p>\n<p>-Estoy muy feliz porque estoy bien conmigo, porque estar feliz o verse bien no tiene que ver con estar con alguien. No tiene que ver con que est\u00e9 enamorada, porque salgo con tal, estoy empezando a salir con tal que yo estoy mejor. Creo que el amor en general nos hace mejor. Pero el amor todo, de los amigos, estar en movimiento por el mundo, quererse m\u00e1s. Yo tambi\u00e9n descubr\u00ed la clase de mina que soy hoy y me re amigo con eso, y me encanta. Eso tambi\u00e9n me hace verme bien, estar bien. Porque es algo m\u00edo directamente, con la persona que yo soy, no tiene que ver con terceros.<\/p>\n<p>-Y en\u00a0el viaje a Cataratas, \u00bffuiste con otros amigos? \u00bfo solo con David?<\/p>\n<p>-Eso es mi vida, de mis vacaciones prefiero no hablar para todo el mundo. La verdad. Est\u00e1n las fotos, ya est\u00e1. Me fui con quien me fui, no pasa nada. La mejor.<\/p>\n<p>-\u00bfTe imagin\u00e1s viviendo en otro pa\u00eds por un amor o por trabajo? De hecho, estuviste mucho tiempo en Espa\u00f1a<\/p>\n<p>-S\u00ed, s\u00ed, me veo viviendo, claro. De hecho, a m\u00ed siempre me cost\u00f3. Me iba de viaje y volv\u00eda a la Argentina, siempre a casa, y la verdad es que la experiencia de estar en Espa\u00f1a haciendo Sky Rojo, que fue casi un a\u00f1o y medio que estuve ac\u00e1, me despert\u00f3 eso. De pronto, soy muy laburadora, me gusta mucho laburar, y siempre fui a d\u00f3nde me llev\u00f3 el trabajo. Tengo un trabajo que por suerte me permite ese movimiento, esa vida m\u00e1s n\u00f3made y re disfruto de eso. As\u00ed que s\u00ed, me re veo viviendo en diferentes lugares donde el laburo me vaya llevando. Ojal\u00e1.<\/p>\n","protected":false},"excerpt":{"rendered":"<p>Estrella con luz propia en el universo art\u00edstico, pero con los pies bien plantados sobre la tierra, Lali Esp\u00f3sito\u00a0 combina a la perfecci\u00f3n experiencia y talento para brillar en La Voz Argentina.\u00a0 \u201cEstoy contenta por muchas razones. Una es que en su momento me hab\u00edan convocado para La Voz, no lo pude hacer y aquella [&hellip;]<\/p>\n","protected":false},"author":1,"featured_media":90180,"comment_status":"closed","ping_status":"closed","sticky":false,"template":"","format":"standard","meta":{"_seopress_robots_primary_cat":"","_seopress_titles_title":"","_seopress_titles_desc":"","_seopress_robots_index":"","footnotes":""},"categories":[4],"tags":[32936,32889],"class_list":{"0":"post-90179","1":"post","2":"type-post","3":"status-publish","4":"format-standard","5":"has-post-thumbnail","7":"category-famosos","8":"tag-lali-entrevistas","9":"tag-lali-esposito-la-voz-argentina"},"_links":{"self":[{"href":"https:\/\/www.cordobatimes.com\/showup\/wp-json\/wp\/v2\/posts\/90179","targetHints":{"allow":["GET"]}}],"collection":[{"href":"https:\/\/www.cordobatimes.com\/showup\/wp-json\/wp\/v2\/posts"}],"about":[{"href":"https:\/\/www.cordobatimes.com\/showup\/wp-json\/wp\/v2\/types\/post"}],"author":[{"embeddable":true,"href":"https:\/\/www.cordobatimes.com\/showup\/wp-json\/wp\/v2\/users\/1"}],"replies":[{"embeddable":true,"href":"https:\/\/www.cordobatimes.com\/showup\/wp-json\/wp\/v2\/comments?post=90179"}],"version-history":[{"count":0,"href":"https:\/\/www.cordobatimes.com\/showup\/wp-json\/wp\/v2\/posts\/90179\/revisions"}],"wp:featuredmedia":[{"embeddable":true,"href":"https:\/\/www.cordobatimes.com\/showup\/wp-json\/wp\/v2\/media\/90180"}],"wp:attachment":[{"href":"https:\/\/www.cordobatimes.com\/showup\/wp-json\/wp\/v2\/media?parent=90179"}],"wp:term":[{"taxonomy":"category","embeddable":true,"href":"https:\/\/www.cordobatimes.com\/showup\/wp-json\/wp\/v2\/categories?post=90179"},{"taxonomy":"post_tag","embeddable":true,"href":"https:\/\/www.cordobatimes.com\/showup\/wp-json\/wp\/v2\/tags?post=90179"}],"curies":[{"name":"wp","href":"https:\/\/api.w.org\/{rel}","templated":true}]}}