{"id":90163,"date":"2021-07-02T10:04:56","date_gmt":"2021-07-02T13:04:56","guid":{"rendered":"https:\/\/www.cordobatimes.com\/showup\/?p=90163"},"modified":"2021-07-02T10:04:56","modified_gmt":"2021-07-02T13:04:56","slug":"tini-estreno-nina-de-la-escuela-junto-a-lola-indigo-y-belinda","status":"publish","type":"post","link":"https:\/\/www.cordobatimes.com\/showup\/musica\/2021\/07\/02\/tini-estreno-nina-de-la-escuela-junto-a-lola-indigo-y-belinda\/","title":{"rendered":"Tini estren\u00f3  \u00abNi\u00f1a de la Escuela\u00bb junto a Lola Indigo y Belinda"},"content":{"rendered":"<h3><strong>El tema entre las tres cantantes se estren\u00f3 este jueves y el estribillo ya promete pegarse.<\/strong><\/h3>\n<p>Tini viene metiendo hitazo tras hitazo y para no desentonar nos vuelve a sorprender con una nueva colaboraci\u00f3n con el tema \u00abNi\u00f1a de la Escuela\u00bb junto a la espa\u00f1ola Lola Indigo y la mexicana Belinda.<\/p>\n<p>La canci\u00f3n forma parte del \u00faltimo disco de la espa\u00f1ola \u00abLa Ni\u00f1a\u00bb, que tambi\u00e9n cuenta con la participaci\u00f3n del trapero argentino Khea, en el tema \u00abCulo\u00bb.<\/p>\n<p>Las tres artistas se juntaron para hacer un reggaet\u00f3n con un estribillo pegadizo, que seguramente se escuche por todos lados.<\/p>\n<p>Ser\u00e1 la segunda ocasi\u00f3n en la que\u00a0Tini\u00a0colabora con Indigo, ya que ambas formaron parte de \u00abHigh Remix\u00bb con Mar\u00eda Becerra. Por otra parte, Belinda colabora por primera vez con las dos cantantes.<\/p>\n<p>Este tema promete ser un hitazo, ya que en Twitter es Trending Topic la frase\u00a0\u00abNi\u00f1a de la Escuela Out Now\u00bb.<\/p>\n<p><iframe loading=\"lazy\" title=\"YouTube video player\" src=\"https:\/\/www.youtube.com\/embed\/0jNg2lG2dQg\" width=\"560\" height=\"315\" frameborder=\"0\" allowfullscreen=\"allowfullscreen\"><\/iframe><\/p>\n","protected":false},"excerpt":{"rendered":"<p>El tema entre las tres cantantes se estren\u00f3 este jueves y el estribillo ya promete pegarse. Tini viene metiendo hitazo tras hitazo y para no desentonar nos vuelve a sorprender con una nueva colaboraci\u00f3n con el tema \u00abNi\u00f1a de la Escuela\u00bb junto a la espa\u00f1ola Lola Indigo y la mexicana Belinda. La canci\u00f3n forma parte [&hellip;]<\/p>\n","protected":false},"author":1,"featured_media":90164,"comment_status":"closed","ping_status":"closed","sticky":false,"template":"","format":"standard","meta":{"_seopress_robots_primary_cat":"","_seopress_titles_title":"","_seopress_titles_desc":"","_seopress_robots_index":"","footnotes":""},"categories":[5],"tags":[32929,32927,32928],"class_list":{"0":"post-90163","1":"post","2":"type-post","3":"status-publish","4":"format-standard","5":"has-post-thumbnail","7":"category-musica","8":"tag-tini-lola-indigo-y-belinda","9":"tag-tini-nina-de-la-escuela","10":"tag-videoclip-nina-de-la-escuela"},"_links":{"self":[{"href":"https:\/\/www.cordobatimes.com\/showup\/wp-json\/wp\/v2\/posts\/90163","targetHints":{"allow":["GET"]}}],"collection":[{"href":"https:\/\/www.cordobatimes.com\/showup\/wp-json\/wp\/v2\/posts"}],"about":[{"href":"https:\/\/www.cordobatimes.com\/showup\/wp-json\/wp\/v2\/types\/post"}],"author":[{"embeddable":true,"href":"https:\/\/www.cordobatimes.com\/showup\/wp-json\/wp\/v2\/users\/1"}],"replies":[{"embeddable":true,"href":"https:\/\/www.cordobatimes.com\/showup\/wp-json\/wp\/v2\/comments?post=90163"}],"version-history":[{"count":0,"href":"https:\/\/www.cordobatimes.com\/showup\/wp-json\/wp\/v2\/posts\/90163\/revisions"}],"wp:featuredmedia":[{"embeddable":true,"href":"https:\/\/www.cordobatimes.com\/showup\/wp-json\/wp\/v2\/media\/90164"}],"wp:attachment":[{"href":"https:\/\/www.cordobatimes.com\/showup\/wp-json\/wp\/v2\/media?parent=90163"}],"wp:term":[{"taxonomy":"category","embeddable":true,"href":"https:\/\/www.cordobatimes.com\/showup\/wp-json\/wp\/v2\/categories?post=90163"},{"taxonomy":"post_tag","embeddable":true,"href":"https:\/\/www.cordobatimes.com\/showup\/wp-json\/wp\/v2\/tags?post=90163"}],"curies":[{"name":"wp","href":"https:\/\/api.w.org\/{rel}","templated":true}]}}