{"id":90156,"date":"2021-07-01T20:34:51","date_gmt":"2021-07-01T23:34:51","guid":{"rendered":"https:\/\/www.cordobatimes.com\/showup\/?p=90156"},"modified":"2021-07-01T20:34:51","modified_gmt":"2021-07-01T23:34:51","slug":"la-historia-del-iconico-atuendo-con-que-lady-di-enamoro-al-mundo","status":"publish","type":"post","link":"https:\/\/www.cordobatimes.com\/showup\/moda-y-estilos\/2021\/07\/01\/la-historia-del-iconico-atuendo-con-que-lady-di-enamoro-al-mundo\/","title":{"rendered":"La historia del ic\u00f3nico atuendo con que Lady Di enamor\u00f3 al mundo"},"content":{"rendered":"<h3><strong>Diana de Gales\u00a0logr\u00f3 ganarse el cari\u00f1o de los seguidores de la monarqu\u00eda, quienes tras su fallecimiento comenzaron a llamarla \u201cprincesa del pueblo\u201d.\u00a0Adem\u00e1s de su carisma, Lady Di se convirti\u00f3 en un \u00edcono de la moda inglesa.<\/strong><\/h3>\n<p>La querida princesa intent\u00f3\u00a0impulsar la industria de la moda\u00a0a trav\u00e9s de sus atuendos, especialmente con sus\u00a0vestidos que hasta el d\u00eda de hoy siguen marcando tendencia. Sin embargo,\u00a0hubo uno en particular que fue un hito dentro de sus estilismos; se trata del popularmente conocido como\u00a0\u00abrevenge dress\u00bb (el vestido de la venganza).<\/p>\n<p><img alt=\"\" loading=\"lazy\" decoding=\"async\" class=\"alignnone wp-image-90158 size-full\" src=\"https:\/\/www.cordobatimes.com\/showup\/wp-content\/uploads\/2021\/07\/ladydianaforever.__117246171_741328193091962_4692392459618807559_n.jpg\" alt=\"\" width=\"805\" height=\"1006\" srcset=\"https:\/\/www.cordobatimes.com\/showup\/wp-content\/uploads\/2021\/07\/ladydianaforever.__117246171_741328193091962_4692392459618807559_n.jpg 805w, https:\/\/www.cordobatimes.com\/showup\/wp-content\/uploads\/2021\/07\/ladydianaforever.__117246171_741328193091962_4692392459618807559_n-336x420.jpg 336w, https:\/\/www.cordobatimes.com\/showup\/wp-content\/uploads\/2021\/07\/ladydianaforever.__117246171_741328193091962_4692392459618807559_n-768x960.jpg 768w, https:\/\/www.cordobatimes.com\/showup\/wp-content\/uploads\/2021\/07\/ladydianaforever.__117246171_741328193091962_4692392459618807559_n-696x870.jpg 696w\" sizes=\"auto, (max-width: 805px) 100vw, 805px\" \/><\/p>\n<p>Aquel vestido negro que llev\u00f3 la madre de los pr\u00edncipes\u00a0William\u00a0y\u00a0Harry\u00a0en 1995 para asistir a una fiesta de \u00abSerpentine Gallery\u00bb, y con el que romper\u00eda algunas reglas de vestimenta, tiene relaci\u00f3n con uno de los episodios m\u00e1s pol\u00e9micos de la familia real.<\/p>\n<h3><strong>La venganza de Lady Di<\/strong><\/h3>\n<p>Diana se divorci\u00f3 oficialmente del\u00a0pr\u00edncipe Carlos\u00a0en 1996, luego de un matrimonio del cual nacieron dos hijos y el cual estuvo marcado por las reiteradas infidelidades de su esposo con\u00a0Camila Parker Bowles, con quien termin\u00f3 cas\u00e1ndo tras su separaci\u00f3n.<\/p>\n<p>Resulta que la princesa utiliz\u00f3 esta hist\u00f3rica prenda\u00a0el mismo d\u00eda\u00a0en que el pr\u00edncipe Carlos confes\u00f3 en televisi\u00f3n nacional que le hab\u00eda sido infiel, en una medi\u00e1tica entrevista en 1994. El\u00a029 de junio, Diana apareci\u00f3 con un impactante look que signific\u00f3 un mensaje de empoderamiento femenino que levant\u00f3 su imagen.<\/p>\n<p><img alt=\"\" loading=\"lazy\" decoding=\"async\" class=\"alignnone wp-image-90159 size-full\" src=\"https:\/\/www.cordobatimes.com\/showup\/wp-content\/uploads\/2021\/07\/diana_francesspencer_71282569_340362513396042_4724621062841551431_n.jpg\" alt=\"\" width=\"1080\" height=\"1350\" srcset=\"https:\/\/www.cordobatimes.com\/showup\/wp-content\/uploads\/2021\/07\/diana_francesspencer_71282569_340362513396042_4724621062841551431_n.jpg 1080w, https:\/\/www.cordobatimes.com\/showup\/wp-content\/uploads\/2021\/07\/diana_francesspencer_71282569_340362513396042_4724621062841551431_n-336x420.jpg 336w, https:\/\/www.cordobatimes.com\/showup\/wp-content\/uploads\/2021\/07\/diana_francesspencer_71282569_340362513396042_4724621062841551431_n-819x1024.jpg 819w, https:\/\/www.cordobatimes.com\/showup\/wp-content\/uploads\/2021\/07\/diana_francesspencer_71282569_340362513396042_4724621062841551431_n-768x960.jpg 768w, https:\/\/www.cordobatimes.com\/showup\/wp-content\/uploads\/2021\/07\/diana_francesspencer_71282569_340362513396042_4724621062841551431_n-696x870.jpg 696w, https:\/\/www.cordobatimes.com\/showup\/wp-content\/uploads\/2021\/07\/diana_francesspencer_71282569_340362513396042_4724621062841551431_n-1068x1335.jpg 1068w\" sizes=\"auto, (max-width: 1080px) 100vw, 1080px\" \/><\/p>\n<p>Seg\u00fan consigna\u00a0Vogue,\u00a0Lady Di lo hab\u00eda comprado tres a\u00f1os antes de llevarlo a aquella fiesta organizada por la revista Vanity Fair y no hab\u00eda querido usarlo,\u00a0pues lo consideraba demasiado atrevido.<\/p>\n<p>Curiosamente, esa noche iba a utilizar otra prenda, un recatado vestido de la marca Valentino cuyo dise\u00f1o ya se hab\u00eda filtrado a la prensa, pero ante los dichos de su exesposo cambi\u00f3 de decisi\u00f3n a \u00faltimo minuto.<\/p>\n<p>Dise\u00f1ado por\u00a0Christina Stambolian, el elegante modelo con el que Diana asisti\u00f3 a la gala consisti\u00f3 en un\u00a0vestido drapeado con escote bardot, combinado con medias negras transparentes y\u00a0una gargantilla con siete hileras de perlas y un enorme zafiro en el centro.<\/p>\n<p>Sin dudas su intenci\u00f3n era no pasar desapercibida y lo logr\u00f3. Seg\u00fan su mayordomo y confidente,\u00a0Paul Burrell, fue \u00e9l quien le aconsej\u00f3 usarlo:\u00a0\u00abLe dije pru\u00e9batelo, entonces se lo enfund\u00f3, se lo abroch\u00f3 y luc\u00eda como un mill\u00f3n de d\u00f3lares\u201d, afirm\u00f3 Burrell.<\/p>\n<p><img alt=\"\" loading=\"lazy\" decoding=\"async\" class=\"alignnone wp-image-90160 size-full\" src=\"https:\/\/www.cordobatimes.com\/showup\/wp-content\/uploads\/2021\/07\/ladydianaforever.__123136821_391136482247638_5796117876824083044_n.jpg\" alt=\"\" width=\"735\" height=\"919\" srcset=\"https:\/\/www.cordobatimes.com\/showup\/wp-content\/uploads\/2021\/07\/ladydianaforever.__123136821_391136482247638_5796117876824083044_n.jpg 735w, https:\/\/www.cordobatimes.com\/showup\/wp-content\/uploads\/2021\/07\/ladydianaforever.__123136821_391136482247638_5796117876824083044_n-336x420.jpg 336w, https:\/\/www.cordobatimes.com\/showup\/wp-content\/uploads\/2021\/07\/ladydianaforever.__123136821_391136482247638_5796117876824083044_n-696x870.jpg 696w\" sizes=\"auto, (max-width: 735px) 100vw, 735px\" \/><\/p>\n<p>&nbsp;<\/p>\n","protected":false},"excerpt":{"rendered":"<p>Diana de Gales\u00a0logr\u00f3 ganarse el cari\u00f1o de los seguidores de la monarqu\u00eda, quienes tras su fallecimiento comenzaron a llamarla \u201cprincesa del pueblo\u201d.\u00a0Adem\u00e1s de su carisma, Lady Di se convirti\u00f3 en un \u00edcono de la moda inglesa. La querida princesa intent\u00f3\u00a0impulsar la industria de la moda\u00a0a trav\u00e9s de sus atuendos, especialmente con sus\u00a0vestidos que hasta el [&hellip;]<\/p>\n","protected":false},"author":1,"featured_media":90157,"comment_status":"closed","ping_status":"closed","sticky":false,"template":"","format":"standard","meta":{"_seopress_robots_primary_cat":"","_seopress_titles_title":"","_seopress_titles_desc":"","_seopress_robots_index":"","footnotes":""},"categories":[228],"tags":[32922,32924,32923],"class_list":{"0":"post-90156","1":"post","2":"type-post","3":"status-publish","4":"format-standard","5":"has-post-thumbnail","7":"category-moda-y-estilos","8":"tag-la-historia-del-iconico-atuendo-de-lady-di","9":"tag-lady-di-revenge-dress","10":"tag-lady-di-se-convirtio-en-un-icono-de-la-moda-inglesa"},"_links":{"self":[{"href":"https:\/\/www.cordobatimes.com\/showup\/wp-json\/wp\/v2\/posts\/90156","targetHints":{"allow":["GET"]}}],"collection":[{"href":"https:\/\/www.cordobatimes.com\/showup\/wp-json\/wp\/v2\/posts"}],"about":[{"href":"https:\/\/www.cordobatimes.com\/showup\/wp-json\/wp\/v2\/types\/post"}],"author":[{"embeddable":true,"href":"https:\/\/www.cordobatimes.com\/showup\/wp-json\/wp\/v2\/users\/1"}],"replies":[{"embeddable":true,"href":"https:\/\/www.cordobatimes.com\/showup\/wp-json\/wp\/v2\/comments?post=90156"}],"version-history":[{"count":0,"href":"https:\/\/www.cordobatimes.com\/showup\/wp-json\/wp\/v2\/posts\/90156\/revisions"}],"wp:featuredmedia":[{"embeddable":true,"href":"https:\/\/www.cordobatimes.com\/showup\/wp-json\/wp\/v2\/media\/90157"}],"wp:attachment":[{"href":"https:\/\/www.cordobatimes.com\/showup\/wp-json\/wp\/v2\/media?parent=90156"}],"wp:term":[{"taxonomy":"category","embeddable":true,"href":"https:\/\/www.cordobatimes.com\/showup\/wp-json\/wp\/v2\/categories?post=90156"},{"taxonomy":"post_tag","embeddable":true,"href":"https:\/\/www.cordobatimes.com\/showup\/wp-json\/wp\/v2\/tags?post=90156"}],"curies":[{"name":"wp","href":"https:\/\/api.w.org\/{rel}","templated":true}]}}