{"id":90136,"date":"2021-07-01T11:46:26","date_gmt":"2021-07-01T14:46:26","guid":{"rendered":"https:\/\/www.cordobatimes.com\/showup\/?p=90136"},"modified":"2021-07-01T11:46:26","modified_gmt":"2021-07-01T14:46:26","slug":"la-cenicienta-protagonizada-por-camilla-cabello-lanza-su-primer-trailer-y-confirma-fecha-de-estreno","status":"publish","type":"post","link":"https:\/\/www.cordobatimes.com\/showup\/cine-y-series\/2021\/07\/01\/la-cenicienta-protagonizada-por-camilla-cabello-lanza-su-primer-trailer-y-confirma-fecha-de-estreno\/","title":{"rendered":"\u00abLa Cenicienta\u00bb protagonizada por Camilla Cabello lanza su primer tr\u00e1iler y confirma fecha de estreno"},"content":{"rendered":"<h3><strong>La cantante interpretar\u00e1 a Cenicienta en una nueva pel\u00edcula musical junto a Nicholas Galitzine.<\/strong><\/h3>\n<p>Amazon Prime Video dio a conocer el primer adelanto de \u00abLa Cenicienta\u00bb, filme musical protagonizado por Camila Cabello y Nicholas Galitzine.<\/p>\n<p>\u00abLa Cenicienta\u00bb, de\u00a0Kay Cannon, llega con un elenco estelar que adem\u00e1s de Cabello y Galitzine incluye a\u00a0Idina Menzel,\u00a0Billy Porter,\u00a0Minnie Driver\u00a0y\u00a0Pierce Brosnan. El anticipado musical incorpora canciones pop de artistas globales contempor\u00e1neos y canciones originales de Camila Cabello e Idina Menzel.<\/p>\n<p>La cinta se lanzar\u00e1 exclusivamente alrededor del mundo en m\u00e1s de 240 pa\u00edses y territorios en Amazon Prime Video el 3 septiembre.<\/p>\n<p>\u00abLa Cenicienta es un cl\u00e1sico que conocemos y amamos, pero esta vez con un toque moderno y \u00fanico y protagonizado por la sensacional Camila Cabello y un elenco estelar. El productor James Corden y el equipo de realizadores han tomado este amado cuento de hadas y lo han renovado con una perspectiva fresca y empoderada que resonar\u00e1 con el p\u00fablico y las familias alrededor del mundo. No podr\u00edamos estar m\u00e1s emocionados de que nuestros clientes globales canten y bailen junto con esta reimaginaci\u00f3n de Kay Cannon de la historia cl\u00e1sica\u201d, dijo Jennifer Salke, quien est\u00e1 al frente de Amazon Studios.<\/p>\n<p>\u00abLa Cenicienta\u00bb es una nueva versi\u00f3n musical y audaz de la popular historia tradicional. La hero\u00edna (Cabello) es una joven ambiciosa cuyos sue\u00f1os son m\u00e1s grandes de lo que el mundo le permitir\u00e1, pero con ayuda de su Fab G (Billy Porter), ella logra perseverar y hace que sus sue\u00f1os se hagan realidad.<\/p>\n<p>Escrita para la pantalla y dirigida por Kay Cannon, con diferentes versiones de canciones escritas por algunos de los artistas musicales m\u00e1s vendidos de todos los tiempos, La Cenicienta cuenta con un elenco estelar que incluye a Idina Menzel, Minnie Driver, Nicholas Galitzine, con Billy Porter y Pierce Brosnan. Los productores son Leo Pearlman, James Corden, Jonathan Kadin y Shannon McIntosh, y los productores ejecutivos son Louise Rosner y Josephine Rose.<\/p>\n<p><iframe loading=\"lazy\" title=\"YouTube video player\" src=\"https:\/\/www.youtube.com\/embed\/uWN6GpcBgV4\" width=\"560\" height=\"315\" frameborder=\"0\" allowfullscreen=\"allowfullscreen\"><\/iframe><\/p>\n","protected":false},"excerpt":{"rendered":"<p>La cantante interpretar\u00e1 a Cenicienta en una nueva pel\u00edcula musical junto a Nicholas Galitzine. Amazon Prime Video dio a conocer el primer adelanto de \u00abLa Cenicienta\u00bb, filme musical protagonizado por Camila Cabello y Nicholas Galitzine. \u00abLa Cenicienta\u00bb, de\u00a0Kay Cannon, llega con un elenco estelar que adem\u00e1s de Cabello y Galitzine incluye a\u00a0Idina Menzel,\u00a0Billy Porter,\u00a0Minnie Driver\u00a0y\u00a0Pierce [&hellip;]<\/p>\n","protected":false},"author":1,"featured_media":90137,"comment_status":"closed","ping_status":"closed","sticky":false,"template":"","format":"standard","meta":{"_seopress_robots_primary_cat":"","_seopress_titles_title":"","_seopress_titles_desc":"","_seopress_robots_index":"","footnotes":""},"categories":[3],"tags":[32910,32909,32912,32911],"class_list":{"0":"post-90136","1":"post","2":"type-post","3":"status-publish","4":"format-standard","5":"has-post-thumbnail","7":"category-cine-y-series","8":"tag-la-cenicienta-camilla-cabello","9":"tag-la-cenicienta-protagonizada-por-camilla-cabello","10":"tag-camila-cabello-y-nicholas-galitzine","11":"tag-trailer-de-la-cenicienta"},"_links":{"self":[{"href":"https:\/\/www.cordobatimes.com\/showup\/wp-json\/wp\/v2\/posts\/90136","targetHints":{"allow":["GET"]}}],"collection":[{"href":"https:\/\/www.cordobatimes.com\/showup\/wp-json\/wp\/v2\/posts"}],"about":[{"href":"https:\/\/www.cordobatimes.com\/showup\/wp-json\/wp\/v2\/types\/post"}],"author":[{"embeddable":true,"href":"https:\/\/www.cordobatimes.com\/showup\/wp-json\/wp\/v2\/users\/1"}],"replies":[{"embeddable":true,"href":"https:\/\/www.cordobatimes.com\/showup\/wp-json\/wp\/v2\/comments?post=90136"}],"version-history":[{"count":0,"href":"https:\/\/www.cordobatimes.com\/showup\/wp-json\/wp\/v2\/posts\/90136\/revisions"}],"wp:featuredmedia":[{"embeddable":true,"href":"https:\/\/www.cordobatimes.com\/showup\/wp-json\/wp\/v2\/media\/90137"}],"wp:attachment":[{"href":"https:\/\/www.cordobatimes.com\/showup\/wp-json\/wp\/v2\/media?parent=90136"}],"wp:term":[{"taxonomy":"category","embeddable":true,"href":"https:\/\/www.cordobatimes.com\/showup\/wp-json\/wp\/v2\/categories?post=90136"},{"taxonomy":"post_tag","embeddable":true,"href":"https:\/\/www.cordobatimes.com\/showup\/wp-json\/wp\/v2\/tags?post=90136"}],"curies":[{"name":"wp","href":"https:\/\/api.w.org\/{rel}","templated":true}]}}