{"id":90099,"date":"2021-06-28T12:14:40","date_gmt":"2021-06-28T15:14:40","guid":{"rendered":"https:\/\/www.cordobatimes.com\/showup\/?p=90099"},"modified":"2021-06-28T12:14:40","modified_gmt":"2021-06-28T15:14:40","slug":"lali-esposito-dejo-mudos-a-todos-cantando-nada-es-para-siempre-en-la-voz-argentina","status":"publish","type":"post","link":"https:\/\/www.cordobatimes.com\/showup\/musica\/2021\/06\/28\/lali-esposito-dejo-mudos-a-todos-cantando-nada-es-para-siempre-en-la-voz-argentina\/","title":{"rendered":"Lali Esp\u00f3sito dej\u00f3 mudos a todos cantando \u201cNada es para siempre\u201d en La Voz Argentina"},"content":{"rendered":"<h3><strong>Lali Esp\u00f3sito quiso salirse un rato del rol de jurada y dej\u00f3 mudo a todo el jurado y audiencia cantando\u00a0la canci\u00f3n\u00a0Nada es para siempre\u00a0de Fabiana Cantillo.<\/strong><\/h3>\n<p>No es novedad que los jurados de la\u00a0La Voz Argentina 2021\u00a0tienen un talento innato para el canto. En este segundo programa de la tercera temporada del reality,\u00a0Lali Esp\u00f3sito se dej\u00f3 llevar y cant\u00f3 una canci\u00f3n en vivo.<\/p>\n<div style=\"width: 640px;\" class=\"wp-video\"><video class=\"wp-video-shortcode\" id=\"video-90099-1\" width=\"640\" height=\"360\" preload=\"metadata\" controls=\"controls\"><source type=\"video\/mp4\" src=\"https:\/\/www.cordobatimes.com\/showup\/wp-content\/uploads\/2021\/06\/Lali-canto-Nada-es-para-siempre-La-Voz-Argentina-202.mp4?_=1\" \/><a href=\"https:\/\/www.cordobatimes.com\/showup\/wp-content\/uploads\/2021\/06\/Lali-canto-Nada-es-para-siempre-La-Voz-Argentina-202.mp4\">https:\/\/www.cordobatimes.com\/showup\/wp-content\/uploads\/2021\/06\/Lali-canto-Nada-es-para-siempre-La-Voz-Argentina-202.mp4<\/a><\/video><\/div>\n","protected":false},"excerpt":{"rendered":"<p>Lali Esp\u00f3sito quiso salirse un rato del rol de jurada y dej\u00f3 mudo a todo el jurado y audiencia cantando\u00a0la canci\u00f3n\u00a0Nada es para siempre\u00a0de Fabiana Cantillo. No es novedad que los jurados de la\u00a0La Voz Argentina 2021\u00a0tienen un talento innato para el canto. En este segundo programa de la tercera temporada del reality,\u00a0Lali Esp\u00f3sito se [&hellip;]<\/p>\n","protected":false},"author":1,"featured_media":90100,"comment_status":"closed","ping_status":"closed","sticky":false,"template":"","format":"standard","meta":{"_seopress_robots_primary_cat":"","_seopress_titles_title":"","_seopress_titles_desc":"","_seopress_robots_index":"","footnotes":""},"categories":[5],"tags":[32889,32888],"class_list":{"0":"post-90099","1":"post","2":"type-post","3":"status-publish","4":"format-standard","5":"has-post-thumbnail","7":"category-musica","8":"tag-lali-esposito-la-voz-argentina","9":"tag-lali-esposito-nada-es-para-siempre"},"_links":{"self":[{"href":"https:\/\/www.cordobatimes.com\/showup\/wp-json\/wp\/v2\/posts\/90099","targetHints":{"allow":["GET"]}}],"collection":[{"href":"https:\/\/www.cordobatimes.com\/showup\/wp-json\/wp\/v2\/posts"}],"about":[{"href":"https:\/\/www.cordobatimes.com\/showup\/wp-json\/wp\/v2\/types\/post"}],"author":[{"embeddable":true,"href":"https:\/\/www.cordobatimes.com\/showup\/wp-json\/wp\/v2\/users\/1"}],"replies":[{"embeddable":true,"href":"https:\/\/www.cordobatimes.com\/showup\/wp-json\/wp\/v2\/comments?post=90099"}],"version-history":[{"count":0,"href":"https:\/\/www.cordobatimes.com\/showup\/wp-json\/wp\/v2\/posts\/90099\/revisions"}],"wp:featuredmedia":[{"embeddable":true,"href":"https:\/\/www.cordobatimes.com\/showup\/wp-json\/wp\/v2\/media\/90100"}],"wp:attachment":[{"href":"https:\/\/www.cordobatimes.com\/showup\/wp-json\/wp\/v2\/media?parent=90099"}],"wp:term":[{"taxonomy":"category","embeddable":true,"href":"https:\/\/www.cordobatimes.com\/showup\/wp-json\/wp\/v2\/categories?post=90099"},{"taxonomy":"post_tag","embeddable":true,"href":"https:\/\/www.cordobatimes.com\/showup\/wp-json\/wp\/v2\/tags?post=90099"}],"curies":[{"name":"wp","href":"https:\/\/api.w.org\/{rel}","templated":true}]}}