{"id":90087,"date":"2021-06-28T10:04:03","date_gmt":"2021-06-28T13:04:03","guid":{"rendered":"https:\/\/www.cordobatimes.com\/showup\/?p=90087"},"modified":"2021-06-28T10:04:03","modified_gmt":"2021-06-28T13:04:03","slug":"tarta-de-pera-y-provolone","status":"publish","type":"post","link":"https:\/\/www.cordobatimes.com\/showup\/cocina\/2021\/06\/28\/tarta-de-pera-y-provolone\/","title":{"rendered":"Tarta de pera y provolone"},"content":{"rendered":"<h3><strong>Ingredientes<\/strong><\/h3>\n<p>(para una tarta mediana)<\/p>\n<ul>\n<li>1 pera<\/li>\n<li>2 rodajas de parmesano,<\/li>\n<li>tomillo<\/li>\n<li>1 tapa de tarta<\/li>\n<\/ul>\n<p>&nbsp;<\/p>\n<h3><strong>Modo de preparaci\u00f3n\u00a0<\/strong><\/h3>\n<ul>\n<li>Lo primero que vamos a hacer es agarrar nuestra pera. Vamos a pelarla y vamos a cortarla en cuadraditos de tama\u00f1o medio.<\/li>\n<li>Luego es el turno del queso, con el que vamos a hacer lo mismo: Cortamos nuestro queso provolone en cuadraditos lo m\u00e1s parecidos posible a los de la pera. Si no consiguen queso provolone, pueden utilizar una provoleta de esas que se consiguen en el super. Traten que no sea la que viene con condimentos.<\/li>\n<li>Agarramos la masa (si es la tapa comprada del super procuren que est\u00e9 a temperatura ambiente para poder manipularla mejor\u2026). La estiramos sobre la mesada, desde las puntas, para darle una forma cuadrada\/rectangular.<\/li>\n<li>Sobre el centro, vamos a poner nuestros pedacitos de pera cortados y luego tambi\u00e9n los pedacitos de queso cortados. La idea es que queden bien mezcladitos entre s\u00ed.<\/li>\n<li>Por arriba vamos a tirar una buena cantidad de tomillo. Esto es importante porque en esta receta tan f\u00e1cil y de tan poquitos ingredientes, el tomillo aporta un detalle que se vuelve imprescindible.<\/li>\n<li>\u00a0Ahora viene la parte de la manualidad: vamos a agarrar un cuchillo sin serrucho, y vamos a cortar tiras en el excedente de masa, a los costados (ser\u00edan los costados m\u00e1s largos del rect\u00e1ngulo) del centro d\u00f3nde pusimos nuestro relleno (en el video de arriba lo pueden ver mejor). Desde el centro hacia el borde de la masa. Luego, vamos a tomar de a una de esas tiras y vamos a llevarlas hacia el centro, y colocarlas por encima de nuestro relleno. Una sobre otra, intercaladas, formando una trenza, como las que se hacen en el pelo. Luego, el excedente de masa de las puntas, lo vamos a doblar hasta que nuestra tarta quede bien sellada en las puntas. Si quieren, la pueden pintar con huevo para que quede brillante al salir del horno.<\/li>\n<li>5- As\u00ed como est\u00e1, llevamos nuestra tarta manualidad al horno 180\u00ba hasta que vean que se pone dorada. S\u00f3lo queda sacarla y degustarla.<\/li>\n<\/ul>\n","protected":false},"excerpt":{"rendered":"<p>Ingredientes (para una tarta mediana) 1 pera 2 rodajas de parmesano, tomillo 1 tapa de tarta &nbsp; Modo de preparaci\u00f3n\u00a0 Lo primero que vamos a hacer es agarrar nuestra pera. Vamos a pelarla y vamos a cortarla en cuadraditos de tama\u00f1o medio. Luego es el turno del queso, con el que vamos a hacer lo [&hellip;]<\/p>\n","protected":false},"author":1,"featured_media":90088,"comment_status":"closed","ping_status":"closed","sticky":false,"template":"","format":"standard","meta":{"_seopress_robots_primary_cat":"","_seopress_titles_title":"","_seopress_titles_desc":"","_seopress_robots_index":"","footnotes":""},"categories":[1,317],"tags":[32881,15582,32879,32880,23670,32882],"class_list":{"0":"post-90087","1":"post","2":"type-post","3":"status-publish","4":"format-standard","5":"has-post-thumbnail","7":"category-cocina","8":"category-recetas","9":"tag-receta-de-tarta-de-pera-y-provolone","10":"tag-recetas-agridulces","11":"tag-recetas-con-pera","12":"tag-recetas-con-provolone","13":"tag-recetas-de-tartas","14":"tag-tarta-de-pera-y-provolone-receta"},"_links":{"self":[{"href":"https:\/\/www.cordobatimes.com\/showup\/wp-json\/wp\/v2\/posts\/90087","targetHints":{"allow":["GET"]}}],"collection":[{"href":"https:\/\/www.cordobatimes.com\/showup\/wp-json\/wp\/v2\/posts"}],"about":[{"href":"https:\/\/www.cordobatimes.com\/showup\/wp-json\/wp\/v2\/types\/post"}],"author":[{"embeddable":true,"href":"https:\/\/www.cordobatimes.com\/showup\/wp-json\/wp\/v2\/users\/1"}],"replies":[{"embeddable":true,"href":"https:\/\/www.cordobatimes.com\/showup\/wp-json\/wp\/v2\/comments?post=90087"}],"version-history":[{"count":0,"href":"https:\/\/www.cordobatimes.com\/showup\/wp-json\/wp\/v2\/posts\/90087\/revisions"}],"wp:featuredmedia":[{"embeddable":true,"href":"https:\/\/www.cordobatimes.com\/showup\/wp-json\/wp\/v2\/media\/90088"}],"wp:attachment":[{"href":"https:\/\/www.cordobatimes.com\/showup\/wp-json\/wp\/v2\/media?parent=90087"}],"wp:term":[{"taxonomy":"category","embeddable":true,"href":"https:\/\/www.cordobatimes.com\/showup\/wp-json\/wp\/v2\/categories?post=90087"},{"taxonomy":"post_tag","embeddable":true,"href":"https:\/\/www.cordobatimes.com\/showup\/wp-json\/wp\/v2\/tags?post=90087"}],"curies":[{"name":"wp","href":"https:\/\/api.w.org\/{rel}","templated":true}]}}