{"id":90075,"date":"2021-06-25T12:59:49","date_gmt":"2021-06-25T15:59:49","guid":{"rendered":"https:\/\/www.cordobatimes.com\/showup\/?p=90075"},"modified":"2021-06-25T12:59:49","modified_gmt":"2021-06-25T15:59:49","slug":"natalia-oreiro-se-mostro-caracterizada-como-eva-peron-para-la-serie-santa-evita","status":"publish","type":"post","link":"https:\/\/www.cordobatimes.com\/showup\/cine-y-series\/2021\/06\/25\/natalia-oreiro-se-mostro-caracterizada-como-eva-peron-para-la-serie-santa-evita\/","title":{"rendered":"Natalia Oreiro se mostr\u00f3 caracterizada como Eva Per\u00f3n para la serie \u201cSanta Evita\u201d"},"content":{"rendered":"<h3><strong>La actriz\u00a0 comparti\u00f3 en su Instagram una escena de la adaptaci\u00f3n de la novela de Tom\u00e1s Eloy Mart\u00ednez<\/strong><\/h3>\n<p>Desde hace un tiempo que la agenda de\u00a0Natalia Oreiro\u00a0est\u00e1 ocupada con el rodaje de\u00a0Santa Evita, serie basada en la genial novela hom\u00f3nima de\u00a0Tom\u00e1s Eloy Mart\u00ednez,\u00a0y dirigida por\u00a0Rodrigo Garc\u00eda, hijo del escritor\u00a0Gabriel Garc\u00eda M\u00e1rquez.<\/p>\n<p>Ahora, la actriz uruguaya comparti\u00f3 por primera vez una escena de su caracterizaci\u00f3n de la inolvidable e inigualable\u00a0Eva Per\u00f3n. \u201cCon tantas ganas y much\u00edsima emoci\u00f3n quiero compartirles este gran desaf\u00edo&#8230; Muy pronto van a poder ver\u00a0Santa Evita\u00a0que se enfoca en un personaje ic\u00f3nico, pero desde un lugar inesperado. Ya van a ver\u201d, escribi\u00f3 con entusiasmo en su cuenta de Instagram.<\/p>\n<p>\u201cAhora seguimos grabando en Argentina y est\u00e1 quedando incre\u00edble!! \u2063Estamos poniendo todo el coraz\u00f3n\u201d, dijo. Adem\u00e1s le dedic\u00f3 un espacio a contar por cu\u00e1l plataforma podr\u00e1 verse \u201cEs una serie exclusiva de Star +, el nuevo servicio de\u00a0streaming\u00a0que estar\u00e1 disponible el 31 de agosto en Latinoam\u00e9rica\u201d.<\/p>\n<p><a href=\"https:\/\/www.cordobatimes.com\/showup\/wp-content\/uploads\/2021\/06\/Nombre-1.bmp\"><img alt=\"\" loading=\"lazy\" decoding=\"async\" class=\"alignnone size-medium wp-image-90077\" src=\"https:\/\/www.cordobatimes.com\/showup\/wp-content\/uploads\/2021\/06\/Nombre-1-750x392.jpg\" alt=\"\" width=\"750\" height=\"392\" srcset=\"https:\/\/www.cordobatimes.com\/showup\/wp-content\/uploads\/2021\/06\/Nombre-1-750x392.jpg 750w, https:\/\/www.cordobatimes.com\/showup\/wp-content\/uploads\/2021\/06\/Nombre-1-1024x535.jpg 1024w, https:\/\/www.cordobatimes.com\/showup\/wp-content\/uploads\/2021\/06\/Nombre-1-760x397.jpg 760w, https:\/\/www.cordobatimes.com\/showup\/wp-content\/uploads\/2021\/06\/Nombre-1-768x401.jpg 768w, https:\/\/www.cordobatimes.com\/showup\/wp-content\/uploads\/2021\/06\/Nombre-1-696x364.jpg 696w, https:\/\/www.cordobatimes.com\/showup\/wp-content\/uploads\/2021\/06\/Nombre-1-1068x558.jpg 1068w, https:\/\/www.cordobatimes.com\/showup\/wp-content\/uploads\/2021\/06\/Nombre-1-804x420.jpg 804w, https:\/\/www.cordobatimes.com\/showup\/wp-content\/uploads\/2021\/06\/Nombre-1.bmp 1194w\" sizes=\"auto, (max-width: 750px) 100vw, 750px\" \/><\/a><\/p>\n<p>En marzo pasado, y en una entrevista con\u00a0Marcela Coronel\u00a0en el programa\u00a0Mientras tanto\u00a0(Mucha radio FM 89.5),\u00a0Natalia hab\u00eda hablado de su trabajo en este proyecto.\u00a0\u201cEstoy preparando\u00a0Santa Evita, sobre la novela de\u00a0Tom\u00e1s Eloy Mart\u00ednez, que es maravillosa. Fui elegida por casting. Algunos pocos elegidos tienen la habilidad de interpretar ese personaje magistralmente. No es mi caso. Soy una agradecida de que me elijan por lo que puedo hacer.\u00a0Interpretar a Eva es el mayor desaf\u00edo de mi carrera\u201d, dijo.<\/p>\n<p>\u201cEn el pasado no me sent\u00eda lista para el personaje y lo rechac\u00e9. Ahora tengo 10 a\u00f1os m\u00e1s que la edad que ella ten\u00eda cuando muri\u00f3.\u00a0Yo vi el casting porque se lo ped\u00ed al director, y me vi muy mal. No me cerraba la voz, la mirada. Evidentemente ellos vieron m\u00e1s all\u00e1, por suerte. Lo prepar\u00e9 en un tiempo determinado y a m\u00ed no me convenci\u00f3. Nunca me alcanza el tiempo. Siempre que me dicen que se atrasa un proyecto yo agradezco porque tengo un poco m\u00e1s de tiempo para prepararme. Soy siempre de las que cuando se cierra un proyecto pienso que lo podr\u00eda haber hecho mucho mejor\u201d, dijo Natalia sobre el camino que la llev\u00f3 a interpretar a\u00a0Eva Per\u00f3n.<\/p>\n<p>A su vez, reflexion\u00f3 sobre el rol de la mujer en el cine: \u201cEn el cine es raro que una mujer pueda encabezar una pel\u00edcula. Pero las que eligen qu\u00e9 ver y cortan las entradas son las mujeres. Entonces, \u00bfpor qu\u00e9 la mayor\u00eda de las pel\u00edculas son encabezadas por hombres? Y en ese sentido, ser\u00eda injusto si yo no reconociera el privilegio de hacer lo que quiero hacer.\u00a0Yo vengo de la formaci\u00f3n de Alejandro Romay. Y Romay amaba a las mujeres. Pero eso no significa que cuando leo un gui\u00f3n lo elija s\u00f3lo porque sea la mujer la que cuenta la historia,\u00a0porque si no, estar\u00edamos cometiendo el mismo error\u201d, afirm\u00f3.<\/p>\n<p>\u201cEs una serie basada en el libro de Tom\u00e1s Eloy, amigo de mi familia de toda la vida.\u00a0Salma Hayek\u00a0es una de las productoras ejecutivas, ella me invit\u00f3 a ser parte del proyecto. Me apasiona porque me gusta mucho el libro. Se ha montado aqu\u00ed con un grupo de productores, de t\u00e9cnicos, de artistas, excelentes actores, realmente\u2026\u00a0Siempre quise que se hiciera aqu\u00ed en Argentina -por supuesto la idea siempre fue que se haga en espa\u00f1ol- y que todos fueran argentinos,\u00a0con las excepciones m\u00eda y de\u00a0Cesc Corella\u00a0que interpreta al doctor espa\u00f1ol que embalsam\u00f3 a Evita. Creo que va bien\u201d,\u00a0hab\u00eda contado el director Rodrigo Garc\u00eda en entrevista<\/p>\n","protected":false},"excerpt":{"rendered":"<p>La actriz\u00a0 comparti\u00f3 en su Instagram una escena de la adaptaci\u00f3n de la novela de Tom\u00e1s Eloy Mart\u00ednez Desde hace un tiempo que la agenda de\u00a0Natalia Oreiro\u00a0est\u00e1 ocupada con el rodaje de\u00a0Santa Evita, serie basada en la genial novela hom\u00f3nima de\u00a0Tom\u00e1s Eloy Mart\u00ednez,\u00a0y dirigida por\u00a0Rodrigo Garc\u00eda, hijo del escritor\u00a0Gabriel Garc\u00eda M\u00e1rquez. Ahora, la actriz uruguaya [&hellip;]<\/p>\n","protected":false},"author":1,"featured_media":90076,"comment_status":"closed","ping_status":"closed","sticky":false,"template":"","format":"standard","meta":{"_seopress_robots_primary_cat":"","_seopress_titles_title":"","_seopress_titles_desc":"","_seopress_robots_index":"","footnotes":""},"categories":[3],"tags":[28519,32872,28518,32873],"class_list":{"0":"post-90075","1":"post","2":"type-post","3":"status-publish","4":"format-standard","5":"has-post-thumbnail","7":"category-cine-y-series","8":"tag-eva-peron-santa-evita","9":"tag-natalia-oreiro-caracterizada-como-eva-peron","10":"tag-natalia-oreiro-eva-peron","11":"tag-serie-de-eva-peron"},"_links":{"self":[{"href":"https:\/\/www.cordobatimes.com\/showup\/wp-json\/wp\/v2\/posts\/90075","targetHints":{"allow":["GET"]}}],"collection":[{"href":"https:\/\/www.cordobatimes.com\/showup\/wp-json\/wp\/v2\/posts"}],"about":[{"href":"https:\/\/www.cordobatimes.com\/showup\/wp-json\/wp\/v2\/types\/post"}],"author":[{"embeddable":true,"href":"https:\/\/www.cordobatimes.com\/showup\/wp-json\/wp\/v2\/users\/1"}],"replies":[{"embeddable":true,"href":"https:\/\/www.cordobatimes.com\/showup\/wp-json\/wp\/v2\/comments?post=90075"}],"version-history":[{"count":0,"href":"https:\/\/www.cordobatimes.com\/showup\/wp-json\/wp\/v2\/posts\/90075\/revisions"}],"wp:featuredmedia":[{"embeddable":true,"href":"https:\/\/www.cordobatimes.com\/showup\/wp-json\/wp\/v2\/media\/90076"}],"wp:attachment":[{"href":"https:\/\/www.cordobatimes.com\/showup\/wp-json\/wp\/v2\/media?parent=90075"}],"wp:term":[{"taxonomy":"category","embeddable":true,"href":"https:\/\/www.cordobatimes.com\/showup\/wp-json\/wp\/v2\/categories?post=90075"},{"taxonomy":"post_tag","embeddable":true,"href":"https:\/\/www.cordobatimes.com\/showup\/wp-json\/wp\/v2\/tags?post=90075"}],"curies":[{"name":"wp","href":"https:\/\/api.w.org\/{rel}","templated":true}]}}