{"id":90054,"date":"2021-06-24T10:33:20","date_gmt":"2021-06-24T13:33:20","guid":{"rendered":"https:\/\/www.cordobatimes.com\/showup\/?p=90054"},"modified":"2021-06-24T10:33:20","modified_gmt":"2021-06-24T13:33:20","slug":"netflix-lanza-el-trailer-de-la-nueva-temporada-de-sky-rojo","status":"publish","type":"post","link":"https:\/\/www.cordobatimes.com\/showup\/cine-y-series\/2021\/06\/24\/netflix-lanza-el-trailer-de-la-nueva-temporada-de-sky-rojo\/","title":{"rendered":"Netflix lanza el tr\u00e1iler de la nueva temporada de Sky Rojo"},"content":{"rendered":"<p><strong>Con la inquina por bandera y su significado de \u201chacer da\u00f1o a quien te lo hizo\u201d, Coral, Wendy y Gina continuar\u00e1n su viaje en la segunda temporada de \u201cSky Rojo\u201d (Netflix), pero pasar\u00e1n de huir a perseguir a los proxenetas que quer\u00edan acabar con ellas.<\/strong><\/p>\n<p>Netflix ha desvelado este mi\u00e9rcoles el tr\u00e1iler oficial de la segunda entrega de la serie que se estrenar\u00e1 a nivel mundial el pr\u00f3ximo 23 de julio y en la que \u201cla adrenalina, la acci\u00f3n y el pulp latino volver\u00e1n a ser los protagonistas\u201d de los nuevos ocho episodios.<\/p>\n<p>\u00abEn esta entrega veremos a Coral, Wendy y Gina m\u00e1s unidas que nunca. Los papeles se cambiar\u00e1n y ahora los cazadores se convertir\u00e1n en presa: las chicas buscan vengarse a toda costa. Romeo, Mois\u00e9s y Christian contin\u00faan intentando atraparlas, pero, al contrario que ellas, empiezan a tener diferencias y su lealtad comienza a resentirse\u00bb, ha apuntado la plataforma en un comunicado.<\/p>\n<p>Producida por Vancouver Media, \u00abSky Rojo\u00bb se estren\u00f3 en marzo y lleva la firma de los creadores de la \u00abLa casa de papel\u00bb, \u00c1lex Pina y Esther Mart\u00ednez Lobato. Cuenta la historia de Coral, Wendy y Gina (Ver\u00f3nica S\u00e1nchez, Lali Esp\u00f3sito y Yany Prado), tres prostitutas que huyen del club de alterne en el que viv\u00edan tras dejar a su proxeneta gravemente herido.<\/p>\n<p>La espa\u00f1ola, la argentina y la cubana emprenden un viaje por carretera sabiendo que, despu\u00e9s de lo que han hecho, su vida peligra. Con varios delitos graves a sus espaldas, no pueden acudir a la polic\u00eda, mientras los sicarios les pisan los talones.<\/p>\n<p>Tambi\u00e9n protagonizan \u00abSky Rojo\u00bb Asier Etxeandia, que interpreta al due\u00f1o del prost\u00edbulo, Miguel \u00c1ngel Silvestre y Enric Auquer, dos hermanos proxenetas que persiguen a las tres mujeres y que en esta segunda temporada ser\u00e1n perseguidos por ellas.<\/p>\n<p><iframe loading=\"lazy\" width=\"560\" height=\"315\" src=\"https:\/\/www.youtube.com\/embed\/ARAjrJckHtM\" title=\"YouTube video player\" frameborder=\"0\" allow=\"accelerometer; autoplay; clipboard-write; encrypted-media; gyroscope; picture-in-picture\" allowfullscreen><\/iframe><\/p>\n","protected":false},"excerpt":{"rendered":"<p>Con la inquina por bandera y su significado de \u201chacer da\u00f1o a quien te lo hizo\u201d, Coral, Wendy y Gina continuar\u00e1n su viaje en la segunda temporada de \u201cSky Rojo\u201d (Netflix), pero pasar\u00e1n de huir a perseguir a los proxenetas que quer\u00edan acabar con ellas. Netflix ha desvelado este mi\u00e9rcoles el tr\u00e1iler oficial de la [&hellip;]<\/p>\n","protected":false},"author":1,"featured_media":90055,"comment_status":"closed","ping_status":"closed","sticky":false,"template":"","format":"standard","meta":{"_seopress_robots_primary_cat":"","_seopress_titles_title":"","_seopress_titles_desc":"","_seopress_robots_index":"","footnotes":""},"categories":[3],"tags":[32863,32864,32862],"class_list":{"0":"post-90054","1":"post","2":"type-post","3":"status-publish","4":"format-standard","5":"has-post-thumbnail","7":"category-cine-y-series","8":"tag-segunda-temporada-de-sky-rojo","9":"tag-sky-rojo-lali","10":"tag-trailer-de-la-nueva-temporada-de-sky-rojo"},"_links":{"self":[{"href":"https:\/\/www.cordobatimes.com\/showup\/wp-json\/wp\/v2\/posts\/90054","targetHints":{"allow":["GET"]}}],"collection":[{"href":"https:\/\/www.cordobatimes.com\/showup\/wp-json\/wp\/v2\/posts"}],"about":[{"href":"https:\/\/www.cordobatimes.com\/showup\/wp-json\/wp\/v2\/types\/post"}],"author":[{"embeddable":true,"href":"https:\/\/www.cordobatimes.com\/showup\/wp-json\/wp\/v2\/users\/1"}],"replies":[{"embeddable":true,"href":"https:\/\/www.cordobatimes.com\/showup\/wp-json\/wp\/v2\/comments?post=90054"}],"version-history":[{"count":0,"href":"https:\/\/www.cordobatimes.com\/showup\/wp-json\/wp\/v2\/posts\/90054\/revisions"}],"wp:featuredmedia":[{"embeddable":true,"href":"https:\/\/www.cordobatimes.com\/showup\/wp-json\/wp\/v2\/media\/90055"}],"wp:attachment":[{"href":"https:\/\/www.cordobatimes.com\/showup\/wp-json\/wp\/v2\/media?parent=90054"}],"wp:term":[{"taxonomy":"category","embeddable":true,"href":"https:\/\/www.cordobatimes.com\/showup\/wp-json\/wp\/v2\/categories?post=90054"},{"taxonomy":"post_tag","embeddable":true,"href":"https:\/\/www.cordobatimes.com\/showup\/wp-json\/wp\/v2\/tags?post=90054"}],"curies":[{"name":"wp","href":"https:\/\/api.w.org\/{rel}","templated":true}]}}