{"id":90027,"date":"2021-06-22T11:31:54","date_gmt":"2021-06-22T14:31:54","guid":{"rendered":"https:\/\/www.cordobatimes.com\/showup\/?p=90027"},"modified":"2021-06-22T11:31:54","modified_gmt":"2021-06-22T14:31:54","slug":"el-actor-que-acusa-a-diego-boneta-de-agredirlo-en-una-escena-de-la-serie-de-luis-miguel","status":"publish","type":"post","link":"https:\/\/www.cordobatimes.com\/showup\/famosos\/2021\/06\/22\/el-actor-que-acusa-a-diego-boneta-de-agredirlo-en-una-escena-de-la-serie-de-luis-miguel\/","title":{"rendered":"El actor que acusa a Diego Boneta de agredirlo en una escena de la serie de Luis Miguel"},"content":{"rendered":"<h3><strong>Mart\u00edn Bello interpret\u00f3 en la ficci\u00f3n a Tito, el t\u00edo del cantante, y sostuvo que a\u00fan sigue en tratamiento por las consecuencias f\u00edsicas de aquella pelea.<\/strong><\/h3>\n<p>El actor espa\u00f1ol\u00a0Mart\u00edn Bello\u00a0-que interpret\u00f3 a\u00a0Tito, el t\u00edo de Luis Miguel en la serie- acus\u00f3 a\u00a0Diego Boneta\u00a0-protagonista de la ficci\u00f3n al ponerse en la piel del cantante- de haberlo lastimado durante una escena de violencia\u00a0en la segunda temporada. Seg\u00fan detall\u00f3 este lunes en\u00a0Los \u00e1ngeles de la ma\u00f1ana, en el gui\u00f3n no estaba establecido que deb\u00eda haber golpes sino que fue un showrunner (autor\/productor) quien decidi\u00f3 incorporarlo minutos antes de que se filmara dicha escena.<\/p>\n<p><iframe loading=\"lazy\" title=\"YouTube video player\" src=\"https:\/\/www.youtube.com\/embed\/R9KBm-7HSrw\" width=\"560\" height=\"315\" frameborder=\"0\" allowfullscreen=\"allowfullscreen\"><\/iframe><\/p>\n<p>\u201cNadie me avis\u00f3 nada. Yo no di mi consentimiento para hacer una escena de esas caracter\u00edsticas. Por lo general, eso se pacta porque tiene que haber conexi\u00f3n (entre los actores) para que se trate bien, se marque, se haga de una manera correcta, como hicimos con (Oscar) Jaenada -el padre de Luis Miguel en la ficci\u00f3n- en la primer temporada\u201d, asegur\u00f3 Bello en una videollamada que realiz\u00f3 desde Madrid, en donde todav\u00eda est\u00e1 realizando tratamiento por las consecuencias f\u00edsicas que le quedaron de aquellos golpes.<\/p>\n<p>Luego, detall\u00f3 que al momento de filmar dicha escena, le hab\u00edan colocado una protecci\u00f3n en su espalda pero que, tras los golpes que recibi\u00f3 de Boneta, se le fueron \u201ccayendo\u201d. Y relat\u00f3 la escena, que cont\u00f3 con al menos 10 tomas para poder realizarse: \u201cYo noto que va fuerte, pero lo aguanto -comenz\u00f3-, pero empezamos a hacer tomas y en la primera me rompi\u00f3 una cadena que era de mi mam\u00e1, que hab\u00eda muerto unos meses antes. Ah\u00ed par\u00e9 y dije: \u2018me buscan la cadena y los anillos porque sino, no sigo\u2019. Vi que la cosa se pon\u00eda fea\u201d, advirti\u00f3 y se quej\u00f3 de que en las im\u00e1genes que finalmente salieron al aire no se llega a escuchar lo que \u00e9l dice -sobre lo que le sucedi\u00f3 a Marcela, la madre del cantante- porque Boneta \u201cgritaba de m\u00e1s\u201d.<\/p>\n<p>\u201c\u00bfQu\u00e9 golpes recibiste de m\u00e1s?\u201d, pregunt\u00f3 \u00c1ngel de Brito a Bello, que respondi\u00f3: \u201cTodos&#8230;\u201d. Y agreg\u00f3 que \u201clos bofetones en la cara fueron idea del showrunner\u201d. \u201cNo puede hacer eso\u201d, cuestion\u00f3 y detall\u00f3 que despu\u00e9s de dicha escena le quedaron moretones en su pecho -\u201dporque (Boneta) no me agarr\u00f3 de la chaqueta sino de la piel\u201d- y que a\u00fan tiene secuelas de los otros golpes.<\/p>\n<p>Por su parte, indic\u00f3 que en determinado momento su colega lo empuj\u00f3 contra una pared y le lastim\u00f3 la cabeza, lo que le provoc\u00f3 una lesi\u00f3n en el cuello. \u201cEs la m\u00e1s grave. Todav\u00eda estoy con tratamiento. Y estoy luchando porque no me quede un dolor cr\u00f3nico, ni la falta de movimiento en el brazo\u201d, indic\u00f3 y asegur\u00f3 que las consecuencias de dicha escena fueron m\u00e1s serias \u201cde lo que esperaba\u201d.<\/p>\n<p>\u201cMe han llegado a dar colores de cabeza que se me quedaba media cara dormida. Me dio mucho miedo, me asust\u00e9 mucho. No sab\u00eda lo que estaba pasando\u201d, continu\u00f3 el actor que se encuentra en Espa\u00f1a desde que termin\u00f3 de grabar la serie. Tambi\u00e9n remarc\u00f3 que tiene copia de todos los an\u00e1lisis m\u00e9dicos que se hizo para poder demostrar su versi\u00f3n de los hechos en medio de un litigio judicial con la producci\u00f3n de la ficci\u00f3n.<\/p>\n<p>Cuando terminaron de grabar dicha escena, Bello sostuvo que Boneta -que tambi\u00e9n es productor de la serie- le pregunt\u00f3: \u201c\u00bfQued\u00f3 m\u00e1s violenta esta que la que hiciste con Jaenada?\u201d. Y que m\u00e1s tarde, cuando supo que su colega hab\u00eda sufrido lesiones lo llam\u00f3 para disculparse y lo invit\u00f3 a comer, pero jam\u00e1s se encontraron y nunca m\u00e1s se volvi\u00f3 a comunicar.<\/p>\n<p>Por otro lado, Mart\u00edn Bello asegur\u00f3 que la producci\u00f3n de la serie le hab\u00eda dicho que ser\u00eda parte de la tercera temporada pero que, luego de aquella escena de violencia, no volvieron a convocarlo ni a ponerse en contacto con \u00e9l.<\/p>\n<p>Y agreg\u00f3 que cuando \u00e9l inici\u00f3 el proceso legal de mostrar los informes m\u00e9dicos la producci\u00f3n intent\u00f3 \u201chacerse cargo de la situaci\u00f3n\u201d ofreci\u00e9ndole \u201cdinero en la mano\u201d. \u201cTambi\u00e9n quer\u00eda que firmara un contrato en el que dec\u00eda que no pod\u00eda reclamara nada\u201d.<\/p>\n<p><iframe loading=\"lazy\" title=\"YouTube video player\" src=\"https:\/\/www.youtube.com\/embed\/HdwXWUPSBo8\" width=\"560\" height=\"315\" frameborder=\"0\" allowfullscreen=\"allowfullscreen\"><\/iframe><\/p>\n","protected":false},"excerpt":{"rendered":"<p>Mart\u00edn Bello interpret\u00f3 en la ficci\u00f3n a Tito, el t\u00edo del cantante, y sostuvo que a\u00fan sigue en tratamiento por las consecuencias f\u00edsicas de aquella pelea. El actor espa\u00f1ol\u00a0Mart\u00edn Bello\u00a0-que interpret\u00f3 a\u00a0Tito, el t\u00edo de Luis Miguel en la serie- acus\u00f3 a\u00a0Diego Boneta\u00a0-protagonista de la ficci\u00f3n al ponerse en la piel del cantante- de haberlo [&hellip;]<\/p>\n","protected":false},"author":1,"featured_media":90028,"comment_status":"closed","ping_status":"closed","sticky":false,"template":"","format":"standard","meta":{"_seopress_robots_primary_cat":"","_seopress_titles_title":"","_seopress_titles_desc":"","_seopress_robots_index":"","footnotes":""},"categories":[4],"tags":[32847,32832,32848],"class_list":{"0":"post-90027","1":"post","2":"type-post","3":"status-publish","4":"format-standard","5":"has-post-thumbnail","7":"category-famosos","8":"tag-actor-que-acusa-a-diego-boneta-de-agredirlo","9":"tag-diego-boneta-luis-miguel-la-serie","10":"tag-diego-boneta-y-martin-bello"},"_links":{"self":[{"href":"https:\/\/www.cordobatimes.com\/showup\/wp-json\/wp\/v2\/posts\/90027","targetHints":{"allow":["GET"]}}],"collection":[{"href":"https:\/\/www.cordobatimes.com\/showup\/wp-json\/wp\/v2\/posts"}],"about":[{"href":"https:\/\/www.cordobatimes.com\/showup\/wp-json\/wp\/v2\/types\/post"}],"author":[{"embeddable":true,"href":"https:\/\/www.cordobatimes.com\/showup\/wp-json\/wp\/v2\/users\/1"}],"replies":[{"embeddable":true,"href":"https:\/\/www.cordobatimes.com\/showup\/wp-json\/wp\/v2\/comments?post=90027"}],"version-history":[{"count":0,"href":"https:\/\/www.cordobatimes.com\/showup\/wp-json\/wp\/v2\/posts\/90027\/revisions"}],"wp:featuredmedia":[{"embeddable":true,"href":"https:\/\/www.cordobatimes.com\/showup\/wp-json\/wp\/v2\/media\/90028"}],"wp:attachment":[{"href":"https:\/\/www.cordobatimes.com\/showup\/wp-json\/wp\/v2\/media?parent=90027"}],"wp:term":[{"taxonomy":"category","embeddable":true,"href":"https:\/\/www.cordobatimes.com\/showup\/wp-json\/wp\/v2\/categories?post=90027"},{"taxonomy":"post_tag","embeddable":true,"href":"https:\/\/www.cordobatimes.com\/showup\/wp-json\/wp\/v2\/tags?post=90027"}],"curies":[{"name":"wp","href":"https:\/\/api.w.org\/{rel}","templated":true}]}}