{"id":89970,"date":"2021-05-31T17:34:43","date_gmt":"2021-05-31T20:34:43","guid":{"rendered":"https:\/\/www.cordobatimes.com\/showup\/?p=89970"},"modified":"2021-05-31T17:34:43","modified_gmt":"2021-05-31T20:34:43","slug":"las-tendencias-de-moda-en-europa","status":"publish","type":"post","link":"https:\/\/www.cordobatimes.com\/showup\/moda-y-estilos\/2021\/05\/31\/las-tendencias-de-moda-en-europa\/","title":{"rendered":"Las tendencias de moda en Europa"},"content":{"rendered":"<h3><strong>Propuestas de la pr\u00f3xima temporada que ya est\u00e1n siendo protagonistas en el verano europeo.<\/strong><\/h3>\n<p>Giorgio Armani \u00a0ha sido, es y ser\u00e1 el\u00a0mayor exponente de la moda m\u00e1s elegante.\u00a0Para el pr\u00f3ximo verano 2021\/2022 prepara una colecci\u00f3n con\u00a0dise\u00f1os contempor\u00e1neos\u00a0que nos inspiran para lograr una silueta actual y cosmopolita.<\/p>\n<p><img alt=\"\" loading=\"lazy\" decoding=\"async\" class=\"alignnone wp-image-89972 size-full\" src=\"https:\/\/www.cordobatimes.com\/showup\/wp-content\/uploads\/2021\/05\/9-767x1024-1.jpg\" alt=\"\" width=\"767\" height=\"1024\" srcset=\"https:\/\/www.cordobatimes.com\/showup\/wp-content\/uploads\/2021\/05\/9-767x1024-1.jpg 767w, https:\/\/www.cordobatimes.com\/showup\/wp-content\/uploads\/2021\/05\/9-767x1024-1-315x420.jpg 315w, https:\/\/www.cordobatimes.com\/showup\/wp-content\/uploads\/2021\/05\/9-767x1024-1-696x929.jpg 696w\" sizes=\"auto, (max-width: 767px) 100vw, 767px\" \/><\/p>\n<p>Sin olvidar su tradici\u00f3n italiana, cre\u00f3 piezas exclusivas de una\u00a0exquisita delicadeza femenina\u00a0donde tuvo una fuerte apuesta en\u00a0prendas vers\u00e1tiles y atemporales.<\/p>\n<p><img alt=\"\" loading=\"lazy\" decoding=\"async\" class=\"alignnone wp-image-89971 size-full\" src=\"https:\/\/www.cordobatimes.com\/showup\/wp-content\/uploads\/2021\/05\/03.jpg\" alt=\"\" width=\"767\" height=\"1024\" srcset=\"https:\/\/www.cordobatimes.com\/showup\/wp-content\/uploads\/2021\/05\/03.jpg 767w, https:\/\/www.cordobatimes.com\/showup\/wp-content\/uploads\/2021\/05\/03-315x420.jpg 315w, https:\/\/www.cordobatimes.com\/showup\/wp-content\/uploads\/2021\/05\/03-696x929.jpg 696w\" sizes=\"auto, (max-width: 767px) 100vw, 767px\" \/><\/p>\n<p><img alt=\"\" loading=\"lazy\" decoding=\"async\" class=\"alignnone wp-image-89973 size-full\" src=\"https:\/\/www.cordobatimes.com\/showup\/wp-content\/uploads\/2021\/05\/11-767x1024-1.jpg\" alt=\"\" width=\"767\" height=\"1024\" srcset=\"https:\/\/www.cordobatimes.com\/showup\/wp-content\/uploads\/2021\/05\/11-767x1024-1.jpg 767w, https:\/\/www.cordobatimes.com\/showup\/wp-content\/uploads\/2021\/05\/11-767x1024-1-315x420.jpg 315w, https:\/\/www.cordobatimes.com\/showup\/wp-content\/uploads\/2021\/05\/11-767x1024-1-696x929.jpg 696w\" sizes=\"auto, (max-width: 767px) 100vw, 767px\" \/> <img alt=\"\" loading=\"lazy\" decoding=\"async\" class=\"alignnone wp-image-89974 size-full\" src=\"https:\/\/www.cordobatimes.com\/showup\/wp-content\/uploads\/2021\/05\/ARMANI-2-767x1024-1.jpg\" alt=\"\" width=\"767\" height=\"1024\" srcset=\"https:\/\/www.cordobatimes.com\/showup\/wp-content\/uploads\/2021\/05\/ARMANI-2-767x1024-1.jpg 767w, https:\/\/www.cordobatimes.com\/showup\/wp-content\/uploads\/2021\/05\/ARMANI-2-767x1024-1-315x420.jpg 315w, https:\/\/www.cordobatimes.com\/showup\/wp-content\/uploads\/2021\/05\/ARMANI-2-767x1024-1-696x929.jpg 696w\" sizes=\"auto, (max-width: 767px) 100vw, 767px\" \/> <img alt=\"\" loading=\"lazy\" decoding=\"async\" class=\"alignnone wp-image-89975 size-full\" src=\"https:\/\/www.cordobatimes.com\/showup\/wp-content\/uploads\/2021\/05\/ARMANI-3-767x1024-1.jpg\" alt=\"\" width=\"767\" height=\"1024\" srcset=\"https:\/\/www.cordobatimes.com\/showup\/wp-content\/uploads\/2021\/05\/ARMANI-3-767x1024-1.jpg 767w, https:\/\/www.cordobatimes.com\/showup\/wp-content\/uploads\/2021\/05\/ARMANI-3-767x1024-1-315x420.jpg 315w, https:\/\/www.cordobatimes.com\/showup\/wp-content\/uploads\/2021\/05\/ARMANI-3-767x1024-1-696x929.jpg 696w\" sizes=\"auto, (max-width: 767px) 100vw, 767px\" \/><\/p>\n<p>Los vestidos se convierten en la perfecta elecci\u00f3n para la noche y deslumbran con delicados estampados.<\/p>\n<p><img alt=\"\" loading=\"lazy\" decoding=\"async\" class=\"alignnone wp-image-89976 size-full\" src=\"https:\/\/www.cordobatimes.com\/showup\/wp-content\/uploads\/2021\/05\/ARMANI-4-767x1024-1.jpg\" alt=\"\" width=\"767\" height=\"1024\" srcset=\"https:\/\/www.cordobatimes.com\/showup\/wp-content\/uploads\/2021\/05\/ARMANI-4-767x1024-1.jpg 767w, https:\/\/www.cordobatimes.com\/showup\/wp-content\/uploads\/2021\/05\/ARMANI-4-767x1024-1-315x420.jpg 315w, https:\/\/www.cordobatimes.com\/showup\/wp-content\/uploads\/2021\/05\/ARMANI-4-767x1024-1-696x929.jpg 696w\" sizes=\"auto, (max-width: 767px) 100vw, 767px\" \/> <img alt=\"\" loading=\"lazy\" decoding=\"async\" class=\"alignnone wp-image-89977 size-full\" src=\"https:\/\/www.cordobatimes.com\/showup\/wp-content\/uploads\/2021\/05\/ARMANI-5-767x1024-1.jpg\" alt=\"\" width=\"767\" height=\"1024\" srcset=\"https:\/\/www.cordobatimes.com\/showup\/wp-content\/uploads\/2021\/05\/ARMANI-5-767x1024-1.jpg 767w, https:\/\/www.cordobatimes.com\/showup\/wp-content\/uploads\/2021\/05\/ARMANI-5-767x1024-1-315x420.jpg 315w, https:\/\/www.cordobatimes.com\/showup\/wp-content\/uploads\/2021\/05\/ARMANI-5-767x1024-1-696x929.jpg 696w\" sizes=\"auto, (max-width: 767px) 100vw, 767px\" \/> <img alt=\"\" loading=\"lazy\" decoding=\"async\" class=\"alignnone wp-image-89978 size-full\" src=\"https:\/\/www.cordobatimes.com\/showup\/wp-content\/uploads\/2021\/05\/ARMANI-14-767x1024-1.jpg\" alt=\"\" width=\"767\" height=\"1024\" srcset=\"https:\/\/www.cordobatimes.com\/showup\/wp-content\/uploads\/2021\/05\/ARMANI-14-767x1024-1.jpg 767w, https:\/\/www.cordobatimes.com\/showup\/wp-content\/uploads\/2021\/05\/ARMANI-14-767x1024-1-315x420.jpg 315w, https:\/\/www.cordobatimes.com\/showup\/wp-content\/uploads\/2021\/05\/ARMANI-14-767x1024-1-696x929.jpg 696w\" sizes=\"auto, (max-width: 767px) 100vw, 767px\" \/><\/p>\n<p><img alt=\"\" loading=\"lazy\" decoding=\"async\" class=\"alignnone wp-image-89980 size-full\" src=\"https:\/\/www.cordobatimes.com\/showup\/wp-content\/uploads\/2021\/05\/ARMANI-7-767x1024-1.jpg\" alt=\"\" width=\"767\" height=\"1024\" srcset=\"https:\/\/www.cordobatimes.com\/showup\/wp-content\/uploads\/2021\/05\/ARMANI-7-767x1024-1.jpg 767w, https:\/\/www.cordobatimes.com\/showup\/wp-content\/uploads\/2021\/05\/ARMANI-7-767x1024-1-315x420.jpg 315w, https:\/\/www.cordobatimes.com\/showup\/wp-content\/uploads\/2021\/05\/ARMANI-7-767x1024-1-696x929.jpg 696w\" sizes=\"auto, (max-width: 767px) 100vw, 767px\" \/><\/p>\n<p>La paleta de colores va desde\u00a0delicados tonos verdes, celeste pastel, azules y negros\u00a0que conviven en perfecta armon\u00eda logrando una figura distinguida y s\u00faper chic.<\/p>\n<p><img alt=\"\" loading=\"lazy\" decoding=\"async\" class=\"alignnone wp-image-89981 size-full\" src=\"https:\/\/www.cordobatimes.com\/showup\/wp-content\/uploads\/2021\/05\/ARMANI-11-767x1024-1.jpg\" alt=\"\" width=\"767\" height=\"1024\" srcset=\"https:\/\/www.cordobatimes.com\/showup\/wp-content\/uploads\/2021\/05\/ARMANI-11-767x1024-1.jpg 767w, https:\/\/www.cordobatimes.com\/showup\/wp-content\/uploads\/2021\/05\/ARMANI-11-767x1024-1-315x420.jpg 315w, https:\/\/www.cordobatimes.com\/showup\/wp-content\/uploads\/2021\/05\/ARMANI-11-767x1024-1-696x929.jpg 696w\" sizes=\"auto, (max-width: 767px) 100vw, 767px\" \/> <img alt=\"\" loading=\"lazy\" decoding=\"async\" class=\"alignnone wp-image-89982 size-full\" src=\"https:\/\/www.cordobatimes.com\/showup\/wp-content\/uploads\/2021\/05\/ARMANI-12-767x1024-1.jpg\" alt=\"\" width=\"767\" height=\"1024\" srcset=\"https:\/\/www.cordobatimes.com\/showup\/wp-content\/uploads\/2021\/05\/ARMANI-12-767x1024-1.jpg 767w, https:\/\/www.cordobatimes.com\/showup\/wp-content\/uploads\/2021\/05\/ARMANI-12-767x1024-1-315x420.jpg 315w, https:\/\/www.cordobatimes.com\/showup\/wp-content\/uploads\/2021\/05\/ARMANI-12-767x1024-1-696x929.jpg 696w\" sizes=\"auto, (max-width: 767px) 100vw, 767px\" \/> <img alt=\"\" loading=\"lazy\" decoding=\"async\" class=\"alignnone wp-image-89983 size-full\" src=\"https:\/\/www.cordobatimes.com\/showup\/wp-content\/uploads\/2021\/05\/ARMANI-13-767x1024-1.jpg\" alt=\"\" width=\"767\" height=\"1024\" srcset=\"https:\/\/www.cordobatimes.com\/showup\/wp-content\/uploads\/2021\/05\/ARMANI-13-767x1024-1.jpg 767w, https:\/\/www.cordobatimes.com\/showup\/wp-content\/uploads\/2021\/05\/ARMANI-13-767x1024-1-315x420.jpg 315w, https:\/\/www.cordobatimes.com\/showup\/wp-content\/uploads\/2021\/05\/ARMANI-13-767x1024-1-696x929.jpg 696w\" sizes=\"auto, (max-width: 767px) 100vw, 767px\" \/> <img alt=\"\" loading=\"lazy\" decoding=\"async\" class=\"alignnone wp-image-89984 size-full\" src=\"https:\/\/www.cordobatimes.com\/showup\/wp-content\/uploads\/2021\/05\/ARMANI-16-767x1024-1.jpg\" alt=\"\" width=\"767\" height=\"1024\" srcset=\"https:\/\/www.cordobatimes.com\/showup\/wp-content\/uploads\/2021\/05\/ARMANI-16-767x1024-1.jpg 767w, https:\/\/www.cordobatimes.com\/showup\/wp-content\/uploads\/2021\/05\/ARMANI-16-767x1024-1-315x420.jpg 315w, https:\/\/www.cordobatimes.com\/showup\/wp-content\/uploads\/2021\/05\/ARMANI-16-767x1024-1-696x929.jpg 696w\" sizes=\"auto, (max-width: 767px) 100vw, 767px\" \/><\/p>\n<p>&nbsp;<\/p>\n<p>Una vez m\u00e1s, esta colecci\u00f3n puso al gran dise\u00f1ador italiano en el centro de la excelencia donde supo mantener intacto el ADN de la etiqueta y le aport\u00f3\u00a0altas dosis de modernidad y fluidez a toda su propuesta estival.<\/p>\n<p><img alt=\"\" loading=\"lazy\" decoding=\"async\" class=\"alignnone wp-image-89985 size-full\" src=\"https:\/\/www.cordobatimes.com\/showup\/wp-content\/uploads\/2021\/05\/ARMANI-25-767x1024-1.jpg\" alt=\"\" width=\"767\" height=\"1024\" srcset=\"https:\/\/www.cordobatimes.com\/showup\/wp-content\/uploads\/2021\/05\/ARMANI-25-767x1024-1.jpg 767w, https:\/\/www.cordobatimes.com\/showup\/wp-content\/uploads\/2021\/05\/ARMANI-25-767x1024-1-315x420.jpg 315w, https:\/\/www.cordobatimes.com\/showup\/wp-content\/uploads\/2021\/05\/ARMANI-25-767x1024-1-696x929.jpg 696w\" sizes=\"auto, (max-width: 767px) 100vw, 767px\" \/> <img alt=\"\" loading=\"lazy\" decoding=\"async\" class=\"alignnone wp-image-89986 size-full\" src=\"https:\/\/www.cordobatimes.com\/showup\/wp-content\/uploads\/2021\/05\/ARMANI-1-767x1024-1.jpg\" alt=\"\" width=\"767\" height=\"1024\" srcset=\"https:\/\/www.cordobatimes.com\/showup\/wp-content\/uploads\/2021\/05\/ARMANI-1-767x1024-1.jpg 767w, https:\/\/www.cordobatimes.com\/showup\/wp-content\/uploads\/2021\/05\/ARMANI-1-767x1024-1-315x420.jpg 315w, https:\/\/www.cordobatimes.com\/showup\/wp-content\/uploads\/2021\/05\/ARMANI-1-767x1024-1-696x929.jpg 696w\" sizes=\"auto, (max-width: 767px) 100vw, 767px\" \/> <img alt=\"\" loading=\"lazy\" decoding=\"async\" class=\"alignnone wp-image-89987 size-full\" src=\"https:\/\/www.cordobatimes.com\/showup\/wp-content\/uploads\/2021\/05\/ARMANI-22-767x1024-1.jpg\" alt=\"\" width=\"767\" height=\"1024\" srcset=\"https:\/\/www.cordobatimes.com\/showup\/wp-content\/uploads\/2021\/05\/ARMANI-22-767x1024-1.jpg 767w, https:\/\/www.cordobatimes.com\/showup\/wp-content\/uploads\/2021\/05\/ARMANI-22-767x1024-1-315x420.jpg 315w, https:\/\/www.cordobatimes.com\/showup\/wp-content\/uploads\/2021\/05\/ARMANI-22-767x1024-1-696x929.jpg 696w\" sizes=\"auto, (max-width: 767px) 100vw, 767px\" \/> <img alt=\"\" loading=\"lazy\" decoding=\"async\" class=\"alignnone wp-image-89988 size-full\" src=\"https:\/\/www.cordobatimes.com\/showup\/wp-content\/uploads\/2021\/05\/ARMANI-23-767x1024-1.jpg\" alt=\"\" width=\"767\" height=\"1024\" srcset=\"https:\/\/www.cordobatimes.com\/showup\/wp-content\/uploads\/2021\/05\/ARMANI-23-767x1024-1.jpg 767w, https:\/\/www.cordobatimes.com\/showup\/wp-content\/uploads\/2021\/05\/ARMANI-23-767x1024-1-315x420.jpg 315w, https:\/\/www.cordobatimes.com\/showup\/wp-content\/uploads\/2021\/05\/ARMANI-23-767x1024-1-696x929.jpg 696w\" sizes=\"auto, (max-width: 767px) 100vw, 767px\" \/><\/p>\n<p>Los\u00a0pantalones son los grandes protagonistas\u00a0donde juegan con la silueta en diferentes formas y texturas logrando looks ideales para un d\u00eda de trabajo o una salida nocturna.<\/p>\n<p><img alt=\"\" loading=\"lazy\" decoding=\"async\" class=\"alignnone wp-image-89989 size-full\" src=\"https:\/\/www.cordobatimes.com\/showup\/wp-content\/uploads\/2021\/05\/ARMANI-15-767x1024-1.jpg\" alt=\"\" width=\"767\" height=\"1024\" srcset=\"https:\/\/www.cordobatimes.com\/showup\/wp-content\/uploads\/2021\/05\/ARMANI-15-767x1024-1.jpg 767w, https:\/\/www.cordobatimes.com\/showup\/wp-content\/uploads\/2021\/05\/ARMANI-15-767x1024-1-315x420.jpg 315w, https:\/\/www.cordobatimes.com\/showup\/wp-content\/uploads\/2021\/05\/ARMANI-15-767x1024-1-696x929.jpg 696w\" sizes=\"auto, (max-width: 767px) 100vw, 767px\" \/> <img alt=\"\" loading=\"lazy\" decoding=\"async\" class=\"alignnone wp-image-89990 size-full\" src=\"https:\/\/www.cordobatimes.com\/showup\/wp-content\/uploads\/2021\/05\/ARMANI-16-767x1024-2.jpg\" alt=\"\" width=\"767\" height=\"1024\" srcset=\"https:\/\/www.cordobatimes.com\/showup\/wp-content\/uploads\/2021\/05\/ARMANI-16-767x1024-2.jpg 767w, https:\/\/www.cordobatimes.com\/showup\/wp-content\/uploads\/2021\/05\/ARMANI-16-767x1024-2-315x420.jpg 315w, https:\/\/www.cordobatimes.com\/showup\/wp-content\/uploads\/2021\/05\/ARMANI-16-767x1024-2-696x929.jpg 696w\" sizes=\"auto, (max-width: 767px) 100vw, 767px\" \/> <img alt=\"\" loading=\"lazy\" decoding=\"async\" class=\"alignnone wp-image-89991 size-full\" src=\"https:\/\/www.cordobatimes.com\/showup\/wp-content\/uploads\/2021\/05\/ARMANI-17-767x1024-1.jpg\" alt=\"\" width=\"767\" height=\"1024\" srcset=\"https:\/\/www.cordobatimes.com\/showup\/wp-content\/uploads\/2021\/05\/ARMANI-17-767x1024-1.jpg 767w, https:\/\/www.cordobatimes.com\/showup\/wp-content\/uploads\/2021\/05\/ARMANI-17-767x1024-1-315x420.jpg 315w, https:\/\/www.cordobatimes.com\/showup\/wp-content\/uploads\/2021\/05\/ARMANI-17-767x1024-1-696x929.jpg 696w\" sizes=\"auto, (max-width: 767px) 100vw, 767px\" \/> <img alt=\"\" loading=\"lazy\" decoding=\"async\" class=\"alignnone wp-image-89992 size-full\" src=\"https:\/\/www.cordobatimes.com\/showup\/wp-content\/uploads\/2021\/05\/ARMANI-18-767x1024-1.jpg\" alt=\"\" width=\"767\" height=\"1024\" srcset=\"https:\/\/www.cordobatimes.com\/showup\/wp-content\/uploads\/2021\/05\/ARMANI-18-767x1024-1.jpg 767w, https:\/\/www.cordobatimes.com\/showup\/wp-content\/uploads\/2021\/05\/ARMANI-18-767x1024-1-315x420.jpg 315w, https:\/\/www.cordobatimes.com\/showup\/wp-content\/uploads\/2021\/05\/ARMANI-18-767x1024-1-696x929.jpg 696w\" sizes=\"auto, (max-width: 767px) 100vw, 767px\" \/><\/p>\n<p>&nbsp;<\/p>\n","protected":false},"excerpt":{"rendered":"<p>Propuestas de la pr\u00f3xima temporada que ya est\u00e1n siendo protagonistas en el verano europeo. Giorgio Armani \u00a0ha sido, es y ser\u00e1 el\u00a0mayor exponente de la moda m\u00e1s elegante.\u00a0Para el pr\u00f3ximo verano 2021\/2022 prepara una colecci\u00f3n con\u00a0dise\u00f1os contempor\u00e1neos\u00a0que nos inspiran para lograr una silueta actual y cosmopolita. Sin olvidar su tradici\u00f3n italiana, cre\u00f3 piezas exclusivas de [&hellip;]<\/p>\n","protected":false},"author":1,"featured_media":89971,"comment_status":"closed","ping_status":"closed","sticky":false,"template":"","format":"standard","meta":{"_seopress_robots_primary_cat":"","_seopress_titles_title":"","_seopress_titles_desc":"","_seopress_robots_index":"","footnotes":""},"categories":[228],"tags":[32208,32207,32824],"class_list":{"0":"post-89970","1":"post","2":"type-post","3":"status-publish","4":"format-standard","5":"has-post-thumbnail","7":"category-moda-y-estilos","8":"tag-moda-2021","9":"tag-tendencias-de-moda-2021","10":"tag-tendencias-de-moda-europea"},"_links":{"self":[{"href":"https:\/\/www.cordobatimes.com\/showup\/wp-json\/wp\/v2\/posts\/89970","targetHints":{"allow":["GET"]}}],"collection":[{"href":"https:\/\/www.cordobatimes.com\/showup\/wp-json\/wp\/v2\/posts"}],"about":[{"href":"https:\/\/www.cordobatimes.com\/showup\/wp-json\/wp\/v2\/types\/post"}],"author":[{"embeddable":true,"href":"https:\/\/www.cordobatimes.com\/showup\/wp-json\/wp\/v2\/users\/1"}],"replies":[{"embeddable":true,"href":"https:\/\/www.cordobatimes.com\/showup\/wp-json\/wp\/v2\/comments?post=89970"}],"version-history":[{"count":0,"href":"https:\/\/www.cordobatimes.com\/showup\/wp-json\/wp\/v2\/posts\/89970\/revisions"}],"wp:featuredmedia":[{"embeddable":true,"href":"https:\/\/www.cordobatimes.com\/showup\/wp-json\/wp\/v2\/media\/89971"}],"wp:attachment":[{"href":"https:\/\/www.cordobatimes.com\/showup\/wp-json\/wp\/v2\/media?parent=89970"}],"wp:term":[{"taxonomy":"category","embeddable":true,"href":"https:\/\/www.cordobatimes.com\/showup\/wp-json\/wp\/v2\/categories?post=89970"},{"taxonomy":"post_tag","embeddable":true,"href":"https:\/\/www.cordobatimes.com\/showup\/wp-json\/wp\/v2\/tags?post=89970"}],"curies":[{"name":"wp","href":"https:\/\/api.w.org\/{rel}","templated":true}]}}