{"id":89941,"date":"2021-05-29T12:42:57","date_gmt":"2021-05-29T15:42:57","guid":{"rendered":"https:\/\/www.cordobatimes.com\/showup\/?p=89941"},"modified":"2021-05-29T12:42:57","modified_gmt":"2021-05-29T15:42:57","slug":"se-estreno-cruella-con-emma-stone","status":"publish","type":"post","link":"https:\/\/www.cordobatimes.com\/showup\/cine-y-series\/2021\/05\/29\/se-estreno-cruella-con-emma-stone\/","title":{"rendered":"Se estreno Cruella, con Emma Stone"},"content":{"rendered":"<h3><strong>La pel\u00edcula est\u00e1 disponible desde este viernes en Disney+, con la ganadora del Oscar en una de sus mejores interpretaciones.\u00a0<\/strong><\/h3>\n<p>El origen del mal se ubica en la d\u00e9cada del 70 en Londres, escenario de la revoluci\u00f3n punk.\u00a0Estella\u00a0es brillante, creativa e inteligente. Y algo m\u00e1s: estafadora. Sue\u00f1a con destacarse en el mundo de la alta costura, pero se rodea de un par de ladrones \u00e1vidos de su esp\u00edritu intr\u00e9pido y aventurero. Su vida cambiar\u00e1 el d\u00eda que conozca a la\u00a0Baronesa von Hellman, elegante y a la vez devastadora y s\u00e1dica, una leyenda de la moda que quedar\u00e1 cautivada por el talento de esa jovencita. El v\u00ednculo entre ellas y los acontecimientos que a partir de all\u00ed ir\u00e1n surgiendo\u00a0despertar\u00e1n en\u00a0Estella\u00a0su lado perverso, convirti\u00e9ndose en\u00a0Cruella de Vil, disonante, vanguardista y sedienta de venganza.<\/p>\n<p><img alt=\"\" loading=\"lazy\" decoding=\"async\" class=\"alignnone size-medium wp-image-89943\" src=\"https:\/\/www.cordobatimes.com\/showup\/wp-content\/uploads\/2021\/05\/Se-estreno-Cruella-con-Emma-Stone-1-750x420.jpg\" alt=\"\" width=\"750\" height=\"420\" srcset=\"https:\/\/www.cordobatimes.com\/showup\/wp-content\/uploads\/2021\/05\/Se-estreno-Cruella-con-Emma-Stone-1-750x420.jpg 750w, https:\/\/www.cordobatimes.com\/showup\/wp-content\/uploads\/2021\/05\/Se-estreno-Cruella-con-Emma-Stone-1-752x420.jpg 752w, https:\/\/www.cordobatimes.com\/showup\/wp-content\/uploads\/2021\/05\/Se-estreno-Cruella-con-Emma-Stone-1-768x429.jpg 768w, https:\/\/www.cordobatimes.com\/showup\/wp-content\/uploads\/2021\/05\/Se-estreno-Cruella-con-Emma-Stone-1-696x389.jpg 696w, https:\/\/www.cordobatimes.com\/showup\/wp-content\/uploads\/2021\/05\/Se-estreno-Cruella-con-Emma-Stone-1.jpg 841w\" sizes=\"auto, (max-width: 750px) 100vw, 750px\" \/><\/p>\n<p>Ese es apenas el comienzo de\u00a0Cruella, la nueva pel\u00edcula de los estudios\u00a0Disney\u00a0que se estrena este viernes en su plataforma (Disney+) y est\u00e1 protagonizada, bajo la direcci\u00f3n del australiano\u00a0Craig Gillespie\u00a0(Yo soy Tonya), por dos actrices que ya supieron levantar su propia estatuilla en los premios\u00a0Oscar:\u00a0Emma Stone\u00a0como\u00a0Estella\u00a0(y\u00a0Cruella, claro)\u00a0y\u00a0Emma Thompson\u00a0en la piel de\u00a0von Hellman. El contrapunto entre ambas paga por s\u00ed mismo el precio de cualquier entrada de cine.<\/p>\n<p><iframe loading=\"lazy\" width=\"560\" height=\"315\" src=\"https:\/\/www.youtube.com\/embed\/gmRKv7n2If8\" title=\"YouTube video player\" frameborder=\"0\" allow=\"accelerometer; autoplay; clipboard-write; encrypted-media; gyroscope; picture-in-picture\" allowfullscreen><\/iframe><\/p>\n<p>\u201cVieron algo maligno y terrible en m\u00ed. Y lo agradezco\u201d, se sincer\u00f3 Stone en un di\u00e1logo con Efe sobre la convocatoria de Disney, que la tuvo como \u00fanica elecci\u00f3n posible para Cruella, que en 1961 lleg\u00f3 a las salas con ese cl\u00e1sico de los dibujos animados llamado 101 d\u00e1lmatas, basado en la novela hom\u00f3nima de la brit\u00e1nica Dodie Smith, publicada en 1956. De esa forma Disney alumbraba una malvada que terminar\u00eda siendo ic\u00f3nica, dejando en el imaginario colectivo una villana y no una hero\u00edna.<\/p>\n<p>Luego del \u00e9xito de la Mal\u00e9fica de Angelina Jolie (2014), la productora decidi\u00f3 ofrecer otra reversi\u00f3n de sus cl\u00e1sicos animados, sumergi\u00e9ndose esta vez en los inicios de una de las antagonistas m\u00e1s renombradas. Existe en Cruella la capacidad de generar una empat\u00eda con el espectador incluso mayor al rechazo que provoca. \u201cSon una catarsis para el p\u00fablico\u201d, considera Emma sobre esta clase de personajes. \u201cSiempre nos ha interesado conocer qu\u00e9 es lo que lleva a una persona a vivir en su lado m\u00e1s oscuro -agrega-, habitar en esas partes que uno oculta o que llega a pensar pero que resultan demasiado crueles o socialmente inaceptables\u201d.<\/p>\n<p>Stone, de 32 a\u00f1os, sabe que hereda un papel interpretado de manera magistral por Gleen Close en la versi\u00f3n de 101 d\u00e1lmatas de 1996. \u201cElla es la mejor Cruella del cine\u201d, reconoce. No obstante, Emma busc\u00f3 en las p\u00e1ginas de Dodie Smith las herramientas necesarias para su interpretaci\u00f3n. \u201cEn el libro es mala, pero de verdad. Pone pimienta en todas sus comidas y tiene fr\u00edo incluso sentada al lado de una hoguera. Me dio muchos detalles para aportar al personaje\u201d.<\/p>\n<p>Con una lograda ambientaci\u00f3n, la Cruella de Gillespie -que cuenta con la producci\u00f3n ejecutiva la propia Glenn Close- se destaca desde lo visual, con un maravilloso vestuario de la multipremiada Jenny Beavan, dos veces ganadora del Oscar. Los looks de la villana y el estilismo no pod\u00edan quedar afuera de esta pel\u00edcula que tambi\u00e9n promete mucha acci\u00f3n.<\/p>\n<p>Cruella se estrena hoy en Am\u00e9rica Latina en simult\u00e1neo en las salas de cine disponibles y en Disney+, a trav\u00e9s de Premier Access. El valor de Premier Access es de $1050 en Argentina y $329 en M\u00e9xico.<\/p>\n","protected":false},"excerpt":{"rendered":"<p>La pel\u00edcula est\u00e1 disponible desde este viernes en Disney+, con la ganadora del Oscar en una de sus mejores interpretaciones.\u00a0 El origen del mal se ubica en la d\u00e9cada del 70 en Londres, escenario de la revoluci\u00f3n punk.\u00a0Estella\u00a0es brillante, creativa e inteligente. Y algo m\u00e1s: estafadora. Sue\u00f1a con destacarse en el mundo de la alta [&hellip;]<\/p>\n","protected":false},"author":1,"featured_media":89942,"comment_status":"closed","ping_status":"closed","sticky":false,"template":"","format":"standard","meta":{"_seopress_robots_primary_cat":"","_seopress_titles_title":"","_seopress_titles_desc":"","_seopress_robots_index":"","footnotes":""},"categories":[3],"tags":[32810,32811],"class_list":{"0":"post-89941","1":"post","2":"type-post","3":"status-publish","4":"format-standard","5":"has-post-thumbnail","7":"category-cine-y-series","8":"tag-cruella-emma-stone","9":"tag-trailer-de-cruella"},"_links":{"self":[{"href":"https:\/\/www.cordobatimes.com\/showup\/wp-json\/wp\/v2\/posts\/89941","targetHints":{"allow":["GET"]}}],"collection":[{"href":"https:\/\/www.cordobatimes.com\/showup\/wp-json\/wp\/v2\/posts"}],"about":[{"href":"https:\/\/www.cordobatimes.com\/showup\/wp-json\/wp\/v2\/types\/post"}],"author":[{"embeddable":true,"href":"https:\/\/www.cordobatimes.com\/showup\/wp-json\/wp\/v2\/users\/1"}],"replies":[{"embeddable":true,"href":"https:\/\/www.cordobatimes.com\/showup\/wp-json\/wp\/v2\/comments?post=89941"}],"version-history":[{"count":0,"href":"https:\/\/www.cordobatimes.com\/showup\/wp-json\/wp\/v2\/posts\/89941\/revisions"}],"wp:featuredmedia":[{"embeddable":true,"href":"https:\/\/www.cordobatimes.com\/showup\/wp-json\/wp\/v2\/media\/89942"}],"wp:attachment":[{"href":"https:\/\/www.cordobatimes.com\/showup\/wp-json\/wp\/v2\/media?parent=89941"}],"wp:term":[{"taxonomy":"category","embeddable":true,"href":"https:\/\/www.cordobatimes.com\/showup\/wp-json\/wp\/v2\/categories?post=89941"},{"taxonomy":"post_tag","embeddable":true,"href":"https:\/\/www.cordobatimes.com\/showup\/wp-json\/wp\/v2\/tags?post=89941"}],"curies":[{"name":"wp","href":"https:\/\/api.w.org\/{rel}","templated":true}]}}