{"id":8993,"date":"2014-01-13T12:52:39","date_gmt":"2014-01-13T15:52:39","guid":{"rendered":"http:\/\/cordobatimes.com\/showup\/?p=8993"},"modified":"2023-12-03T19:21:21","modified_gmt":"2023-12-03T22:21:21","slug":"pampita-y-vicuna-enamoradisimos","status":"publish","type":"post","link":"https:\/\/www.cordobatimes.com\/showup\/famosos\/2014\/01\/13\/pampita-y-vicuna-enamoradisimos\/","title":{"rendered":"Pampita y Vicu\u00f1a enamoradis\u00edmos"},"content":{"rendered":"<h3 style=\"text-align: justify;\"><strong>La modelo y el actor chileno se encuentran en Punta del Este disfrutando de unas merecidas vacaciones tras un a\u00f1o de mucho trabajo.<\/strong><\/h3>\n<p style=\"text-align: justify;\">La pareja disfrutan al m\u00e1ximo los d\u00edas junto a sus dos peque\u00f1os hijos y tambi\u00e9n se hacen tiempo para aprovechar los momentos solos, mientras dejan a los ni\u00f1os al cuidado de su ni\u00f1era.<\/p>\n<p style=\"text-align: justify;\">Hoy por la ma\u00f1ana,\u00a0Pampita\u00a0comparti\u00f3 desde su cuenta de Twitter una postal donde se la ve abrazada a su gran amor:\u00a0Benjam\u00edn Vicu\u00f1a, junto al mensaje \u00abAmor m\u00edo\u00bb. R\u00e1pidamente, la imagen fue retuiteada por muchos de seguidores de la modelo y el actor.<\/p>\n<p style=\"text-align: center;\">\n","protected":false},"excerpt":{"rendered":"<p>La modelo y el actor chileno se encuentran en Punta del Este disfrutando de unas merecidas vacaciones tras un a\u00f1o de mucho trabajo. La pareja disfrutan al m\u00e1ximo los d\u00edas junto a sus dos peque\u00f1os hijos y tambi\u00e9n se hacen tiempo para aprovechar los momentos solos, mientras dejan a los ni\u00f1os al cuidado de su [&hellip;]<\/p>\n","protected":false},"author":9,"featured_media":8997,"comment_status":"closed","ping_status":"closed","sticky":false,"template":"","format":"standard","meta":{"_seopress_robots_primary_cat":"","_seopress_titles_title":"","_seopress_titles_desc":"","_seopress_robots_index":"","footnotes":""},"categories":[4],"tags":[25508,25507,25509],"class_list":{"0":"post-8993","1":"post","2":"type-post","3":"status-publish","4":"format-standard","5":"has-post-thumbnail","7":"category-famosos","8":"tag-fotos-de-pampita-y-benjamin-vicuna","9":"tag-pampita-y-benjamin-vicuna","10":"tag-pampita-y-benjamin-vicuna-matrimonio"},"_links":{"self":[{"href":"https:\/\/www.cordobatimes.com\/showup\/wp-json\/wp\/v2\/posts\/8993","targetHints":{"allow":["GET"]}}],"collection":[{"href":"https:\/\/www.cordobatimes.com\/showup\/wp-json\/wp\/v2\/posts"}],"about":[{"href":"https:\/\/www.cordobatimes.com\/showup\/wp-json\/wp\/v2\/types\/post"}],"author":[{"embeddable":true,"href":"https:\/\/www.cordobatimes.com\/showup\/wp-json\/wp\/v2\/users\/9"}],"replies":[{"embeddable":true,"href":"https:\/\/www.cordobatimes.com\/showup\/wp-json\/wp\/v2\/comments?post=8993"}],"version-history":[{"count":0,"href":"https:\/\/www.cordobatimes.com\/showup\/wp-json\/wp\/v2\/posts\/8993\/revisions"}],"wp:featuredmedia":[{"embeddable":true,"href":"https:\/\/www.cordobatimes.com\/showup\/wp-json\/wp\/v2\/media\/8997"}],"wp:attachment":[{"href":"https:\/\/www.cordobatimes.com\/showup\/wp-json\/wp\/v2\/media?parent=8993"}],"wp:term":[{"taxonomy":"category","embeddable":true,"href":"https:\/\/www.cordobatimes.com\/showup\/wp-json\/wp\/v2\/categories?post=8993"},{"taxonomy":"post_tag","embeddable":true,"href":"https:\/\/www.cordobatimes.com\/showup\/wp-json\/wp\/v2\/tags?post=8993"}],"curies":[{"name":"wp","href":"https:\/\/api.w.org\/{rel}","templated":true}]}}