{"id":89894,"date":"2021-04-26T11:56:01","date_gmt":"2021-04-26T14:56:01","guid":{"rendered":"https:\/\/www.cordobatimes.com\/showup\/?p=89894"},"modified":"2021-04-26T11:56:01","modified_gmt":"2021-04-26T14:56:01","slug":"todos-los-looks-de-la-alfombra-roja-de-los-premios-oscar","status":"publish","type":"post","link":"https:\/\/www.cordobatimes.com\/showup\/moda-y-estilos\/2021\/04\/26\/todos-los-looks-de-la-alfombra-roja-de-los-premios-oscar\/","title":{"rendered":"Todos los looks de la alfombra roja de los Premios Oscar"},"content":{"rendered":"<h3><strong>Las celebridades posaron en la red carpet m\u00e1s esperada.<\/strong><\/h3>\n<p>Vestida por una t\u00fanica que llev\u00f3 tres semanas confeccionar, Glenn Close eligi\u00f3 a su favorito, Armani Priv\u00e9. Una t\u00fanica en color azul bordada que combin\u00f3 con un pantal\u00f3n negro. Complet\u00f3 su look con guantes y stilettos en punta a tono<\/p>\n<p><img alt=\"\" loading=\"lazy\" decoding=\"async\" class=\"alignnone wp-image-89896 size-full\" src=\"https:\/\/www.cordobatimes.com\/showup\/wp-content\/uploads\/2021\/04\/01.jpg\" alt=\"\" width=\"768\" height=\"1152\" srcset=\"https:\/\/www.cordobatimes.com\/showup\/wp-content\/uploads\/2021\/04\/01.jpg 768w, https:\/\/www.cordobatimes.com\/showup\/wp-content\/uploads\/2021\/04\/01-280x420.jpg 280w, https:\/\/www.cordobatimes.com\/showup\/wp-content\/uploads\/2021\/04\/01-683x1024.jpg 683w, https:\/\/www.cordobatimes.com\/showup\/wp-content\/uploads\/2021\/04\/01-696x1044.jpg 696w\" sizes=\"auto, (max-width: 768px) 100vw, 768px\" \/><\/p>\n<p>Amanda Seyfried impact\u00f3 con su vestido firmado por Armani en color rojo. De tul, dise\u00f1o sirena, gran escote y falda princesa. Complet\u00f3 su look con pendientes, esclavas y para su beauty look cabello recogido y boca color bord\u00f3.<\/p>\n<p><img alt=\"\" loading=\"lazy\" decoding=\"async\" class=\"alignnone wp-image-89895 size-full\" src=\"https:\/\/www.cordobatimes.com\/showup\/wp-content\/uploads\/2021\/04\/O4O7S6Q2NZ7MJTMUHRGLDXSQ4M.jpg\" alt=\"\" width=\"768\" height=\"1024\" srcset=\"https:\/\/www.cordobatimes.com\/showup\/wp-content\/uploads\/2021\/04\/O4O7S6Q2NZ7MJTMUHRGLDXSQ4M.jpg 768w, https:\/\/www.cordobatimes.com\/showup\/wp-content\/uploads\/2021\/04\/O4O7S6Q2NZ7MJTMUHRGLDXSQ4M-315x420.jpg 315w, https:\/\/www.cordobatimes.com\/showup\/wp-content\/uploads\/2021\/04\/O4O7S6Q2NZ7MJTMUHRGLDXSQ4M-696x928.jpg 696w\" sizes=\"auto, (max-width: 768px) 100vw, 768px\" \/><\/p>\n<p>&nbsp;<\/p>\n<p>Por Dolce &amp; Gabbana Halle Berry luci\u00f3 un vestido en color magenta de seda con un gran escote coraz\u00f3n y mo\u00f1o en la falda. Complet\u00f3 su look con peque\u00f1os aros y una esclava<\/p>\n<p><img alt=\"\" loading=\"lazy\" decoding=\"async\" class=\"alignnone wp-image-89897 size-full\" src=\"https:\/\/www.cordobatimes.com\/showup\/wp-content\/uploads\/2021\/04\/03-1.jpg\" alt=\"\" width=\"768\" height=\"512\" srcset=\"https:\/\/www.cordobatimes.com\/showup\/wp-content\/uploads\/2021\/04\/03-1.jpg 768w, https:\/\/www.cordobatimes.com\/showup\/wp-content\/uploads\/2021\/04\/03-1-630x420.jpg 630w, https:\/\/www.cordobatimes.com\/showup\/wp-content\/uploads\/2021\/04\/03-1-696x464.jpg 696w\" sizes=\"auto, (max-width: 768px) 100vw, 768px\" \/><\/p>\n<p>&nbsp;<\/p>\n<p>Laura Dern opt\u00f3 por un look de chiff\u00f3n y plumas en la parte inferior del vestido. De mangas largas la parte superior, la actriz complet\u00f3 su estilismo con peque\u00f1os aros.<\/p>\n<p><img alt=\"\" loading=\"lazy\" decoding=\"async\" class=\"alignnone wp-image-89898 size-full\" src=\"https:\/\/www.cordobatimes.com\/showup\/wp-content\/uploads\/2021\/04\/04-1.jpg\" alt=\"\" width=\"768\" height=\"1152\" srcset=\"https:\/\/www.cordobatimes.com\/showup\/wp-content\/uploads\/2021\/04\/04-1.jpg 768w, https:\/\/www.cordobatimes.com\/showup\/wp-content\/uploads\/2021\/04\/04-1-280x420.jpg 280w, https:\/\/www.cordobatimes.com\/showup\/wp-content\/uploads\/2021\/04\/04-1-683x1024.jpg 683w, https:\/\/www.cordobatimes.com\/showup\/wp-content\/uploads\/2021\/04\/04-1-696x1044.jpg 696w\" sizes=\"auto, (max-width: 768px) 100vw, 768px\" \/><\/p>\n<p>Zendaya eligi\u00f3 un vestido de Valentino en amarillo. Con recortes en la parte superior, escote estrapless, gran falda al viento, un look muy de primavera que complet\u00f3 con una gargantilla de brillantes.<\/p>\n<p><img alt=\"\" loading=\"lazy\" decoding=\"async\" class=\"alignnone wp-image-89899 size-full\" src=\"https:\/\/www.cordobatimes.com\/showup\/wp-content\/uploads\/2021\/04\/05.jpg\" alt=\"\" width=\"768\" height=\"1152\" srcset=\"https:\/\/www.cordobatimes.com\/showup\/wp-content\/uploads\/2021\/04\/05.jpg 768w, https:\/\/www.cordobatimes.com\/showup\/wp-content\/uploads\/2021\/04\/05-280x420.jpg 280w, https:\/\/www.cordobatimes.com\/showup\/wp-content\/uploads\/2021\/04\/05-683x1024.jpg 683w, https:\/\/www.cordobatimes.com\/showup\/wp-content\/uploads\/2021\/04\/05-696x1044.jpg 696w\" sizes=\"auto, (max-width: 768px) 100vw, 768px\" \/><\/p>\n<p>Reese Witherspoon vestida por Dior. Luci\u00f3 un vestido en diferentes tonalidades de rojo, con detalles de drapeado y falda de tablas. Complet\u00f3 su look con un cintur\u00f3n de cuero con la hebilla de la firma. Su beauty look fue un smokey eye y labios rosados.<\/p>\n<p><img alt=\"\" loading=\"lazy\" decoding=\"async\" class=\"alignnone wp-image-89900 size-full\" src=\"https:\/\/www.cordobatimes.com\/showup\/wp-content\/uploads\/2021\/04\/06.jpg\" alt=\"\" width=\"768\" height=\"1152\" srcset=\"https:\/\/www.cordobatimes.com\/showup\/wp-content\/uploads\/2021\/04\/06.jpg 768w, https:\/\/www.cordobatimes.com\/showup\/wp-content\/uploads\/2021\/04\/06-280x420.jpg 280w, https:\/\/www.cordobatimes.com\/showup\/wp-content\/uploads\/2021\/04\/06-683x1024.jpg 683w, https:\/\/www.cordobatimes.com\/showup\/wp-content\/uploads\/2021\/04\/06-696x1044.jpg 696w\" sizes=\"auto, (max-width: 768px) 100vw, 768px\" \/><\/p>\n<p>Margot Robbie vestida por Chanel. La actriz luci\u00f3 un vestido de la \u00faltima colecci\u00f3n con estampado de flores en color plateado. Complet\u00f3 el look con un sobre negro, cabello recogido y maquillaje al natural.<\/p>\n<p><img alt=\"\" loading=\"lazy\" decoding=\"async\" class=\"alignnone wp-image-89901 size-full\" src=\"https:\/\/www.cordobatimes.com\/showup\/wp-content\/uploads\/2021\/04\/07-1.jpg\" alt=\"\" width=\"768\" height=\"1024\" srcset=\"https:\/\/www.cordobatimes.com\/showup\/wp-content\/uploads\/2021\/04\/07-1.jpg 768w, https:\/\/www.cordobatimes.com\/showup\/wp-content\/uploads\/2021\/04\/07-1-315x420.jpg 315w, https:\/\/www.cordobatimes.com\/showup\/wp-content\/uploads\/2021\/04\/07-1-696x928.jpg 696w\" sizes=\"auto, (max-width: 768px) 100vw, 768px\" \/><\/p>\n<p>Kori Rae opt\u00f3 por un llamativo look en degrad\u00e9s de rosas. Un traje de saco y pantal\u00f3n que complet\u00f3 con borcegu\u00edes con tachas. Un extravagante look de la alfombra roja.<\/p>\n<p><img alt=\"\" loading=\"lazy\" decoding=\"async\" class=\"alignnone wp-image-89902 size-full\" src=\"https:\/\/www.cordobatimes.com\/showup\/wp-content\/uploads\/2021\/04\/08.jpg\" alt=\"\" width=\"768\" height=\"1152\" srcset=\"https:\/\/www.cordobatimes.com\/showup\/wp-content\/uploads\/2021\/04\/08.jpg 768w, https:\/\/www.cordobatimes.com\/showup\/wp-content\/uploads\/2021\/04\/08-280x420.jpg 280w, https:\/\/www.cordobatimes.com\/showup\/wp-content\/uploads\/2021\/04\/08-683x1024.jpg 683w, https:\/\/www.cordobatimes.com\/showup\/wp-content\/uploads\/2021\/04\/08-696x1044.jpg 696w\" sizes=\"auto, (max-width: 768px) 100vw, 768px\" \/><\/p>\n<p>Tyler Perry eligi\u00f3 un saco de chiff\u00f3n y una camisa en color petr\u00f3leo. Complet\u00f3 su look con pantal\u00f3n negro y mocasines negros de terciopelo.<\/p>\n<p><img alt=\"\" loading=\"lazy\" decoding=\"async\" class=\"alignnone wp-image-89903 size-full\" src=\"https:\/\/www.cordobatimes.com\/showup\/wp-content\/uploads\/2021\/04\/09-1.jpg\" alt=\"\" width=\"768\" height=\"1024\" srcset=\"https:\/\/www.cordobatimes.com\/showup\/wp-content\/uploads\/2021\/04\/09-1.jpg 768w, https:\/\/www.cordobatimes.com\/showup\/wp-content\/uploads\/2021\/04\/09-1-315x420.jpg 315w, https:\/\/www.cordobatimes.com\/showup\/wp-content\/uploads\/2021\/04\/09-1-696x928.jpg 696w\" sizes=\"auto, (max-width: 768px) 100vw, 768px\" \/><\/p>\n<p>Angela Bassett tambi\u00e9n eligi\u00f3 al color rojo para la alfombra de los Oscars. Su vestido: de dise\u00f1o sirena, cola, un gran escote coraz\u00f3n y mangas japonesas abullonadas. Firmado por la italiana Alberta Ferretti acompa\u00f1ado por joyas de Chopard<\/p>\n<p><img alt=\"\" loading=\"lazy\" decoding=\"async\" class=\"alignnone wp-image-89904 size-full\" src=\"https:\/\/www.cordobatimes.com\/showup\/wp-content\/uploads\/2021\/04\/10.jpg\" alt=\"\" width=\"768\" height=\"1152\" srcset=\"https:\/\/www.cordobatimes.com\/showup\/wp-content\/uploads\/2021\/04\/10.jpg 768w, https:\/\/www.cordobatimes.com\/showup\/wp-content\/uploads\/2021\/04\/10-280x420.jpg 280w, https:\/\/www.cordobatimes.com\/showup\/wp-content\/uploads\/2021\/04\/10-683x1024.jpg 683w, https:\/\/www.cordobatimes.com\/showup\/wp-content\/uploads\/2021\/04\/10-696x1044.jpg 696w\" sizes=\"auto, (max-width: 768px) 100vw, 768px\" \/><\/p>\n<p>Riz Ahmed luci\u00f3 un traje de Prada. Con un saco esmoquin con solapas de seda y remera b\u00e1sica negra. Complet\u00f3 su look con pantal\u00f3n con faja y zapatos negros de charol en punta.<\/p>\n<p><img alt=\"\" loading=\"lazy\" decoding=\"async\" class=\"alignnone wp-image-89905 size-full\" src=\"https:\/\/www.cordobatimes.com\/showup\/wp-content\/uploads\/2021\/04\/11.jpg\" alt=\"\" width=\"768\" height=\"1024\" srcset=\"https:\/\/www.cordobatimes.com\/showup\/wp-content\/uploads\/2021\/04\/11.jpg 768w, https:\/\/www.cordobatimes.com\/showup\/wp-content\/uploads\/2021\/04\/11-315x420.jpg 315w, https:\/\/www.cordobatimes.com\/showup\/wp-content\/uploads\/2021\/04\/11-696x928.jpg 696w\" sizes=\"auto, (max-width: 768px) 100vw, 768px\" \/><\/p>\n<p>H.E.R impact\u00f3 con su look en la alfombra roja con un total look azul \u00edntegramente bordado. Una monoprenda de mangas largas con una capa con capucha. Complet\u00f3 su look con mini anteojos de sol y anillos.<\/p>\n<p><img alt=\"\" loading=\"lazy\" decoding=\"async\" class=\"alignnone wp-image-89906 size-full\" src=\"https:\/\/www.cordobatimes.com\/showup\/wp-content\/uploads\/2021\/04\/12.jpg\" alt=\"\" width=\"768\" height=\"1152\" srcset=\"https:\/\/www.cordobatimes.com\/showup\/wp-content\/uploads\/2021\/04\/12.jpg 768w, https:\/\/www.cordobatimes.com\/showup\/wp-content\/uploads\/2021\/04\/12-280x420.jpg 280w, https:\/\/www.cordobatimes.com\/showup\/wp-content\/uploads\/2021\/04\/12-683x1024.jpg 683w, https:\/\/www.cordobatimes.com\/showup\/wp-content\/uploads\/2021\/04\/12-696x1044.jpg 696w\" sizes=\"auto, (max-width: 768px) 100vw, 768px\" \/><\/p>\n<p>Vanessa Kirby eligi\u00f3 el rosa pastel para un vestido strapless con escote V, transparencias en el abdomen y una gran falda princesa de Gucci. Complet\u00f3 su look con su beauty look de boca colorada.<\/p>\n<p><img alt=\"\" loading=\"lazy\" decoding=\"async\" class=\"alignnone wp-image-89907 size-full\" src=\"https:\/\/www.cordobatimes.com\/showup\/wp-content\/uploads\/2021\/04\/13.jpg\" alt=\"\" width=\"768\" height=\"1152\" srcset=\"https:\/\/www.cordobatimes.com\/showup\/wp-content\/uploads\/2021\/04\/13.jpg 768w, https:\/\/www.cordobatimes.com\/showup\/wp-content\/uploads\/2021\/04\/13-280x420.jpg 280w, https:\/\/www.cordobatimes.com\/showup\/wp-content\/uploads\/2021\/04\/13-683x1024.jpg 683w, https:\/\/www.cordobatimes.com\/showup\/wp-content\/uploads\/2021\/04\/13-696x1044.jpg 696w\" sizes=\"auto, (max-width: 768px) 100vw, 768px\" \/><\/p>\n<p>Jena Friedman. Sin mangas, transparencias, cuello cerrado y gran tajo en la falda. Complet\u00f3 su outfit con joyas de brillantes como aros, esclavas y anillos. Para su beauty look, boca colorada y pelo recogido.<\/p>\n<p><img alt=\"\" loading=\"lazy\" decoding=\"async\" class=\"alignnone wp-image-89908 size-full\" src=\"https:\/\/www.cordobatimes.com\/showup\/wp-content\/uploads\/2021\/04\/14.jpg\" alt=\"\" width=\"768\" height=\"1152\" srcset=\"https:\/\/www.cordobatimes.com\/showup\/wp-content\/uploads\/2021\/04\/14.jpg 768w, https:\/\/www.cordobatimes.com\/showup\/wp-content\/uploads\/2021\/04\/14-280x420.jpg 280w, https:\/\/www.cordobatimes.com\/showup\/wp-content\/uploads\/2021\/04\/14-683x1024.jpg 683w, https:\/\/www.cordobatimes.com\/showup\/wp-content\/uploads\/2021\/04\/14-696x1044.jpg 696w\" sizes=\"auto, (max-width: 768px) 100vw, 768px\" \/><\/p>\n<p>Laura Pausini luci\u00f3 un vestido negro off shoulders con falda campana y bolsillos firmado por Valentino. Complet\u00f3 su look con aros colgantes de brillantes y su beauty look con boca colorada.<\/p>\n<p><img alt=\"\" loading=\"lazy\" decoding=\"async\" class=\"alignnone wp-image-89909 size-full\" src=\"https:\/\/www.cordobatimes.com\/showup\/wp-content\/uploads\/2021\/04\/15.jpg\" alt=\"\" width=\"768\" height=\"1152\" srcset=\"https:\/\/www.cordobatimes.com\/showup\/wp-content\/uploads\/2021\/04\/15.jpg 768w, https:\/\/www.cordobatimes.com\/showup\/wp-content\/uploads\/2021\/04\/15-280x420.jpg 280w, https:\/\/www.cordobatimes.com\/showup\/wp-content\/uploads\/2021\/04\/15-683x1024.jpg 683w, https:\/\/www.cordobatimes.com\/showup\/wp-content\/uploads\/2021\/04\/15-696x1044.jpg 696w\" sizes=\"auto, (max-width: 768px) 100vw, 768px\" \/><\/p>\n<p>Emerald Fennell luci\u00f3 un vestido primaveral de estampa floral con un gran escote V y mangas abullonadas firmado por Gucci.<\/p>\n<p><img alt=\"\" loading=\"lazy\" decoding=\"async\" class=\"alignnone wp-image-89910 size-full\" src=\"https:\/\/www.cordobatimes.com\/showup\/wp-content\/uploads\/2021\/04\/16.jpg\" alt=\"\" width=\"768\" height=\"1152\" srcset=\"https:\/\/www.cordobatimes.com\/showup\/wp-content\/uploads\/2021\/04\/16.jpg 768w, https:\/\/www.cordobatimes.com\/showup\/wp-content\/uploads\/2021\/04\/16-280x420.jpg 280w, https:\/\/www.cordobatimes.com\/showup\/wp-content\/uploads\/2021\/04\/16-683x1024.jpg 683w, https:\/\/www.cordobatimes.com\/showup\/wp-content\/uploads\/2021\/04\/16-696x1044.jpg 696w\" sizes=\"auto, (max-width: 768px) 100vw, 768px\" \/><\/p>\n<p>Marlee Matlin eligi\u00f3 un vestido a puro brillos de Vivienne Westwood. Con capa, cola y un gran escote, complet\u00f3 su look con aros colgante y un beauty look al natural con peinado de ondas al agua.<\/p>\n<p><img alt=\"\" loading=\"lazy\" decoding=\"async\" class=\"alignnone wp-image-89911 size-full\" src=\"https:\/\/www.cordobatimes.com\/showup\/wp-content\/uploads\/2021\/04\/17.jpg\" alt=\"\" width=\"768\" height=\"512\" srcset=\"https:\/\/www.cordobatimes.com\/showup\/wp-content\/uploads\/2021\/04\/17.jpg 768w, https:\/\/www.cordobatimes.com\/showup\/wp-content\/uploads\/2021\/04\/17-630x420.jpg 630w, https:\/\/www.cordobatimes.com\/showup\/wp-content\/uploads\/2021\/04\/17-696x464.jpg 696w\" sizes=\"auto, (max-width: 768px) 100vw, 768px\" \/><\/p>\n<p>Tiara Thomas eligi\u00f3 un total white look de saco y una monoprenda s\u00faper escotada. La tendencia fue el saco con mangas XL y el pantal\u00f3n oxford. Complet\u00f3 su look con un collar colgante.<\/p>\n<p><img alt=\"\" loading=\"lazy\" decoding=\"async\" class=\"alignnone wp-image-89912 size-full\" src=\"https:\/\/www.cordobatimes.com\/showup\/wp-content\/uploads\/2021\/04\/18.jpg\" alt=\"\" width=\"768\" height=\"1024\" srcset=\"https:\/\/www.cordobatimes.com\/showup\/wp-content\/uploads\/2021\/04\/18.jpg 768w, https:\/\/www.cordobatimes.com\/showup\/wp-content\/uploads\/2021\/04\/18-315x420.jpg 315w, https:\/\/www.cordobatimes.com\/showup\/wp-content\/uploads\/2021\/04\/18-696x928.jpg 696w\" sizes=\"auto, (max-width: 768px) 100vw, 768px\" \/><\/p>\n<p>Total pink look by Atelier Versace. Ese fue el estilo elegido por Colman Domingo. Un elegante esmoquin rosa con un saco con detalles de destellos, camisa con maxi botones dorados y zapatos de charol en color negro.<\/p>\n<p><img alt=\"\" loading=\"lazy\" decoding=\"async\" class=\"alignnone wp-image-89913 size-full\" src=\"https:\/\/www.cordobatimes.com\/showup\/wp-content\/uploads\/2021\/04\/19.jpg\" alt=\"\" width=\"768\" height=\"1365\" srcset=\"https:\/\/www.cordobatimes.com\/showup\/wp-content\/uploads\/2021\/04\/19.jpg 768w, https:\/\/www.cordobatimes.com\/showup\/wp-content\/uploads\/2021\/04\/19-236x420.jpg 236w, https:\/\/www.cordobatimes.com\/showup\/wp-content\/uploads\/2021\/04\/19-576x1024.jpg 576w, https:\/\/www.cordobatimes.com\/showup\/wp-content\/uploads\/2021\/04\/19-696x1237.jpg 696w\" sizes=\"auto, (max-width: 768px) 100vw, 768px\" \/><\/p>\n<p>Paul Raci eligi\u00f3 un esmoquin negro con solapas grandes y detalles de brillantes en el cuello, y zapatos de charol. Por su parte, Liz Hanley Raci opt\u00f3 por un vestido de seda con escote coraz\u00f3n en color turquesa y gran cola que, para la foto, sujet\u00f3 con la mano.<\/p>\n<p><img alt=\"\" loading=\"lazy\" decoding=\"async\" class=\"alignnone wp-image-89914 size-full\" src=\"https:\/\/www.cordobatimes.com\/showup\/wp-content\/uploads\/2021\/04\/20.jpg\" alt=\"\" width=\"768\" height=\"512\" srcset=\"https:\/\/www.cordobatimes.com\/showup\/wp-content\/uploads\/2021\/04\/20.jpg 768w, https:\/\/www.cordobatimes.com\/showup\/wp-content\/uploads\/2021\/04\/20-630x420.jpg 630w, https:\/\/www.cordobatimes.com\/showup\/wp-content\/uploads\/2021\/04\/20-696x464.jpg 696w\" sizes=\"auto, (max-width: 768px) 100vw, 768px\" \/><\/p>\n<p>Ariana DeBose eligi\u00f3 un vestido color naranja de un solo hombro con detalles de drapeado y un gran tajo en la falda. Complet\u00f3 su look con sandalias doradas y una esclava de brillantes. Sus elegidos: Atelier Versace para el vestido, sandalias de Stuart Weitzman y joyas de Harry Winston.<\/p>\n<p><img alt=\"\" loading=\"lazy\" decoding=\"async\" class=\"alignnone wp-image-89915 size-full\" src=\"https:\/\/www.cordobatimes.com\/showup\/wp-content\/uploads\/2021\/04\/21.jpg\" alt=\"\" width=\"768\" height=\"576\" srcset=\"https:\/\/www.cordobatimes.com\/showup\/wp-content\/uploads\/2021\/04\/21.jpg 768w, https:\/\/www.cordobatimes.com\/showup\/wp-content\/uploads\/2021\/04\/21-560x420.jpg 560w, https:\/\/www.cordobatimes.com\/showup\/wp-content\/uploads\/2021\/04\/21-80x60.jpg 80w, https:\/\/www.cordobatimes.com\/showup\/wp-content\/uploads\/2021\/04\/21-265x198.jpg 265w, https:\/\/www.cordobatimes.com\/showup\/wp-content\/uploads\/2021\/04\/21-696x522.jpg 696w\" sizes=\"auto, (max-width: 768px) 100vw, 768px\" \/><\/p>\n","protected":false},"excerpt":{"rendered":"<p>Las celebridades posaron en la red carpet m\u00e1s esperada. Vestida por una t\u00fanica que llev\u00f3 tres semanas confeccionar, Glenn Close eligi\u00f3 a su favorito, Armani Priv\u00e9. Una t\u00fanica en color azul bordada que combin\u00f3 con un pantal\u00f3n negro. Complet\u00f3 su look con guantes y stilettos en punta a tono Amanda Seyfried impact\u00f3 con su vestido [&hellip;]<\/p>\n","protected":false},"author":1,"featured_media":89895,"comment_status":"closed","ping_status":"closed","sticky":false,"template":"","format":"standard","meta":{"_seopress_robots_primary_cat":"","_seopress_titles_title":"","_seopress_titles_desc":"","_seopress_robots_index":"","footnotes":""},"categories":[228],"tags":[32796,32797],"class_list":{"0":"post-89894","1":"post","2":"type-post","3":"status-publish","4":"format-standard","5":"has-post-thumbnail","7":"category-moda-y-estilos","8":"tag-alfombra-roja-de-los-premios-oscar","9":"tag-looks-de-los-premios-oscars"},"_links":{"self":[{"href":"https:\/\/www.cordobatimes.com\/showup\/wp-json\/wp\/v2\/posts\/89894","targetHints":{"allow":["GET"]}}],"collection":[{"href":"https:\/\/www.cordobatimes.com\/showup\/wp-json\/wp\/v2\/posts"}],"about":[{"href":"https:\/\/www.cordobatimes.com\/showup\/wp-json\/wp\/v2\/types\/post"}],"author":[{"embeddable":true,"href":"https:\/\/www.cordobatimes.com\/showup\/wp-json\/wp\/v2\/users\/1"}],"replies":[{"embeddable":true,"href":"https:\/\/www.cordobatimes.com\/showup\/wp-json\/wp\/v2\/comments?post=89894"}],"version-history":[{"count":0,"href":"https:\/\/www.cordobatimes.com\/showup\/wp-json\/wp\/v2\/posts\/89894\/revisions"}],"wp:featuredmedia":[{"embeddable":true,"href":"https:\/\/www.cordobatimes.com\/showup\/wp-json\/wp\/v2\/media\/89895"}],"wp:attachment":[{"href":"https:\/\/www.cordobatimes.com\/showup\/wp-json\/wp\/v2\/media?parent=89894"}],"wp:term":[{"taxonomy":"category","embeddable":true,"href":"https:\/\/www.cordobatimes.com\/showup\/wp-json\/wp\/v2\/categories?post=89894"},{"taxonomy":"post_tag","embeddable":true,"href":"https:\/\/www.cordobatimes.com\/showup\/wp-json\/wp\/v2\/tags?post=89894"}],"curies":[{"name":"wp","href":"https:\/\/api.w.org\/{rel}","templated":true}]}}