{"id":89847,"date":"2021-04-16T09:57:22","date_gmt":"2021-04-16T12:57:22","guid":{"rendered":"https:\/\/www.cordobatimes.com\/showup\/?p=89847"},"modified":"2021-04-16T09:57:22","modified_gmt":"2021-04-16T12:57:22","slug":"todos-los-ganadores-de-los-latin-amas-2021","status":"publish","type":"post","link":"https:\/\/www.cordobatimes.com\/showup\/musica\/2021\/04\/16\/todos-los-ganadores-de-los-latin-amas-2021\/","title":{"rendered":"Todos los ganadores de los Latin AMAs 2021"},"content":{"rendered":"<h3><strong>Algunos de los galardonados no pudieron asistir al evento<\/strong><\/h3>\n<p>El jueves pasado se llev\u00f3 a cabo la sexta edici\u00f3n de los\u00a0Latin American Music Awards, la cual fue totalmente presencial ante el contexto de COVID-19 y se transmiti\u00f3 por\u00a0Telemundo. Sin embargo,\u00a0Bad Bunny, Shakira y Alejandro Fern\u00e1ndez,\u00a0quienes fueron seleccionados como ganadores,\u00a0no asistieron a la tan esperada gana.<\/p>\n<p>Por su parte, Bad Bunny consigui\u00f3\u00a0cinco galardones,\u00a0entre los que destac\u00f3 la categor\u00eda\u00a0\u201cArtista del a\u00f1o\u201d,\u00a0no obstante, el puertorrique\u00f1o no s\u00f3lo estuvo ausente, sino que tampoco recibi\u00f3 sus premios v\u00eda remota.<\/p>\n<p>Otra de las cantantes que no acudi\u00f3 a la premiaci\u00f3n fue\u00a0Shakira, quien gan\u00f3 \u201ccanci\u00f3n favorita pop\u201d, por su tema\u00a0Me gusta\u00a0con Anuel AA\u00a0y \u201cartista favorita-pop\u201d.<\/p>\n<p>El caso de\u00a0Alejandro Fern\u00e1ndez\u00a0fue uno de los m\u00e1s duros que se vio durante la noche, pues \u00e9l iba a asistir para recibir personalmente el\u00a0\u201cPremio \u00cdcono\u201d, pero tuvo que dar su discurso a la distancia pues se contagi\u00f3 de COVID-19.<\/p>\n<p>El cantante ranchero exhort\u00f3 a todos sus seguidores a aplicarse la vacuna contra este virus cuando tuvieran la oportunidad y dedic\u00f3 su premio \u201ca los migrantes, muy especialmente a todas esas familias que han sido separadas en la frontera\u201d.<\/p>\n<p>Cabe recordar que esta es la segunda ocasi\u00f3n en la que\u00a0Telemundo\u00a0pudo llevar a cabo una ceremonia de premisos presencial a\u00fan con la pandemia por COVID-19,\u00a0pues el pasado octubre, la cadena transmiti\u00f3 los Premios Billboard de la M\u00fasica Latina.<\/p>\n<p>As\u00ed como el anterior, los Latin AMAs se llevaron a cabo en BB&amp;T Center en Sunrise, Florida, Estados Unidos y se volvieron m\u00e1s\u00a0estrictos los protocolos de sanitarios para evitar contagios de coronavirus.<\/p>\n<h3><strong>\u00bfQui\u00e9nes fueron todos los ganadores?<\/strong><\/h3>\n<p>-Artista del a\u00f1o: Bad Bunny<\/p>\n<p>-Nuevo Artista del a\u00f1o: Rauw Alejandro<\/p>\n<p>-Sencillo del a\u00f1o: Karol G, Nicki Minaj con \u201cTusa\u201d<\/p>\n<p>-\u00c1lbum del a\u00f1o: Bad Bunny con YHLQMDLG<\/p>\n<p>-Artista Favorita: Anitta<\/p>\n<p>-Artista Favorito: Bad Bunny<\/p>\n<p>-D\u00fao o grupo favorito: Eslabon Armado<\/p>\n<p>-Artista favorito pop- Shakira<\/p>\n<p>-\u00c1lbum favorito pop- Camilo con \u201cPor primera vez\u201d<\/p>\n<p>-Canci\u00f3n favorita pop- Shakira y Anuel AA con \u201cMe gusta\u201d<\/p>\n<p>-Artista favorito solo regional mexicano: Christian Nodal<\/p>\n<p>-D\u00fao o grupo favorito regional mexicano: Eslabon Armado<\/p>\n<p>-Canci\u00f3n favorita regional mexicano: Christian Nodal con \u201cAyayay!\u201d<\/p>\n<p>-\u00c1lbum favorito regional mexicano: Natanael Cano con \u201cAmor Tumbado\u201d<\/p>\n<p>-Artista favorito urbano: Bad Bunny<\/p>\n<p>-\u00c1lbum favorito urbano: Bad Bunny con \u201cLas que no iban a salir\u201d<\/p>\n<p>-Canci\u00f3n favorita urbano: Karol G &amp; Nicki Minaj con \u201cTusa\u201d<\/p>\n<p>-Artista favorito tropical: Romeo Santos<\/p>\n<p>-\u00c1lbum favorito tropical: Prince Royce con \u201cAlter Ego\u201d<\/p>\n<p>-Canci\u00f3n favorita tropical: Prince Royce con \u201cCarita de Inocente\u201d<\/p>\n<p>-Artista favorito crossover: Dua Lipa<\/p>\n<p>-Colaboraci\u00f3n del a\u00f1o: Karol G, Nicki Minaj con \u201cTusa\u201d<\/p>\n<p>-Artista social del a\u00f1o: Cardi B<\/p>\n<p>-Video favorito: Selena Gomez con \u201cDe Una Vez\u201d<\/p>\n<p>-Concierto virtual favorito: RBD con \u201cSer o parecer 2020\u2033<\/p>\n","protected":false},"excerpt":{"rendered":"<p>Algunos de los galardonados no pudieron asistir al evento El jueves pasado se llev\u00f3 a cabo la sexta edici\u00f3n de los\u00a0Latin American Music Awards, la cual fue totalmente presencial ante el contexto de COVID-19 y se transmiti\u00f3 por\u00a0Telemundo. Sin embargo,\u00a0Bad Bunny, Shakira y Alejandro Fern\u00e1ndez,\u00a0quienes fueron seleccionados como ganadores,\u00a0no asistieron a la tan esperada gana. [&hellip;]<\/p>\n","protected":false},"author":1,"featured_media":89848,"comment_status":"closed","ping_status":"closed","sticky":false,"template":"","format":"standard","meta":{"_seopress_robots_primary_cat":"","_seopress_titles_title":"","_seopress_titles_desc":"","_seopress_robots_index":"","footnotes":""},"categories":[5],"tags":[32770,32771],"class_list":{"0":"post-89847","1":"post","2":"type-post","3":"status-publish","4":"format-standard","5":"has-post-thumbnail","7":"category-musica","8":"tag-ganadores-de-los-latin-amas-2021","9":"tag-latin-amas-2021"},"_links":{"self":[{"href":"https:\/\/www.cordobatimes.com\/showup\/wp-json\/wp\/v2\/posts\/89847","targetHints":{"allow":["GET"]}}],"collection":[{"href":"https:\/\/www.cordobatimes.com\/showup\/wp-json\/wp\/v2\/posts"}],"about":[{"href":"https:\/\/www.cordobatimes.com\/showup\/wp-json\/wp\/v2\/types\/post"}],"author":[{"embeddable":true,"href":"https:\/\/www.cordobatimes.com\/showup\/wp-json\/wp\/v2\/users\/1"}],"replies":[{"embeddable":true,"href":"https:\/\/www.cordobatimes.com\/showup\/wp-json\/wp\/v2\/comments?post=89847"}],"version-history":[{"count":0,"href":"https:\/\/www.cordobatimes.com\/showup\/wp-json\/wp\/v2\/posts\/89847\/revisions"}],"wp:featuredmedia":[{"embeddable":true,"href":"https:\/\/www.cordobatimes.com\/showup\/wp-json\/wp\/v2\/media\/89848"}],"wp:attachment":[{"href":"https:\/\/www.cordobatimes.com\/showup\/wp-json\/wp\/v2\/media?parent=89847"}],"wp:term":[{"taxonomy":"category","embeddable":true,"href":"https:\/\/www.cordobatimes.com\/showup\/wp-json\/wp\/v2\/categories?post=89847"},{"taxonomy":"post_tag","embeddable":true,"href":"https:\/\/www.cordobatimes.com\/showup\/wp-json\/wp\/v2\/tags?post=89847"}],"curies":[{"name":"wp","href":"https:\/\/api.w.org\/{rel}","templated":true}]}}