{"id":89830,"date":"2021-04-14T20:38:48","date_gmt":"2021-04-14T23:38:48","guid":{"rendered":"https:\/\/www.cordobatimes.com\/showup\/?p=89830"},"modified":"2021-04-14T20:41:09","modified_gmt":"2021-04-14T23:41:09","slug":"niksen-la-decoracion-que-promueve-el-relax-y-la-vida-simple","status":"publish","type":"post","link":"https:\/\/www.cordobatimes.com\/showup\/decoracion\/2021\/04\/14\/niksen-la-decoracion-que-promueve-el-relax-y-la-vida-simple\/","title":{"rendered":"Niksen: la  decoraci\u00f3n que promueve el relax y la vida simple"},"content":{"rendered":"<h3><strong>Esta filosof\u00eda de origen holand\u00e9s brinda algunas pautas para lograr, en uno o m\u00e1s ambientes, un clima total de de desconexi\u00f3n.<\/strong><\/h3>\n<p>Ya escuchamos hablar del\u00a0hygge\u00a0y del\u00a0lagom, los dos t\u00f3picos n\u00f3rdicos para definir un estilo de decoraci\u00f3n (y de vida) que apunta todas las fichas al bienestar absoluto.<\/p>\n<p>Ahora, desde\u00a0Holanda, surge un nuevo t\u00f3pico para encontrar la ansiada felicidad en cada hogar:\u00a0Niksen\u00a0es la \u00faltima palabra de moda para definir un estilo de vida simple y sin estr\u00e9s.<\/p>\n<p>El t\u00e9rmino es holand\u00e9s, naci\u00f3 despu\u00e9s de un largo a\u00f1o de pandemia (incluso, se dice que es producto de \u00e9sta) y\u00a0b\u00e1sicamente describe el arte de relajarnos, desconectar y tomarnos un respiro de nuestros ajetreados estilos de vida,\u00a0pero desde la deco.<\/p>\n<p>En ambientes para compartir, los toques\u00a0Niksen\u00a0proponen maderas naturales, muebles sencillos y floreros con plantas y ramas secas.<\/p>\n<p><img alt=\"\" loading=\"lazy\" decoding=\"async\" class=\"alignnone wp-image-89837 size-full\" src=\"https:\/\/www.cordobatimes.com\/showup\/wp-content\/uploads\/2021\/04\/niksen-deco-relax14-768x1024-1.jpg\" alt=\"\" width=\"768\" height=\"1024\" srcset=\"https:\/\/www.cordobatimes.com\/showup\/wp-content\/uploads\/2021\/04\/niksen-deco-relax14-768x1024-1.jpg 768w, https:\/\/www.cordobatimes.com\/showup\/wp-content\/uploads\/2021\/04\/niksen-deco-relax14-768x1024-1-315x420.jpg 315w, https:\/\/www.cordobatimes.com\/showup\/wp-content\/uploads\/2021\/04\/niksen-deco-relax14-768x1024-1-696x928.jpg 696w\" sizes=\"auto, (max-width: 768px) 100vw, 768px\" \/><\/p>\n<p>&nbsp;<\/p>\n<p>Al\u00a0Niksen\u00a0le gustan las fibras, la madera al natural y la paleta que val del rosa empolvado al borravino<\/p>\n<p><img alt=\"\" loading=\"lazy\" decoding=\"async\" class=\"alignnone wp-image-89838 size-full\" src=\"https:\/\/www.cordobatimes.com\/showup\/wp-content\/uploads\/2021\/04\/niksen-deco-relax7.jpeg\" alt=\"\" width=\"794\" height=\"993\" srcset=\"https:\/\/www.cordobatimes.com\/showup\/wp-content\/uploads\/2021\/04\/niksen-deco-relax7.jpeg 794w, https:\/\/www.cordobatimes.com\/showup\/wp-content\/uploads\/2021\/04\/niksen-deco-relax7-336x420.jpeg 336w, https:\/\/www.cordobatimes.com\/showup\/wp-content\/uploads\/2021\/04\/niksen-deco-relax7-768x960.jpeg 768w, https:\/\/www.cordobatimes.com\/showup\/wp-content\/uploads\/2021\/04\/niksen-deco-relax7-696x870.jpeg 696w\" sizes=\"auto, (max-width: 794px) 100vw, 794px\" \/><\/p>\n<h3><strong>Claves del estilo Niksen en la decoraci\u00f3n de interiores<\/strong><\/h3>\n<p>El 2020 ha estrecho estragos en el interior de las casas: livings, cocinas y dormitorios se transformaron en oficinas y aulas virtuales y la convivencia de toda la familia en modo 24 x 7 ha dejado patas para arriba hasta el rinc\u00f3n m\u00e1s prolijo.<\/p>\n<p>As\u00ed surge esta voz de la deco que propone hacer borr\u00f3n y cuenta nueva para recuperar espacios claves de relax en nuestros hogares.<\/p>\n<p>Las formas curvas y org\u00e1nicas, al igual que las fibras naturales, son claves en el estilo\u00a0Niksen.<\/p>\n<p><img alt=\"\" loading=\"lazy\" decoding=\"async\" class=\"alignnone wp-image-89839 size-full\" src=\"https:\/\/www.cordobatimes.com\/showup\/wp-content\/uploads\/2021\/04\/niksen-deco-relax13-683x1024-1.jpeg\" alt=\"\" width=\"683\" height=\"1024\" srcset=\"https:\/\/www.cordobatimes.com\/showup\/wp-content\/uploads\/2021\/04\/niksen-deco-relax13-683x1024-1.jpeg 683w, https:\/\/www.cordobatimes.com\/showup\/wp-content\/uploads\/2021\/04\/niksen-deco-relax13-683x1024-1-280x420.jpeg 280w\" sizes=\"auto, (max-width: 683px) 100vw, 683px\" \/><\/p>\n<p>La deco Niksen se puede aplicar en uno o varios espacios:\u00a0la clave es elegir uno en el que te sientas realmente c\u00f3moda.\u00a0Puedes ser tu dormitorio o el living, el comedor o el ba\u00f1o. O incluso, pude ser s\u00f3lo un rinc\u00f3n.<\/p>\n<p>Lo importante es encontrar un espacio que te permita desconectarte por completo. El segundo consejo de este estilo, propone\u00a0elegir muebles, materiales y texturas que te aporten cierta cuota de relax.<\/p>\n<p><img alt=\"\" loading=\"lazy\" decoding=\"async\" class=\"alignnone wp-image-89840 size-full\" src=\"https:\/\/www.cordobatimes.com\/showup\/wp-content\/uploads\/2021\/04\/niksen-deco-relax10-683x1024-1.jpg\" alt=\"\" width=\"683\" height=\"1024\" srcset=\"https:\/\/www.cordobatimes.com\/showup\/wp-content\/uploads\/2021\/04\/niksen-deco-relax10-683x1024-1.jpg 683w, https:\/\/www.cordobatimes.com\/showup\/wp-content\/uploads\/2021\/04\/niksen-deco-relax10-683x1024-1-280x420.jpg 280w\" sizes=\"auto, (max-width: 683px) 100vw, 683px\" \/><\/p>\n<p>&nbsp;<\/p>\n<h3><strong>Muebles, colores y texturas del Niksen<\/strong><\/h3>\n<p>*Los muebles y accesorios con\u00a0terminaciones curvas y org\u00e1nicas, en lugar de los que presentan \u00e1ngulos duros y rectos, son populares en la b\u00fasqueda de los que se suman al estilo\u00a0Niksen.<\/p>\n<p>*Sillones mullidos, pufs bien gordos, mecedoras como la dela abuela&#8230;todos asientos confortables para echarse a hacer nada de nada: eso es el Niksen.<\/p>\n<p>Fibras\u00a0(mimbre, rattan, muchas cester\u00eda), las maderas naturales y las plantas para interiores, son buenos accesorios para el\u00a0Niksen<\/p>\n<p>*La paleta del Niksen acepta el blanco absoluto pero se endulza con un pantone que va de un rosa suave a un borravino, en toda su relajante gama.*El dormitorio se uno de los espacios en los que el\u00a0Niksen\u00a0invoca la b\u00fasqueda de un estado de bienestar. \u00bfC\u00f3mo? Con pocos elementos pero buenos, confortables, especialmente pensados para el relax.<\/p>\n<p>En ba\u00f1os,\u00a0la reina del\u00a0Niksen\u00a0es la ba\u00f1adera, si es exenta mejor:\u00a0nada mejor que un reconfortante ba\u00f1o de burbujas para desconectarse un buen rato del mundo real.<\/p>\n<p><img alt=\"\" loading=\"lazy\" decoding=\"async\" class=\"alignnone wp-image-89842 size-full\" src=\"https:\/\/www.cordobatimes.com\/showup\/wp-content\/uploads\/2021\/04\/niksen-deco-relax8-682x1024-1.jpg\" alt=\"\" width=\"682\" height=\"1024\" srcset=\"https:\/\/www.cordobatimes.com\/showup\/wp-content\/uploads\/2021\/04\/niksen-deco-relax8-682x1024-1.jpg 682w, https:\/\/www.cordobatimes.com\/showup\/wp-content\/uploads\/2021\/04\/niksen-deco-relax8-682x1024-1-280x420.jpg 280w\" sizes=\"auto, (max-width: 682px) 100vw, 682px\" \/><\/p>\n","protected":false},"excerpt":{"rendered":"<p>Esta filosof\u00eda de origen holand\u00e9s brinda algunas pautas para lograr, en uno o m\u00e1s ambientes, un clima total de de desconexi\u00f3n. Ya escuchamos hablar del\u00a0hygge\u00a0y del\u00a0lagom, los dos t\u00f3picos n\u00f3rdicos para definir un estilo de decoraci\u00f3n (y de vida) que apunta todas las fichas al bienestar absoluto. Ahora, desde\u00a0Holanda, surge un nuevo t\u00f3pico para encontrar [&hellip;]<\/p>\n","protected":false},"author":1,"featured_media":89837,"comment_status":"closed","ping_status":"closed","sticky":false,"template":"","format":"standard","meta":{"_seopress_robots_primary_cat":"","_seopress_titles_title":"","_seopress_titles_desc":"","_seopress_robots_index":"","footnotes":""},"categories":[32480],"tags":[32765,32764,32766],"class_list":{"0":"post-89830","1":"post","2":"type-post","3":"status-publish","4":"format-standard","5":"has-post-thumbnail","7":"category-decoracion","8":"tag-decoracion-niksen","9":"tag-decoracion-que-promueve-el-relax","10":"tag-estilos-de-decoracion"},"_links":{"self":[{"href":"https:\/\/www.cordobatimes.com\/showup\/wp-json\/wp\/v2\/posts\/89830","targetHints":{"allow":["GET"]}}],"collection":[{"href":"https:\/\/www.cordobatimes.com\/showup\/wp-json\/wp\/v2\/posts"}],"about":[{"href":"https:\/\/www.cordobatimes.com\/showup\/wp-json\/wp\/v2\/types\/post"}],"author":[{"embeddable":true,"href":"https:\/\/www.cordobatimes.com\/showup\/wp-json\/wp\/v2\/users\/1"}],"replies":[{"embeddable":true,"href":"https:\/\/www.cordobatimes.com\/showup\/wp-json\/wp\/v2\/comments?post=89830"}],"version-history":[{"count":0,"href":"https:\/\/www.cordobatimes.com\/showup\/wp-json\/wp\/v2\/posts\/89830\/revisions"}],"wp:featuredmedia":[{"embeddable":true,"href":"https:\/\/www.cordobatimes.com\/showup\/wp-json\/wp\/v2\/media\/89837"}],"wp:attachment":[{"href":"https:\/\/www.cordobatimes.com\/showup\/wp-json\/wp\/v2\/media?parent=89830"}],"wp:term":[{"taxonomy":"category","embeddable":true,"href":"https:\/\/www.cordobatimes.com\/showup\/wp-json\/wp\/v2\/categories?post=89830"},{"taxonomy":"post_tag","embeddable":true,"href":"https:\/\/www.cordobatimes.com\/showup\/wp-json\/wp\/v2\/tags?post=89830"}],"curies":[{"name":"wp","href":"https:\/\/api.w.org\/{rel}","templated":true}]}}