{"id":89814,"date":"2021-04-13T11:09:18","date_gmt":"2021-04-13T14:09:18","guid":{"rendered":"https:\/\/www.cordobatimes.com\/showup\/?p=89814"},"modified":"2021-04-14T14:59:19","modified_gmt":"2021-04-14T17:59:19","slug":"tendencias-de-moda-para-este-invierno-2021","status":"publish","type":"post","link":"https:\/\/www.cordobatimes.com\/showup\/moda-y-estilos\/2021\/04\/13\/tendencias-de-moda-para-este-invierno-2021\/","title":{"rendered":"Tendencias de moda femenina para este invierno 2021"},"content":{"rendered":"<h3><strong>Del mono de cuero a las transparencias extremas y los abrigos oversize.<\/strong><\/h3>\n<p>Termin\u00f3 la\u00a0semana de la moda en Madrid\u00a0donde se presentaron las consignas para el invierno 2021 que dejaron en evidencia que\u00a0la moda, afortunadamente, ya no dura un par de meses\u00a0sino muchas temporadas. Varios de los \u00edtems que se subieron a la pasarela ya son viejos conocidos del vestidor, as\u00ed que todo es cuesti\u00f3n de ingenio para combinar lo que ya se tiene con lo m\u00e1s nuevo.<\/p>\n<h3><strong>El overall de cuero<\/strong><\/h3>\n<p>El modelo se impuso en la serie\u00a0La casa de papel\u00a0convirti\u00e9ndose en tendencia. Lo nuevo de este a\u00f1o es llevarlo en cuero y el marr\u00f3n en todas sus gamas es un color ganador. Pod\u00e9s llevarlo con zapatillas o stilettos.<\/p>\n<p><img alt=\"\" loading=\"lazy\" decoding=\"async\" class=\"alignnone wp-image-89815 size-full\" src=\"https:\/\/www.cordobatimes.com\/showup\/wp-content\/uploads\/2021\/04\/01.jpeg\" alt=\"\" width=\"1440\" height=\"2033\" srcset=\"https:\/\/www.cordobatimes.com\/showup\/wp-content\/uploads\/2021\/04\/01.jpeg 1440w, https:\/\/www.cordobatimes.com\/showup\/wp-content\/uploads\/2021\/04\/01-297x420.jpeg 297w, https:\/\/www.cordobatimes.com\/showup\/wp-content\/uploads\/2021\/04\/01-725x1024.jpeg 725w, https:\/\/www.cordobatimes.com\/showup\/wp-content\/uploads\/2021\/04\/01-768x1084.jpeg 768w, https:\/\/www.cordobatimes.com\/showup\/wp-content\/uploads\/2021\/04\/01-1088x1536.jpeg 1088w, https:\/\/www.cordobatimes.com\/showup\/wp-content\/uploads\/2021\/04\/01-696x983.jpeg 696w, https:\/\/www.cordobatimes.com\/showup\/wp-content\/uploads\/2021\/04\/01-1068x1508.jpeg 1068w\" sizes=\"auto, (max-width: 1440px) 100vw, 1440px\" \/><\/p>\n<p>&nbsp;<\/p>\n<h3><strong>Animal print.<\/strong><\/h3>\n<p>El\u00a0leopardo es la estampa animal favorita\u00a0que, a esta altura, ya se sabe que puede usarse a lo largo del a\u00f1o. Lo m\u00e1s nuevo es\u00a0combinarlo con flores, una tendencia que lleg\u00f3 para quedarse y que ahora se populariza.<\/p>\n<p><img alt=\"\" loading=\"lazy\" decoding=\"async\" class=\"alignnone wp-image-89816 size-full\" src=\"https:\/\/www.cordobatimes.com\/showup\/wp-content\/uploads\/2021\/04\/02.jpg\" alt=\"\" width=\"1440\" height=\"2317\" srcset=\"https:\/\/www.cordobatimes.com\/showup\/wp-content\/uploads\/2021\/04\/02.jpg 1440w, https:\/\/www.cordobatimes.com\/showup\/wp-content\/uploads\/2021\/04\/02-261x420.jpg 261w, https:\/\/www.cordobatimes.com\/showup\/wp-content\/uploads\/2021\/04\/02-636x1024.jpg 636w, https:\/\/www.cordobatimes.com\/showup\/wp-content\/uploads\/2021\/04\/02-768x1236.jpg 768w, https:\/\/www.cordobatimes.com\/showup\/wp-content\/uploads\/2021\/04\/02-955x1536.jpg 955w, https:\/\/www.cordobatimes.com\/showup\/wp-content\/uploads\/2021\/04\/02-1273x2048.jpg 1273w, https:\/\/www.cordobatimes.com\/showup\/wp-content\/uploads\/2021\/04\/02-696x1120.jpg 696w, https:\/\/www.cordobatimes.com\/showup\/wp-content\/uploads\/2021\/04\/02-1068x1718.jpg 1068w\" sizes=\"auto, (max-width: 1440px) 100vw, 1440px\" \/><\/p>\n<h3><strong>Transparencias al l\u00edmite\u00a0<\/strong><\/h3>\n<p>Mostrar la ropa interior como se hac\u00eda en los 90 est\u00e1 de regreso desde hace algunas temporadas. En el 2021\u00a0la desnudez es extrema\u00a0y est\u00e1 pensada solo para las m\u00e1s audaces. Se recomienda para la noche, siempre aliada al negro.<\/p>\n<p><img alt=\"\" loading=\"lazy\" decoding=\"async\" class=\"alignnone wp-image-89817 size-full\" src=\"https:\/\/www.cordobatimes.com\/showup\/wp-content\/uploads\/2021\/04\/03.jpg\" alt=\"\" width=\"1440\" height=\"2011\" srcset=\"https:\/\/www.cordobatimes.com\/showup\/wp-content\/uploads\/2021\/04\/03.jpg 1440w, https:\/\/www.cordobatimes.com\/showup\/wp-content\/uploads\/2021\/04\/03-301x420.jpg 301w, https:\/\/www.cordobatimes.com\/showup\/wp-content\/uploads\/2021\/04\/03-733x1024.jpg 733w, https:\/\/www.cordobatimes.com\/showup\/wp-content\/uploads\/2021\/04\/03-768x1073.jpg 768w, https:\/\/www.cordobatimes.com\/showup\/wp-content\/uploads\/2021\/04\/03-1100x1536.jpg 1100w, https:\/\/www.cordobatimes.com\/showup\/wp-content\/uploads\/2021\/04\/03-696x972.jpg 696w, https:\/\/www.cordobatimes.com\/showup\/wp-content\/uploads\/2021\/04\/03-1068x1491.jpg 1068w\" sizes=\"auto, (max-width: 1440px) 100vw, 1440px\" \/><\/p>\n<p>&nbsp;<\/p>\n<h3><strong>Look sporty <\/strong><\/h3>\n<p>Luego de un a\u00f1o en pandemia, el jogging se instala como el nuevo b\u00e1sico. Para darle un aire 2021 lo ideal es usarlo con un toque de animal print, adem\u00e1s de tops diminutos que parecen corpi\u00f1os.<\/p>\n<p><img alt=\"\" loading=\"lazy\" decoding=\"async\" class=\"alignnone wp-image-89818 size-full\" src=\"https:\/\/www.cordobatimes.com\/showup\/wp-content\/uploads\/2021\/04\/04.jpg\" alt=\"\" width=\"1440\" height=\"2087\" srcset=\"https:\/\/www.cordobatimes.com\/showup\/wp-content\/uploads\/2021\/04\/04.jpg 1440w, https:\/\/www.cordobatimes.com\/showup\/wp-content\/uploads\/2021\/04\/04-290x420.jpg 290w, https:\/\/www.cordobatimes.com\/showup\/wp-content\/uploads\/2021\/04\/04-707x1024.jpg 707w, https:\/\/www.cordobatimes.com\/showup\/wp-content\/uploads\/2021\/04\/04-768x1113.jpg 768w, https:\/\/www.cordobatimes.com\/showup\/wp-content\/uploads\/2021\/04\/04-1060x1536.jpg 1060w, https:\/\/www.cordobatimes.com\/showup\/wp-content\/uploads\/2021\/04\/04-1413x2048.jpg 1413w, https:\/\/www.cordobatimes.com\/showup\/wp-content\/uploads\/2021\/04\/04-696x1009.jpg 696w, https:\/\/www.cordobatimes.com\/showup\/wp-content\/uploads\/2021\/04\/04-1068x1548.jpg 1068w\" sizes=\"auto, (max-width: 1440px) 100vw, 1440px\" \/><\/p>\n<p>&nbsp;<\/p>\n<h3><strong>Mangas con volumen<\/strong><\/h3>\n<p>El efecto abullonado sigue firme en el top ten de la moda. Se aplica no solo a los vestidos sino tambi\u00e9n a las camisas. \u00bfLos aliados de esta prenda? Una falda l\u00e1piz o un pantal\u00f3n recto son imbatibles.<\/p>\n<p><img alt=\"\" loading=\"lazy\" decoding=\"async\" class=\"alignnone wp-image-89819 size-full\" src=\"https:\/\/www.cordobatimes.com\/showup\/wp-content\/uploads\/2021\/04\/05.jpeg\" alt=\"\" width=\"1440\" height=\"2160\" srcset=\"https:\/\/www.cordobatimes.com\/showup\/wp-content\/uploads\/2021\/04\/05.jpeg 1440w, https:\/\/www.cordobatimes.com\/showup\/wp-content\/uploads\/2021\/04\/05-280x420.jpeg 280w, https:\/\/www.cordobatimes.com\/showup\/wp-content\/uploads\/2021\/04\/05-683x1024.jpeg 683w, https:\/\/www.cordobatimes.com\/showup\/wp-content\/uploads\/2021\/04\/05-768x1152.jpeg 768w, https:\/\/www.cordobatimes.com\/showup\/wp-content\/uploads\/2021\/04\/05-1024x1536.jpeg 1024w, https:\/\/www.cordobatimes.com\/showup\/wp-content\/uploads\/2021\/04\/05-1365x2048.jpeg 1365w, https:\/\/www.cordobatimes.com\/showup\/wp-content\/uploads\/2021\/04\/05-696x1044.jpeg 696w, https:\/\/www.cordobatimes.com\/showup\/wp-content\/uploads\/2021\/04\/05-1068x1602.jpeg 1068w\" sizes=\"auto, (max-width: 1440px) 100vw, 1440px\" \/><\/p>\n<h3>\u00a0<strong>Brillos<\/strong><\/h3>\n<p>Aunque se sabe que son casi obligatorios para cualquier look de noche, la incertidumbre acerca de los pr\u00f3ximos cierres hace que\u00a0esta consigna se permita para cualquier look de d\u00eda. Pod\u00e9s llevarlos en una campera bomber con pailletes o en un su\u00e9ter oversize con l\u00farex.<\/p>\n<p><img alt=\"\" loading=\"lazy\" decoding=\"async\" class=\"alignnone wp-image-89820 size-full\" src=\"https:\/\/www.cordobatimes.com\/showup\/wp-content\/uploads\/2021\/04\/06.jpeg\" alt=\"\" width=\"1440\" height=\"2160\" srcset=\"https:\/\/www.cordobatimes.com\/showup\/wp-content\/uploads\/2021\/04\/06.jpeg 1440w, https:\/\/www.cordobatimes.com\/showup\/wp-content\/uploads\/2021\/04\/06-280x420.jpeg 280w, https:\/\/www.cordobatimes.com\/showup\/wp-content\/uploads\/2021\/04\/06-683x1024.jpeg 683w, https:\/\/www.cordobatimes.com\/showup\/wp-content\/uploads\/2021\/04\/06-768x1152.jpeg 768w, https:\/\/www.cordobatimes.com\/showup\/wp-content\/uploads\/2021\/04\/06-1024x1536.jpeg 1024w, https:\/\/www.cordobatimes.com\/showup\/wp-content\/uploads\/2021\/04\/06-1365x2048.jpeg 1365w, https:\/\/www.cordobatimes.com\/showup\/wp-content\/uploads\/2021\/04\/06-696x1044.jpeg 696w, https:\/\/www.cordobatimes.com\/showup\/wp-content\/uploads\/2021\/04\/06-1068x1602.jpeg 1068w\" sizes=\"auto, (max-width: 1440px) 100vw, 1440px\" \/><\/p>\n<h3><strong>Blanco &amp; negro<\/strong><\/h3>\n<p>La dupla de colores m\u00e1s cl\u00e1sicos de la moda sigue vigente sin distinci\u00f3n de estilo, generaci\u00f3n ni profesi\u00f3n. Se lleva desde la sastrer\u00eda hasta vestidos de noche con plumas.<\/p>\n<p><img alt=\"\" loading=\"lazy\" decoding=\"async\" class=\"alignnone wp-image-89821 size-full\" src=\"https:\/\/www.cordobatimes.com\/showup\/wp-content\/uploads\/2021\/04\/07.jpg\" alt=\"\" width=\"1440\" height=\"1023\" srcset=\"https:\/\/www.cordobatimes.com\/showup\/wp-content\/uploads\/2021\/04\/07.jpg 1440w, https:\/\/www.cordobatimes.com\/showup\/wp-content\/uploads\/2021\/04\/07-591x420.jpg 591w, https:\/\/www.cordobatimes.com\/showup\/wp-content\/uploads\/2021\/04\/07-1024x727.jpg 1024w, https:\/\/www.cordobatimes.com\/showup\/wp-content\/uploads\/2021\/04\/07-768x546.jpg 768w, https:\/\/www.cordobatimes.com\/showup\/wp-content\/uploads\/2021\/04\/07-100x70.jpg 100w, https:\/\/www.cordobatimes.com\/showup\/wp-content\/uploads\/2021\/04\/07-696x494.jpg 696w, https:\/\/www.cordobatimes.com\/showup\/wp-content\/uploads\/2021\/04\/07-1068x759.jpg 1068w\" sizes=\"auto, (max-width: 1440px) 100vw, 1440px\" \/><\/p>\n<p>&nbsp;<\/p>\n<h3>\u00a0<strong>Invasi\u00f3n shocking <\/strong><\/h3>\n<p>Los tonos fuertes como fucsia, naranja, amarillo o verde brillante le hacen frente al fr\u00edo y se imponen como una opci\u00f3n para quienes quieren alejarse de los cl\u00e1sicos invernales oscuros. Para usar en equipos informales de pantacourts (pantalones cortos y anchos) con su\u00e9teres, en vestidos de todo tipo e incluso, en looks de noche.<\/p>\n<p><img alt=\"\" loading=\"lazy\" decoding=\"async\" class=\"alignnone wp-image-89822 size-full\" src=\"https:\/\/www.cordobatimes.com\/showup\/wp-content\/uploads\/2021\/04\/08.jpeg\" alt=\"\" width=\"1440\" height=\"960\" srcset=\"https:\/\/www.cordobatimes.com\/showup\/wp-content\/uploads\/2021\/04\/08.jpeg 1440w, https:\/\/www.cordobatimes.com\/showup\/wp-content\/uploads\/2021\/04\/08-630x420.jpeg 630w, https:\/\/www.cordobatimes.com\/showup\/wp-content\/uploads\/2021\/04\/08-1024x683.jpeg 1024w, https:\/\/www.cordobatimes.com\/showup\/wp-content\/uploads\/2021\/04\/08-768x512.jpeg 768w, https:\/\/www.cordobatimes.com\/showup\/wp-content\/uploads\/2021\/04\/08-696x464.jpeg 696w, https:\/\/www.cordobatimes.com\/showup\/wp-content\/uploads\/2021\/04\/08-1068x712.jpeg 1068w\" sizes=\"auto, (max-width: 1440px) 100vw, 1440px\" \/><\/p>\n<p>&nbsp;<\/p>\n<h3><strong>Oversize<\/strong><\/h3>\n<p>Las\u00a0formas envolventes y llevar la ropa como si fuera tres talles m\u00e1s grande\u00a0ya es un cl\u00e1sico en la moda y en el 2021 se aplica a todo tipo de camperas, especialmente las puffer.<\/p>\n<p><img alt=\"\" loading=\"lazy\" decoding=\"async\" class=\"alignnone wp-image-89823 size-full\" src=\"https:\/\/www.cordobatimes.com\/showup\/wp-content\/uploads\/2021\/04\/09.jpg\" alt=\"\" width=\"1440\" height=\"1844\" srcset=\"https:\/\/www.cordobatimes.com\/showup\/wp-content\/uploads\/2021\/04\/09.jpg 1440w, https:\/\/www.cordobatimes.com\/showup\/wp-content\/uploads\/2021\/04\/09-328x420.jpg 328w, https:\/\/www.cordobatimes.com\/showup\/wp-content\/uploads\/2021\/04\/09-800x1024.jpg 800w, https:\/\/www.cordobatimes.com\/showup\/wp-content\/uploads\/2021\/04\/09-768x983.jpg 768w, https:\/\/www.cordobatimes.com\/showup\/wp-content\/uploads\/2021\/04\/09-1199x1536.jpg 1199w, https:\/\/www.cordobatimes.com\/showup\/wp-content\/uploads\/2021\/04\/09-696x891.jpg 696w, https:\/\/www.cordobatimes.com\/showup\/wp-content\/uploads\/2021\/04\/09-1068x1368.jpg 1068w\" sizes=\"auto, (max-width: 1440px) 100vw, 1440px\" \/><\/p>\n<h3>\u00a0<strong>Accesorios que marcan la diferencia<\/strong><\/h3>\n<p>Las mini carteras se siguen cruzando sobre el cuerpo (se llevan aunque solo entren el celu y un labial) y las boinas se convierten en el accesorios con m\u00e1s glamour del momento. \u00bfAcaso no te acordas que la llevaba\u00a0Emily in Par\u00eds?<\/p>\n<p><img alt=\"\" loading=\"lazy\" decoding=\"async\" class=\"alignnone wp-image-89824 size-full\" src=\"https:\/\/www.cordobatimes.com\/showup\/wp-content\/uploads\/2021\/04\/10.jpeg\" alt=\"\" width=\"1440\" height=\"2333\" srcset=\"https:\/\/www.cordobatimes.com\/showup\/wp-content\/uploads\/2021\/04\/10.jpeg 1440w, https:\/\/www.cordobatimes.com\/showup\/wp-content\/uploads\/2021\/04\/10-259x420.jpeg 259w, https:\/\/www.cordobatimes.com\/showup\/wp-content\/uploads\/2021\/04\/10-632x1024.jpeg 632w, https:\/\/www.cordobatimes.com\/showup\/wp-content\/uploads\/2021\/04\/10-768x1244.jpeg 768w, https:\/\/www.cordobatimes.com\/showup\/wp-content\/uploads\/2021\/04\/10-948x1536.jpeg 948w, https:\/\/www.cordobatimes.com\/showup\/wp-content\/uploads\/2021\/04\/10-1264x2048.jpeg 1264w, https:\/\/www.cordobatimes.com\/showup\/wp-content\/uploads\/2021\/04\/10-696x1128.jpeg 696w, https:\/\/www.cordobatimes.com\/showup\/wp-content\/uploads\/2021\/04\/10-1068x1730.jpeg 1068w\" sizes=\"auto, (max-width: 1440px) 100vw, 1440px\" \/><\/p>\n","protected":false},"excerpt":{"rendered":"<p>Del mono de cuero a las transparencias extremas y los abrigos oversize. Termin\u00f3 la\u00a0semana de la moda en Madrid\u00a0donde se presentaron las consignas para el invierno 2021 que dejaron en evidencia que\u00a0la moda, afortunadamente, ya no dura un par de meses\u00a0sino muchas temporadas. Varios de los \u00edtems que se subieron a la pasarela ya son [&hellip;]<\/p>\n","protected":false},"author":1,"featured_media":89815,"comment_status":"closed","ping_status":"closed","sticky":false,"template":"","format":"standard","meta":{"_seopress_robots_primary_cat":"","_seopress_titles_title":"","_seopress_titles_desc":"","_seopress_robots_index":"","footnotes":""},"categories":[228],"tags":[32759,32757,32758],"class_list":{"0":"post-89814","1":"post","2":"type-post","3":"status-publish","4":"format-standard","5":"has-post-thumbnail","7":"category-moda-y-estilos","8":"tag-moda-invierno-2021","9":"tag-tendencias-de-invierno-2021","10":"tag-tendencias-de-moda-invierno-2021"},"_links":{"self":[{"href":"https:\/\/www.cordobatimes.com\/showup\/wp-json\/wp\/v2\/posts\/89814","targetHints":{"allow":["GET"]}}],"collection":[{"href":"https:\/\/www.cordobatimes.com\/showup\/wp-json\/wp\/v2\/posts"}],"about":[{"href":"https:\/\/www.cordobatimes.com\/showup\/wp-json\/wp\/v2\/types\/post"}],"author":[{"embeddable":true,"href":"https:\/\/www.cordobatimes.com\/showup\/wp-json\/wp\/v2\/users\/1"}],"replies":[{"embeddable":true,"href":"https:\/\/www.cordobatimes.com\/showup\/wp-json\/wp\/v2\/comments?post=89814"}],"version-history":[{"count":0,"href":"https:\/\/www.cordobatimes.com\/showup\/wp-json\/wp\/v2\/posts\/89814\/revisions"}],"wp:featuredmedia":[{"embeddable":true,"href":"https:\/\/www.cordobatimes.com\/showup\/wp-json\/wp\/v2\/media\/89815"}],"wp:attachment":[{"href":"https:\/\/www.cordobatimes.com\/showup\/wp-json\/wp\/v2\/media?parent=89814"}],"wp:term":[{"taxonomy":"category","embeddable":true,"href":"https:\/\/www.cordobatimes.com\/showup\/wp-json\/wp\/v2\/categories?post=89814"},{"taxonomy":"post_tag","embeddable":true,"href":"https:\/\/www.cordobatimes.com\/showup\/wp-json\/wp\/v2\/tags?post=89814"}],"curies":[{"name":"wp","href":"https:\/\/api.w.org\/{rel}","templated":true}]}}