{"id":89725,"date":"2021-01-28T11:10:07","date_gmt":"2021-01-28T14:10:07","guid":{"rendered":"https:\/\/www.cordobatimes.com\/showup\/?p=89725"},"modified":"2021-01-28T11:10:07","modified_gmt":"2021-01-28T14:10:07","slug":"la-casa-de-papel-cuando-se-estrena-la-ultima-temporada-y-quienes-son-los-nuevos-personajes","status":"publish","type":"post","link":"https:\/\/www.cordobatimes.com\/showup\/cine-y-series\/2021\/01\/28\/la-casa-de-papel-cuando-se-estrena-la-ultima-temporada-y-quienes-son-los-nuevos-personajes\/","title":{"rendered":"La Casa de Papel: cu\u00e1ndo se estrena la ultima temporada y qui\u00e9nes son los nuevos personajes"},"content":{"rendered":"<h3><strong>La exitosa serie de Netflix lanza su quinta y \u00faltima temporada.<\/strong><\/h3>\n<p>La Casa de Papel llega a su fin y ya promete un final que va a dejarnos sin aliento. Desde hace unos d\u00edas comenz\u00f3 a filtrarse informaci\u00f3n sobre lo que ser\u00e1 la \u00faltima temporada.<\/p>\n<p>La temporada n\u00famero 5 de la\u00a0Casa de Papel\u00a0se vio retrasada culpa de la pandemia de coronavirus, al igual que muchas otras grabaciones. Todav\u00eda se desconoce cu\u00e1ndo ser\u00e1 su fecha de estreno. Sin embargo algunas fuentes cercanas a la plataforma de streaming aseguran que podr\u00eda estrenarse a finales de abril o principios de mayo.<\/p>\n<p>Habr\u00e1 dos nuevas incorporaciones al staff,\u00a0Miguel \u00c1ngel Silvestre\u00a0y\u00a0Patrick Criado. Si bien no se sabe qu\u00e9 personaje interpretar\u00e1n en la serie, formar\u00edan parte de la banda del Profesor.<\/p>\n<h3><strong>Seguir\u00e1n en la saga los ya conocidos personajes<\/strong><\/h3>\n<p>\u00darsula Corber\u00f3 &#8211; Silene Oliveira \/ Tokio<\/p>\n<p>\u00c1lvaro Morte &#8211; Sergio Marquina Gonzalves \/ El Profesor<\/p>\n<p>Itziar Itu\u00f1o &#8211; Raquel Murillo Fuentes \/ Lisboa<\/p>\n<p>Pedro Alonso &#8211; Andr\u00e9s de Fonollosa Gonzalves \/ Berl\u00edn<\/p>\n<p>Alba Flores &#8211; \u00c1gata Jim\u00e9nez \/ Nairobi<\/p>\n<p>Miguel Herr\u00e1n &#8211; An\u00edbal Cort\u00e9s \/ R\u00edo<\/p>\n<p>Jaime Lorente &#8211; Daniel Ramos \/ Denver<\/p>\n<p>Esther Acebo &#8211; M\u00f3nica Gaztambide \/ Estocolmo<\/p>\n<p>Enrique Arce &#8211; Arturo \u00abArturito\u00bb Rom\u00e1n<\/p>\n<p>Darko Peric &#8211; Mirko Dragic \/ Helsinki<\/p>\n<p>Hovik Keuchkerian &#8211; Bogot\u00e1<\/p>\n<p>Luka Pero &#8211; Marsella<\/p>\n<p>Bel\u00e9n Cuesta &#8211; Julia \/ Manila<\/p>\n<p>Fernando Cayo &#8211; Coronel Luis Tamayo<\/p>\n<p>Rodrigo de la Serna &#8211; Mart\u00edn Berrote \/ Palermo<\/p>\n<p>Najwa Nimri &#8211; Inspectora Alicia Sierra Montes<\/p>\n","protected":false},"excerpt":{"rendered":"<p>La exitosa serie de Netflix lanza su quinta y \u00faltima temporada. La Casa de Papel llega a su fin y ya promete un final que va a dejarnos sin aliento. Desde hace unos d\u00edas comenz\u00f3 a filtrarse informaci\u00f3n sobre lo que ser\u00e1 la \u00faltima temporada. La temporada n\u00famero 5 de la\u00a0Casa de Papel\u00a0se vio retrasada [&hellip;]<\/p>\n","protected":false},"author":1,"featured_media":89726,"comment_status":"closed","ping_status":"closed","sticky":false,"template":"","format":"standard","meta":{"_seopress_robots_primary_cat":"","_seopress_titles_title":"","_seopress_titles_desc":"","_seopress_robots_index":"","footnotes":""},"categories":[3],"tags":[32720,24646,32719],"class_list":{"0":"post-89725","1":"post","2":"type-post","3":"status-publish","4":"format-standard","5":"has-post-thumbnail","7":"category-cine-y-series","8":"tag-fecha-de-estreno-de-la-ultima-temporada-de-la-casa-de-papel","9":"tag-quinta-temporada-de-la-casa-de-papel","10":"tag-ultima-temporada-de-la-casa-de-papel"},"_links":{"self":[{"href":"https:\/\/www.cordobatimes.com\/showup\/wp-json\/wp\/v2\/posts\/89725","targetHints":{"allow":["GET"]}}],"collection":[{"href":"https:\/\/www.cordobatimes.com\/showup\/wp-json\/wp\/v2\/posts"}],"about":[{"href":"https:\/\/www.cordobatimes.com\/showup\/wp-json\/wp\/v2\/types\/post"}],"author":[{"embeddable":true,"href":"https:\/\/www.cordobatimes.com\/showup\/wp-json\/wp\/v2\/users\/1"}],"replies":[{"embeddable":true,"href":"https:\/\/www.cordobatimes.com\/showup\/wp-json\/wp\/v2\/comments?post=89725"}],"version-history":[{"count":0,"href":"https:\/\/www.cordobatimes.com\/showup\/wp-json\/wp\/v2\/posts\/89725\/revisions"}],"wp:featuredmedia":[{"embeddable":true,"href":"https:\/\/www.cordobatimes.com\/showup\/wp-json\/wp\/v2\/media\/89726"}],"wp:attachment":[{"href":"https:\/\/www.cordobatimes.com\/showup\/wp-json\/wp\/v2\/media?parent=89725"}],"wp:term":[{"taxonomy":"category","embeddable":true,"href":"https:\/\/www.cordobatimes.com\/showup\/wp-json\/wp\/v2\/categories?post=89725"},{"taxonomy":"post_tag","embeddable":true,"href":"https:\/\/www.cordobatimes.com\/showup\/wp-json\/wp\/v2\/tags?post=89725"}],"curies":[{"name":"wp","href":"https:\/\/api.w.org\/{rel}","templated":true}]}}