{"id":89674,"date":"2021-01-25T12:01:51","date_gmt":"2021-01-25T15:01:51","guid":{"rendered":"https:\/\/www.cordobatimes.com\/showup\/?p=89674"},"modified":"2021-01-25T12:01:51","modified_gmt":"2021-01-25T15:01:51","slug":"luz-de-neon-led-el-nuevo-boom-de-la-decoracion","status":"publish","type":"post","link":"https:\/\/www.cordobatimes.com\/showup\/decoracion\/2021\/01\/25\/luz-de-neon-led-el-nuevo-boom-de-la-decoracion\/","title":{"rendered":"Luz de ne\u00f3n led: el nuevo boom de la decoraci\u00f3n"},"content":{"rendered":"<h3>\u00a0<strong>Tendencia utilizada tanto para interiores como para locales o eventos, este producto no solo es vers\u00e1til y 100% personalizado, sino que adem\u00e1s es sustentable y eco-friendly.<\/strong><\/h3>\n<p>La iluminaci\u00f3n juega un papel esencial en cualquier proyecto de arquitectura de interiores. Tanto para sacar el mejor provecho de un espacio, como para destacar un rinc\u00f3n, generar sensaci\u00f3n de amplitud o darle un toque de calidez o diversi\u00f3n a cualquier ambiente. Es un elemento clave cuando se planifica el dise\u00f1o de una oficina, local, o evento, para conseguir ese detalle que nos de el toque de distinci\u00f3n.<\/p>\n<p>En iluminaci\u00f3n, una de las tendencias que pisaron muy fuerte es el uso del ne\u00f3n de led, un material flexible, duradero y de bajo consumo que permite dise\u00f1os 100% personalizados.<\/p>\n<p>La luz del ne\u00f3n de LED es muy eficiente y duradera, y el producto est\u00e1 fabricado en silicona, lo cual lo vuelve casi irrompible.\u00a0Adem\u00e1s, es un producto que no utiliza gases nocivos y su consumo es muy bajo, por lo que es sustentable y ecofriendly.<\/p>\n<p><img alt=\"\" loading=\"lazy\" decoding=\"async\" class=\"alignnone size-medium wp-image-89676\" src=\"https:\/\/www.cordobatimes.com\/showup\/wp-content\/uploads\/2021\/01\/crazy-horizontal-1024x576-1-747x420.jpg\" alt=\"\" width=\"747\" height=\"420\" srcset=\"https:\/\/www.cordobatimes.com\/showup\/wp-content\/uploads\/2021\/01\/crazy-horizontal-1024x576-1-747x420.jpg 747w, https:\/\/www.cordobatimes.com\/showup\/wp-content\/uploads\/2021\/01\/crazy-horizontal-1024x576-1-768x432.jpg 768w, https:\/\/www.cordobatimes.com\/showup\/wp-content\/uploads\/2021\/01\/crazy-horizontal-1024x576-1-696x392.jpg 696w, https:\/\/www.cordobatimes.com\/showup\/wp-content\/uploads\/2021\/01\/crazy-horizontal-1024x576-1.jpg 1024w\" sizes=\"auto, (max-width: 747px) 100vw, 747px\" \/> <img alt=\"\" loading=\"lazy\" decoding=\"async\" class=\"alignnone size-medium wp-image-89677\" src=\"https:\/\/www.cordobatimes.com\/showup\/wp-content\/uploads\/2021\/01\/sol-retro-horizontal-1024x576-1-747x420.jpg\" alt=\"\" width=\"747\" height=\"420\" srcset=\"https:\/\/www.cordobatimes.com\/showup\/wp-content\/uploads\/2021\/01\/sol-retro-horizontal-1024x576-1-747x420.jpg 747w, https:\/\/www.cordobatimes.com\/showup\/wp-content\/uploads\/2021\/01\/sol-retro-horizontal-1024x576-1-768x432.jpg 768w, https:\/\/www.cordobatimes.com\/showup\/wp-content\/uploads\/2021\/01\/sol-retro-horizontal-1024x576-1-696x392.jpg 696w, https:\/\/www.cordobatimes.com\/showup\/wp-content\/uploads\/2021\/01\/sol-retro-horizontal-1024x576-1.jpg 1024w\" sizes=\"auto, (max-width: 747px) 100vw, 747px\" \/><\/p>\n<p>En livings o comedores diarios dan el toque de calidez, en habitaciones infantiles son un objeto de decoraci\u00f3n divertido, y permiten darle un nuevo aspecto a la cocina, mesadas o barras.<\/p>\n<p>Tambi\u00e9n ofrecen grandes ventajas diferenciales como medio publicitario y decorativo. Son un sistema \u00fatil para captar la atenci\u00f3n de clientes, generar experiencias y destacar a las marcas.\u00a0Adem\u00e1s, son ideales como sustento de carteler\u00eda en v\u00eda p\u00fablica, interiores, eventos, fiestas.<\/p>\n<p><img alt=\"\" loading=\"lazy\" decoding=\"async\" class=\"alignnone size-medium wp-image-89678\" src=\"https:\/\/www.cordobatimes.com\/showup\/wp-content\/uploads\/2021\/01\/Lifeis-horizontal-1024x576-1-747x420.jpg\" alt=\"\" width=\"747\" height=\"420\" srcset=\"https:\/\/www.cordobatimes.com\/showup\/wp-content\/uploads\/2021\/01\/Lifeis-horizontal-1024x576-1-747x420.jpg 747w, https:\/\/www.cordobatimes.com\/showup\/wp-content\/uploads\/2021\/01\/Lifeis-horizontal-1024x576-1-768x432.jpg 768w, https:\/\/www.cordobatimes.com\/showup\/wp-content\/uploads\/2021\/01\/Lifeis-horizontal-1024x576-1-696x392.jpg 696w, https:\/\/www.cordobatimes.com\/showup\/wp-content\/uploads\/2021\/01\/Lifeis-horizontal-1024x576-1.jpg 1024w\" sizes=\"auto, (max-width: 747px) 100vw, 747px\" \/><\/p>\n","protected":false},"excerpt":{"rendered":"<p>\u00a0Tendencia utilizada tanto para interiores como para locales o eventos, este producto no solo es vers\u00e1til y 100% personalizado, sino que adem\u00e1s es sustentable y eco-friendly. La iluminaci\u00f3n juega un papel esencial en cualquier proyecto de arquitectura de interiores. Tanto para sacar el mejor provecho de un espacio, como para destacar un rinc\u00f3n, generar sensaci\u00f3n [&hellip;]<\/p>\n","protected":false},"author":1,"featured_media":89675,"comment_status":"closed","ping_status":"closed","sticky":false,"template":"","format":"standard","meta":{"_seopress_robots_primary_cat":"","_seopress_titles_title":"","_seopress_titles_desc":"","_seopress_robots_index":"","footnotes":""},"categories":[32480],"tags":[32710,32711,32712],"class_list":{"0":"post-89674","1":"post","2":"type-post","3":"status-publish","4":"format-standard","5":"has-post-thumbnail","7":"category-decoracion","8":"tag-luz-led-decoracion","9":"tag-opciones-de-decoracion-con-luz-led","10":"tag-tendencias-de-decoracion-con-luz-led"},"_links":{"self":[{"href":"https:\/\/www.cordobatimes.com\/showup\/wp-json\/wp\/v2\/posts\/89674","targetHints":{"allow":["GET"]}}],"collection":[{"href":"https:\/\/www.cordobatimes.com\/showup\/wp-json\/wp\/v2\/posts"}],"about":[{"href":"https:\/\/www.cordobatimes.com\/showup\/wp-json\/wp\/v2\/types\/post"}],"author":[{"embeddable":true,"href":"https:\/\/www.cordobatimes.com\/showup\/wp-json\/wp\/v2\/users\/1"}],"replies":[{"embeddable":true,"href":"https:\/\/www.cordobatimes.com\/showup\/wp-json\/wp\/v2\/comments?post=89674"}],"version-history":[{"count":0,"href":"https:\/\/www.cordobatimes.com\/showup\/wp-json\/wp\/v2\/posts\/89674\/revisions"}],"wp:featuredmedia":[{"embeddable":true,"href":"https:\/\/www.cordobatimes.com\/showup\/wp-json\/wp\/v2\/media\/89675"}],"wp:attachment":[{"href":"https:\/\/www.cordobatimes.com\/showup\/wp-json\/wp\/v2\/media?parent=89674"}],"wp:term":[{"taxonomy":"category","embeddable":true,"href":"https:\/\/www.cordobatimes.com\/showup\/wp-json\/wp\/v2\/categories?post=89674"},{"taxonomy":"post_tag","embeddable":true,"href":"https:\/\/www.cordobatimes.com\/showup\/wp-json\/wp\/v2\/tags?post=89674"}],"curies":[{"name":"wp","href":"https:\/\/api.w.org\/{rel}","templated":true}]}}