{"id":89602,"date":"2020-12-14T11:11:20","date_gmt":"2020-12-14T14:11:20","guid":{"rendered":"https:\/\/www.cordobatimes.com\/showup\/?p=89602"},"modified":"2020-12-14T11:11:20","modified_gmt":"2020-12-14T14:11:20","slug":"the-walking-dead-planean-una-comedia-dentro-de-la-franquicia-zombi","status":"publish","type":"post","link":"https:\/\/www.cordobatimes.com\/showup\/cine-y-series\/2020\/12\/14\/the-walking-dead-planean-una-comedia-dentro-de-la-franquicia-zombi\/","title":{"rendered":"The Walking Dead: planean una comedia dentro de la franquicia zombi"},"content":{"rendered":"<h3><strong>El jefe de contenido Scott Gimple ha adelantado nuevos proyectos de futuro que aporten una visi\u00f3n diferente a la que ya conocemos.<\/strong><\/h3>\n<p>El universo de\u00a0The Walking Dead\u00a0planea seguir expandi\u00e9ndose m\u00e1s all\u00e1 de los proyectos ya conocidos y eso no es ninguna sorpresa, pero\u00a0la \u00faltima declaraci\u00f3n de intenciones del jefe de contenidos de la franquicia supone un cambio de registro importante\u00a0que, sin duda, llama la atenci\u00f3n. Seg\u00fan ha adelantado\u00a0Scott Gimple, antiguo &#8216;showrunner&#8217; de la serie original y l\u00edder del universo zombi detr\u00e1s de las c\u00e1maras, en el programa especial\u00a0The Walking Dead Holiday Special\u00a0de AMC+ que\u00a0uno de sus proyectos de futuro es una \u00abcomedia convencional de\u00a0The Walking Dead\u00bb. Como lo lees.<\/p>\n<p>Tal y como ha explicado, este proyecto de comedia forma parte de un plan que avarca una variedad de miniseries, historias cortas y otras series o especiales limitadas o independientes que van a expandir el universo de\u00a0The Walking Dead. As\u00ed que s\u00ed, si las tres series actuales de la franquicia -la original,\u00a0Fear The Walking Dead\u00a0y\u00a0World Beyond- m\u00e1s los dos &#8216;spin-off&#8217; confirmados -el centrado en Daryl y Carol y\u00a0Tales of The Walking Dead- te parec\u00edan bastante, parece que podemos prepararnos para muchos otros proyectos.<\/p>\n<p>De momento es tota la informaci\u00f3n aportada por Gimple, que no es la primera vez que comenta algo parecido y, de hecho, ya dijo estar trabajando en\u00a0t\u00edtulos m\u00e1s ligeros dentro de la franquicia\u00a0en una entrevista con\u00a0The Hollywood Reporter\u00a0hace ahora m\u00e1s de un a\u00f1o.<\/p>\n<p>\u00abLa televisi\u00f3n est\u00e1 cambiando y eso es emocionante porque podemos contar historias en otros formatos que en temporadas de 16 episodios\u00bb, aseguraba entonces. \u00abCreo que seguiremos haciendo eso y tenemos planes para ello, pero\u00a0tambi\u00e9n tenemos planes para series de m\u00e1s corta duraci\u00f3n. Para miniseries, para especiales. Y aprovechar no solo de las diferentes historias que podemos contar sino de los diferentes formatos en las que podemos contarlas\u00bb.<\/p>\n<p>Tras el desenlace de la primera mitad de la\u00a0sexta temporada de\u00a0Fear The Walking Dead\u00a0y de la\u00a0primera de\u00a0World Beyond, la pr\u00f3xima vez que disfrutemos del universo zombi por excelencia ser\u00e1 en febrero, con el estreno de los seis episodios adicionales de la\u00a0temporada 10 de\u00a0The Walking Dead.<\/p>\n","protected":false},"excerpt":{"rendered":"<p>El jefe de contenido Scott Gimple ha adelantado nuevos proyectos de futuro que aporten una visi\u00f3n diferente a la que ya conocemos. El universo de\u00a0The Walking Dead\u00a0planea seguir expandi\u00e9ndose m\u00e1s all\u00e1 de los proyectos ya conocidos y eso no es ninguna sorpresa, pero\u00a0la \u00faltima declaraci\u00f3n de intenciones del jefe de contenidos de la franquicia supone [&hellip;]<\/p>\n","protected":false},"author":1,"featured_media":89603,"comment_status":"closed","ping_status":"closed","sticky":false,"template":"","format":"standard","meta":{"_seopress_robots_primary_cat":"","_seopress_titles_title":"","_seopress_titles_desc":"","_seopress_robots_index":"","footnotes":""},"categories":[3],"tags":[32678,32679],"class_list":{"0":"post-89602","1":"post","2":"type-post","3":"status-publish","4":"format-standard","5":"has-post-thumbnail","7":"category-cine-y-series","8":"tag-comedia-dentro-de-la-franquicia-zombi","9":"tag-the-walking-dead-comedia"},"_links":{"self":[{"href":"https:\/\/www.cordobatimes.com\/showup\/wp-json\/wp\/v2\/posts\/89602","targetHints":{"allow":["GET"]}}],"collection":[{"href":"https:\/\/www.cordobatimes.com\/showup\/wp-json\/wp\/v2\/posts"}],"about":[{"href":"https:\/\/www.cordobatimes.com\/showup\/wp-json\/wp\/v2\/types\/post"}],"author":[{"embeddable":true,"href":"https:\/\/www.cordobatimes.com\/showup\/wp-json\/wp\/v2\/users\/1"}],"replies":[{"embeddable":true,"href":"https:\/\/www.cordobatimes.com\/showup\/wp-json\/wp\/v2\/comments?post=89602"}],"version-history":[{"count":0,"href":"https:\/\/www.cordobatimes.com\/showup\/wp-json\/wp\/v2\/posts\/89602\/revisions"}],"wp:featuredmedia":[{"embeddable":true,"href":"https:\/\/www.cordobatimes.com\/showup\/wp-json\/wp\/v2\/media\/89603"}],"wp:attachment":[{"href":"https:\/\/www.cordobatimes.com\/showup\/wp-json\/wp\/v2\/media?parent=89602"}],"wp:term":[{"taxonomy":"category","embeddable":true,"href":"https:\/\/www.cordobatimes.com\/showup\/wp-json\/wp\/v2\/categories?post=89602"},{"taxonomy":"post_tag","embeddable":true,"href":"https:\/\/www.cordobatimes.com\/showup\/wp-json\/wp\/v2\/tags?post=89602"}],"curies":[{"name":"wp","href":"https:\/\/api.w.org\/{rel}","templated":true}]}}