{"id":89582,"date":"2020-12-04T13:09:08","date_gmt":"2020-12-04T16:09:08","guid":{"rendered":"https:\/\/www.cordobatimes.com\/showup\/?p=89582"},"modified":"2020-12-04T13:09:08","modified_gmt":"2020-12-04T16:09:08","slug":"tini-stoessel-estreno-su-disco-tini-tini-tini-y-el-videoclip-te-olvidare","status":"publish","type":"post","link":"https:\/\/www.cordobatimes.com\/showup\/musica\/2020\/12\/04\/tini-stoessel-estreno-su-disco-tini-tini-tini-y-el-videoclip-te-olvidare\/","title":{"rendered":"Tini Stoessel estren\u00f3  su disco &#8216;Tini Tini Tini&#8217; y  el videoclip &#8216;Te olvidar\u00e9&#8217;"},"content":{"rendered":"<h3><strong>El tan esperado disco de Tini Stoessel titulado Tini Tini Tini fue estrenado este jueves en todas las plataformas digitales de m\u00fasica.<\/strong><\/h3>\n<p>\u201cMi intenci\u00f3n es transmitir un mensaje de libertad sin perjuicios ni estereotipos, por eso utilic\u00e9 distintos g\u00e9neros musicales y diversas facetas est\u00e9ticas, me sent\u00ed con la libertad de expresar lo que quer\u00eda en cada canci\u00f3n\u201d, cont\u00f3 la artista sobre el disco, compuesto por 14 temas con ritmos variados.<\/p>\n<p>\u201cProbar, equivocarme, cambiar, aceptarme, fue fundamental para crecer como persona y artista. Nunca permitan que la mirada cr\u00edtica de otro los paralice. Hagan, creen, crean en ustedes, por que todo vinimos con un prop\u00f3sito\u201d, agreg\u00f3.<\/p>\n<p><img alt=\"\" loading=\"lazy\" decoding=\"async\" class=\"alignnone wp-image-89584 size-full\" src=\"https:\/\/www.cordobatimes.com\/showup\/wp-content\/uploads\/2020\/12\/tinistoessel_125311540_193954638889314_7214102612613724498_n-1024x1024.jpg_1563092755.jpg\" alt=\"\" width=\"800\" height=\"800\" srcset=\"https:\/\/www.cordobatimes.com\/showup\/wp-content\/uploads\/2020\/12\/tinistoessel_125311540_193954638889314_7214102612613724498_n-1024x1024.jpg_1563092755.jpg 800w, https:\/\/www.cordobatimes.com\/showup\/wp-content\/uploads\/2020\/12\/tinistoessel_125311540_193954638889314_7214102612613724498_n-1024x1024.jpg_1563092755-420x420.jpg 420w, https:\/\/www.cordobatimes.com\/showup\/wp-content\/uploads\/2020\/12\/tinistoessel_125311540_193954638889314_7214102612613724498_n-1024x1024.jpg_1563092755-768x768.jpg 768w, https:\/\/www.cordobatimes.com\/showup\/wp-content\/uploads\/2020\/12\/tinistoessel_125311540_193954638889314_7214102612613724498_n-1024x1024.jpg_1563092755-696x696.jpg 696w\" sizes=\"auto, (max-width: 800px) 100vw, 800px\" \/><\/p>\n<p>Para este proyecto, la cantante cont\u00f3 con la colaboraci\u00f3n de los\u00a0productores y compositores Andr\u00e9s Torres y Mauricio Rengifo, ganadores del premio a\u00a0Productor del A\u00f1o en los Latin Grammys 2020.<\/p>\n<p>Adem\u00e1s, trabaj\u00f3 junto a grandes figuras de la m\u00fasica latina e internacional, como Alejandro Sanz, en\u00a0Un beso en Madrid.<\/p>\n<p>Ella Dice\u00a0ft. KHEA;\u00a0Recuerdo\u00a0ft. Mau y Ricky;\u00a0Oye\u00a0ft. Sebasti\u00e1n Yatra;\u00a022\u00a0ft. Greeicy;\u00a0Fresa\u00a0ft. Lalo Ebratt;\u00a0y\u00a0Duele\u00a0ft. John C. son otras de las colaboraciones que aparecen en el \u00e1lbum, que fue lanzado junto al video musical de\u00a0Te Olvidar\u00e9.<\/p>\n<p>El domingo 6 de diciembre, la artista del momento, brindar\u00e1 un show en el marco de la presentaci\u00f3n de su tercer \u00e1lbum, \u201cTini Tini Tini\u201d. Desde las 19hs y con acceso gratuito para todo el p\u00fablico, se podr\u00e1 seguir en todo el mundo a trav\u00e9s de\u00a0claro.com.ar\/TINI.<\/p>\n<p><iframe loading=\"lazy\" width=\"560\" height=\"315\" src=\"https:\/\/www.youtube.com\/embed\/wICMDTmLsHw\" frameborder=\"0\" allow=\"accelerometer; autoplay; clipboard-write; encrypted-media; gyroscope; picture-in-picture\" allowfullscreen><\/iframe><\/p>\n","protected":false},"excerpt":{"rendered":"<p>El tan esperado disco de Tini Stoessel titulado Tini Tini Tini fue estrenado este jueves en todas las plataformas digitales de m\u00fasica. \u201cMi intenci\u00f3n es transmitir un mensaje de libertad sin perjuicios ni estereotipos, por eso utilic\u00e9 distintos g\u00e9neros musicales y diversas facetas est\u00e9ticas, me sent\u00ed con la libertad de expresar lo que quer\u00eda en [&hellip;]<\/p>\n","protected":false},"author":1,"featured_media":89583,"comment_status":"closed","ping_status":"closed","sticky":false,"template":"","format":"standard","meta":{"_seopress_robots_primary_cat":"","_seopress_titles_title":"","_seopress_titles_desc":"","_seopress_robots_index":"","footnotes":""},"categories":[5],"tags":[32668,32669],"class_list":{"0":"post-89582","1":"post","2":"type-post","3":"status-publish","4":"format-standard","5":"has-post-thumbnail","7":"category-musica","8":"tag-tini-stoessel-disco-tini-tini-tini","9":"tag-tini-stoessel-te-olvidare"},"_links":{"self":[{"href":"https:\/\/www.cordobatimes.com\/showup\/wp-json\/wp\/v2\/posts\/89582","targetHints":{"allow":["GET"]}}],"collection":[{"href":"https:\/\/www.cordobatimes.com\/showup\/wp-json\/wp\/v2\/posts"}],"about":[{"href":"https:\/\/www.cordobatimes.com\/showup\/wp-json\/wp\/v2\/types\/post"}],"author":[{"embeddable":true,"href":"https:\/\/www.cordobatimes.com\/showup\/wp-json\/wp\/v2\/users\/1"}],"replies":[{"embeddable":true,"href":"https:\/\/www.cordobatimes.com\/showup\/wp-json\/wp\/v2\/comments?post=89582"}],"version-history":[{"count":0,"href":"https:\/\/www.cordobatimes.com\/showup\/wp-json\/wp\/v2\/posts\/89582\/revisions"}],"wp:featuredmedia":[{"embeddable":true,"href":"https:\/\/www.cordobatimes.com\/showup\/wp-json\/wp\/v2\/media\/89583"}],"wp:attachment":[{"href":"https:\/\/www.cordobatimes.com\/showup\/wp-json\/wp\/v2\/media?parent=89582"}],"wp:term":[{"taxonomy":"category","embeddable":true,"href":"https:\/\/www.cordobatimes.com\/showup\/wp-json\/wp\/v2\/categories?post=89582"},{"taxonomy":"post_tag","embeddable":true,"href":"https:\/\/www.cordobatimes.com\/showup\/wp-json\/wp\/v2\/tags?post=89582"}],"curies":[{"name":"wp","href":"https:\/\/api.w.org\/{rel}","templated":true}]}}