{"id":89570,"date":"2020-12-03T09:43:20","date_gmt":"2020-12-03T12:43:20","guid":{"rendered":"https:\/\/www.cordobatimes.com\/showup\/?p=89570"},"modified":"2020-12-03T09:43:20","modified_gmt":"2020-12-03T12:43:20","slug":"sacan-a-friends-de-netflix-hasta-cuando-estara-disponible","status":"publish","type":"post","link":"https:\/\/www.cordobatimes.com\/showup\/cine-y-series\/2020\/12\/03\/sacan-a-friends-de-netflix-hasta-cuando-estara-disponible\/","title":{"rendered":"Sacan a \u00abFriends\u00bb de Netflix: \u00bfhasta cu\u00e1ndo estar\u00e1 disponible?"},"content":{"rendered":"<h3><strong>Habr\u00e1 un especial por el 25 aniversario de Friends que se realizar\u00e1 en esa plataforma y reunir\u00e1 a los seis protagonistas de la serie.\u00a0<\/strong><\/h3>\n<p>Friends\u00bb, la sitcom protagonizada por Jennifer Aniston, Courteney Cox, Lisa Kudrow, Matt LeBlanc, Matthew Perry y David Schwimmer, se despidir\u00eda de Netflix el 1 enero de 2021. As\u00ed lo anunciaron diferentes medios en las \u00faltimas horas.<\/p>\n<p>Seg\u00fan se inform\u00f3, la serie estar\u00e1 disponible en\u00a0HBO Max,\u00a0que llegar\u00e1 a Latinoam\u00e9rica en el primer semestre del pr\u00f3ximo a\u00f1o. Lo cierto es que la noticia no tard\u00f3 en impactar en seguidores y seguidoras de la serie.<\/p>\n<p>Recordemos que habr\u00e1\u00a0un especial por el 25 aniversario de Friends\u00a0que realizar\u00e1 en esa plataforma y reunir\u00e1 a los seis protagonistas de la serie. Seg\u00fan inform\u00f3 el actor que interpreta a\u00a0Chandler, el rodaje ser\u00e1 en 2021.<\/p>\n<p>\u00abLa reuni\u00f3n de \u00b4Friends\u00b4se reprograma para principios de marzo. Parece que tenemos un a\u00f1o muy ocupado\u00bb, tuite\u00f3 el actor. Estaba destinado a ser parte del lanzamiento de HBO Max en mayo pero la pandemia retras\u00f3 los planes.<\/p>\n<p><img alt=\"\" loading=\"lazy\" decoding=\"async\" class=\"alignnone size-medium wp-image-89572\" src=\"https:\/\/www.cordobatimes.com\/showup\/wp-content\/uploads\/2020\/12\/chan.jpg_1677014713-750x291.jpg\" alt=\"\" width=\"750\" height=\"291\" srcset=\"https:\/\/www.cordobatimes.com\/showup\/wp-content\/uploads\/2020\/12\/chan.jpg_1677014713-750x291.jpg 750w, https:\/\/www.cordobatimes.com\/showup\/wp-content\/uploads\/2020\/12\/chan.jpg_1677014713-760x295.jpg 760w, https:\/\/www.cordobatimes.com\/showup\/wp-content\/uploads\/2020\/12\/chan.jpg_1677014713-768x298.jpg 768w, https:\/\/www.cordobatimes.com\/showup\/wp-content\/uploads\/2020\/12\/chan.jpg_1677014713-696x270.jpg 696w, https:\/\/www.cordobatimes.com\/showup\/wp-content\/uploads\/2020\/12\/chan.jpg_1677014713.jpg 800w\" sizes=\"auto, (max-width: 750px) 100vw, 750px\" \/><\/p>\n","protected":false},"excerpt":{"rendered":"<p>Habr\u00e1 un especial por el 25 aniversario de Friends que se realizar\u00e1 en esa plataforma y reunir\u00e1 a los seis protagonistas de la serie.\u00a0 Friends\u00bb, la sitcom protagonizada por Jennifer Aniston, Courteney Cox, Lisa Kudrow, Matt LeBlanc, Matthew Perry y David Schwimmer, se despidir\u00eda de Netflix el 1 enero de 2021. As\u00ed lo anunciaron diferentes [&hellip;]<\/p>\n","protected":false},"author":1,"featured_media":89571,"comment_status":"closed","ping_status":"closed","sticky":false,"template":"","format":"standard","meta":{"_seopress_robots_primary_cat":"","_seopress_titles_title":"","_seopress_titles_desc":"","_seopress_robots_index":"","footnotes":""},"categories":[3],"tags":[32662,32661],"class_list":{"0":"post-89570","1":"post","2":"type-post","3":"status-publish","4":"format-standard","5":"has-post-thumbnail","7":"category-cine-y-series","8":"tag-friends-netflix","9":"tag-sacan-a-friends-de-netflix"},"_links":{"self":[{"href":"https:\/\/www.cordobatimes.com\/showup\/wp-json\/wp\/v2\/posts\/89570","targetHints":{"allow":["GET"]}}],"collection":[{"href":"https:\/\/www.cordobatimes.com\/showup\/wp-json\/wp\/v2\/posts"}],"about":[{"href":"https:\/\/www.cordobatimes.com\/showup\/wp-json\/wp\/v2\/types\/post"}],"author":[{"embeddable":true,"href":"https:\/\/www.cordobatimes.com\/showup\/wp-json\/wp\/v2\/users\/1"}],"replies":[{"embeddable":true,"href":"https:\/\/www.cordobatimes.com\/showup\/wp-json\/wp\/v2\/comments?post=89570"}],"version-history":[{"count":0,"href":"https:\/\/www.cordobatimes.com\/showup\/wp-json\/wp\/v2\/posts\/89570\/revisions"}],"wp:featuredmedia":[{"embeddable":true,"href":"https:\/\/www.cordobatimes.com\/showup\/wp-json\/wp\/v2\/media\/89571"}],"wp:attachment":[{"href":"https:\/\/www.cordobatimes.com\/showup\/wp-json\/wp\/v2\/media?parent=89570"}],"wp:term":[{"taxonomy":"category","embeddable":true,"href":"https:\/\/www.cordobatimes.com\/showup\/wp-json\/wp\/v2\/categories?post=89570"},{"taxonomy":"post_tag","embeddable":true,"href":"https:\/\/www.cordobatimes.com\/showup\/wp-json\/wp\/v2\/tags?post=89570"}],"curies":[{"name":"wp","href":"https:\/\/api.w.org\/{rel}","templated":true}]}}