{"id":89562,"date":"2020-11-30T13:44:37","date_gmt":"2020-11-30T16:44:37","guid":{"rendered":"https:\/\/www.cordobatimes.com\/showup\/?p=89562"},"modified":"2020-11-30T13:44:37","modified_gmt":"2020-11-30T16:44:37","slug":"algodon-organico-lino-y-seda-las-nuevas-tendencias","status":"publish","type":"post","link":"https:\/\/www.cordobatimes.com\/showup\/moda-y-estilos\/2020\/11\/30\/algodon-organico-lino-y-seda-las-nuevas-tendencias\/","title":{"rendered":"Algod\u00f3n org\u00e1nico, lino y seda, las nuevas tendencias"},"content":{"rendered":"<h3><strong>Lo org\u00e1nico empieza a ser el \u00edtem de moda.<\/strong><\/h3>\n<p>La dise\u00f1adora italiana Fabiana Filippi es muy conocida por sus colecciones donde el cachemire siempre es el centro de atenci\u00f3n.<\/p>\n<p>Pero para esta temporada primavera verano, su estrategia cambi\u00f3 y llev\u00f3 el lujo para otros g\u00e9neros como el\u00a0algod\u00f3n org\u00e1nico, el lino y la seda.<\/p>\n<p>Sobresalieron las\u00a0siluetas elegantes, ligeras y muy juveniles.<\/p>\n<p>Las\u00a0texturas fueron el foco\u00a0y el puntap\u00ede inicial para armar la colecci\u00f3n donde el mix fue un punto al que la Fabiana Filippi se enfoc\u00f3 desde un principio.<\/p>\n<p>La\u00a0sastrer\u00eda\u00a0fue uno de los puntos fuertes, se presentaron conjuntos de dos piezas donde el\u00a0saco se combinaba con bermudas\u00a0en lugar de pantalones largos.<\/p>\n<p><img alt=\"\" loading=\"lazy\" decoding=\"async\" class=\"wp-image-89564 size-full\" src=\"https:\/\/www.cordobatimes.com\/showup\/wp-content\/uploads\/2020\/11\/Fabians-Fillippi-1-683x1024-1.jpg\" alt=\"\" width=\"683\" height=\"1024\" srcset=\"https:\/\/www.cordobatimes.com\/showup\/wp-content\/uploads\/2020\/11\/Fabians-Fillippi-1-683x1024-1.jpg 683w, https:\/\/www.cordobatimes.com\/showup\/wp-content\/uploads\/2020\/11\/Fabians-Fillippi-1-683x1024-1-280x420.jpg 280w\" sizes=\"auto, (max-width: 683px) 100vw, 683px\" \/><\/p>\n<figure id=\"attachment_89565\" aria-describedby=\"caption-attachment-89565\" style=\"width: 683px\" class=\"wp-caption alignnone\"><img alt=\"\" loading=\"lazy\" decoding=\"async\" class=\"wp-image-89565 size-full\" src=\"https:\/\/www.cordobatimes.com\/showup\/wp-content\/uploads\/2020\/11\/Fabians-Fillippi-6-683x1024-1.jpg\" alt=\"\" width=\"683\" height=\"1024\" srcset=\"https:\/\/www.cordobatimes.com\/showup\/wp-content\/uploads\/2020\/11\/Fabians-Fillippi-6-683x1024-1.jpg 683w, https:\/\/www.cordobatimes.com\/showup\/wp-content\/uploads\/2020\/11\/Fabians-Fillippi-6-683x1024-1-280x420.jpg 280w\" sizes=\"auto, (max-width: 683px) 100vw, 683px\" \/><figcaption id=\"caption-attachment-89565\" class=\"wp-caption-text\">\u00a0<\/figcaption><\/figure>\n<figure id=\"attachment_89566\" aria-describedby=\"caption-attachment-89566\" style=\"width: 683px\" class=\"wp-caption alignnone\"><img alt=\"\" loading=\"lazy\" decoding=\"async\" class=\"wp-image-89566 size-full\" src=\"https:\/\/www.cordobatimes.com\/showup\/wp-content\/uploads\/2020\/11\/Fabians-Fillippi-11-683x1024-1.jpg\" alt=\"\" width=\"683\" height=\"1024\" srcset=\"https:\/\/www.cordobatimes.com\/showup\/wp-content\/uploads\/2020\/11\/Fabians-Fillippi-11-683x1024-1.jpg 683w, https:\/\/www.cordobatimes.com\/showup\/wp-content\/uploads\/2020\/11\/Fabians-Fillippi-11-683x1024-1-280x420.jpg 280w\" sizes=\"auto, (max-width: 683px) 100vw, 683px\" \/><figcaption id=\"caption-attachment-89566\" class=\"wp-caption-text\">\u00a0<\/figcaption><\/figure>\n<figure id=\"attachment_89567\" aria-describedby=\"caption-attachment-89567\" style=\"width: 683px\" class=\"wp-caption alignnone\"><img alt=\"\" loading=\"lazy\" decoding=\"async\" class=\"wp-image-89567 size-full\" src=\"https:\/\/www.cordobatimes.com\/showup\/wp-content\/uploads\/2020\/11\/Fabians-Fillippi-12-683x1024-1.jpg\" alt=\"\" width=\"683\" height=\"1024\" srcset=\"https:\/\/www.cordobatimes.com\/showup\/wp-content\/uploads\/2020\/11\/Fabians-Fillippi-12-683x1024-1.jpg 683w, https:\/\/www.cordobatimes.com\/showup\/wp-content\/uploads\/2020\/11\/Fabians-Fillippi-12-683x1024-1-280x420.jpg 280w\" sizes=\"auto, (max-width: 683px) 100vw, 683px\" \/><figcaption id=\"caption-attachment-89567\" class=\"wp-caption-text\">\u00a0<\/figcaption><\/figure>\n<figure id=\"attachment_89568\" aria-describedby=\"caption-attachment-89568\" style=\"width: 683px\" class=\"wp-caption alignnone\"><img alt=\"\" loading=\"lazy\" decoding=\"async\" class=\"wp-image-89568 size-full\" src=\"https:\/\/www.cordobatimes.com\/showup\/wp-content\/uploads\/2020\/11\/Fabians-Fillippi-15-683x1024-1.jpg\" alt=\"\" width=\"683\" height=\"1024\" srcset=\"https:\/\/www.cordobatimes.com\/showup\/wp-content\/uploads\/2020\/11\/Fabians-Fillippi-15-683x1024-1.jpg 683w, https:\/\/www.cordobatimes.com\/showup\/wp-content\/uploads\/2020\/11\/Fabians-Fillippi-15-683x1024-1-280x420.jpg 280w\" sizes=\"auto, (max-width: 683px) 100vw, 683px\" \/><figcaption id=\"caption-attachment-89568\" class=\"wp-caption-text\">\u00a0<\/figcaption><\/figure>\n","protected":false},"excerpt":{"rendered":"<p>Lo org\u00e1nico empieza a ser el \u00edtem de moda. La dise\u00f1adora italiana Fabiana Filippi es muy conocida por sus colecciones donde el cachemire siempre es el centro de atenci\u00f3n. Pero para esta temporada primavera verano, su estrategia cambi\u00f3 y llev\u00f3 el lujo para otros g\u00e9neros como el\u00a0algod\u00f3n org\u00e1nico, el lino y la seda. Sobresalieron las\u00a0siluetas [&hellip;]<\/p>\n","protected":false},"author":1,"featured_media":89563,"comment_status":"closed","ping_status":"closed","sticky":false,"template":"","format":"standard","meta":{"_seopress_robots_primary_cat":"","_seopress_titles_title":"","_seopress_titles_desc":"","_seopress_robots_index":"","footnotes":""},"categories":[228],"tags":[32207,32344,32658],"class_list":{"0":"post-89562","1":"post","2":"type-post","3":"status-publish","4":"format-standard","5":"has-post-thumbnail","7":"category-moda-y-estilos","8":"tag-tendencias-de-moda-2021","9":"tag-tendencias-de-verano-2021","10":"tag-verano-2021-moda"},"_links":{"self":[{"href":"https:\/\/www.cordobatimes.com\/showup\/wp-json\/wp\/v2\/posts\/89562","targetHints":{"allow":["GET"]}}],"collection":[{"href":"https:\/\/www.cordobatimes.com\/showup\/wp-json\/wp\/v2\/posts"}],"about":[{"href":"https:\/\/www.cordobatimes.com\/showup\/wp-json\/wp\/v2\/types\/post"}],"author":[{"embeddable":true,"href":"https:\/\/www.cordobatimes.com\/showup\/wp-json\/wp\/v2\/users\/1"}],"replies":[{"embeddable":true,"href":"https:\/\/www.cordobatimes.com\/showup\/wp-json\/wp\/v2\/comments?post=89562"}],"version-history":[{"count":0,"href":"https:\/\/www.cordobatimes.com\/showup\/wp-json\/wp\/v2\/posts\/89562\/revisions"}],"wp:featuredmedia":[{"embeddable":true,"href":"https:\/\/www.cordobatimes.com\/showup\/wp-json\/wp\/v2\/media\/89563"}],"wp:attachment":[{"href":"https:\/\/www.cordobatimes.com\/showup\/wp-json\/wp\/v2\/media?parent=89562"}],"wp:term":[{"taxonomy":"category","embeddable":true,"href":"https:\/\/www.cordobatimes.com\/showup\/wp-json\/wp\/v2\/categories?post=89562"},{"taxonomy":"post_tag","embeddable":true,"href":"https:\/\/www.cordobatimes.com\/showup\/wp-json\/wp\/v2\/tags?post=89562"}],"curies":[{"name":"wp","href":"https:\/\/api.w.org\/{rel}","templated":true}]}}