{"id":89552,"date":"2020-11-27T13:30:38","date_gmt":"2020-11-27T16:30:38","guid":{"rendered":"https:\/\/www.cordobatimes.com\/showup\/?p=89552"},"modified":"2020-11-27T13:30:38","modified_gmt":"2020-11-27T16:30:38","slug":"los-colores-que-se-vienen-este-verano-2021","status":"publish","type":"post","link":"https:\/\/www.cordobatimes.com\/showup\/moda-y-estilos\/2020\/11\/27\/los-colores-que-se-vienen-este-verano-2021\/","title":{"rendered":"Los colores que se vienen este verano 2021"},"content":{"rendered":"<h3><strong>Con una paleta de color vibrante y veraniega, el cuero ovino y el lino son los g\u00e9neros \u201cit\u201d de la temporada.<\/strong><\/h3>\n<p>Una de ellas es\u00a0B\u014dken,\u00a0que desde el\u00a02015 se destaca por su indumentaria y accesorios de cuero ovino de aut\u00e9ntico origen italiano que\u00a0desde aquel entonces es elegida por famosas argentinas como Agustina C\u00f3rdova, Luli Fern\u00e1ndez, Tefi Russo, la China Su\u00e1rez y Celeste Cid.<\/p>\n<p>Este verano, esta exclusiva marca llam\u00f3 a su colecci\u00f3n de verano\u00a0\u201cThe Journey\u201d, y enviaron a\u00a0desarrollar a Italia una paleta de colores en cuero ovino \u00fanico\u00a0en el pa\u00eds. Entre los protagonistas de esta nueva gama se pueden ver:\u00a0lima, off-white, arena, rub\u00ed, aqua, verde, y hasta\u00a0colores metalizados\u00a0como\u00a0plata y rosa.\u00a0Por supuesto, que no faltar\u00e1n los colores cl\u00e1sicos como\u00a0negro, blanco y rojo,\u00a0que ya son b\u00e1sicos para tener en el guardarropa.<\/p>\n<p>\u201cEn particular, para esta colecci\u00f3n primavera-verano, se dise\u00f1\u00f3 un conjunto de l\u00edneas sumamente vers\u00e1tiles, teniendo en cuenta que el producto final sea atemporal, resaltando la est\u00e9tica y, por supuesto, la calidad. Tratamos de no seguir tendencias, sino de crear un estilo \u00fanico que con tan solo ver una prenda, la identifiquen con B\u014dken\u201d.<\/p>\n<p>Sobre esta nueva temporada, comentaron que\u00a0no pueden elegir una sola prenda estrella de la colecci\u00f3n porque toda lo es, pero destacan un conjunto de short y camisa llamado \u201cVerona\u00bb, que resalta entre todos los dise\u00f1os del cuero, una camisa recta y suelta con un detalle de matelasseado en sus mangas de un corte japon\u00e9s, y un short amplio con el\u00e1stico en la cintura, ambos con costuras a contra tono.<\/p>\n<p><img alt=\"\" loading=\"lazy\" decoding=\"async\" class=\"alignnone wp-image-89554 size-full\" src=\"https:\/\/www.cordobatimes.com\/showup\/wp-content\/uploads\/2020\/11\/03.jpg\" alt=\"\" width=\"512\" height=\"613\" srcset=\"https:\/\/www.cordobatimes.com\/showup\/wp-content\/uploads\/2020\/11\/03.jpg 512w, https:\/\/www.cordobatimes.com\/showup\/wp-content\/uploads\/2020\/11\/03-351x420.jpg 351w\" sizes=\"auto, (max-width: 512px) 100vw, 512px\" \/> <img alt=\"\" loading=\"lazy\" decoding=\"async\" class=\"alignnone wp-image-89555 size-full\" src=\"https:\/\/www.cordobatimes.com\/showup\/wp-content\/uploads\/2020\/11\/01.jpg\" alt=\"\" width=\"456\" height=\"628\" srcset=\"https:\/\/www.cordobatimes.com\/showup\/wp-content\/uploads\/2020\/11\/01.jpg 456w, https:\/\/www.cordobatimes.com\/showup\/wp-content\/uploads\/2020\/11\/01-305x420.jpg 305w\" sizes=\"auto, (max-width: 456px) 100vw, 456px\" \/> <img alt=\"\" loading=\"lazy\" decoding=\"async\" class=\"alignnone wp-image-89556 size-full\" src=\"https:\/\/www.cordobatimes.com\/showup\/wp-content\/uploads\/2020\/11\/02-1.jpg\" alt=\"\" width=\"453\" height=\"619\" srcset=\"https:\/\/www.cordobatimes.com\/showup\/wp-content\/uploads\/2020\/11\/02-1.jpg 453w, https:\/\/www.cordobatimes.com\/showup\/wp-content\/uploads\/2020\/11\/02-1-307x420.jpg 307w\" sizes=\"auto, (max-width: 453px) 100vw, 453px\" \/><\/p>\n","protected":false},"excerpt":{"rendered":"<p>Con una paleta de color vibrante y veraniega, el cuero ovino y el lino son los g\u00e9neros \u201cit\u201d de la temporada. Una de ellas es\u00a0B\u014dken,\u00a0que desde el\u00a02015 se destaca por su indumentaria y accesorios de cuero ovino de aut\u00e9ntico origen italiano que\u00a0desde aquel entonces es elegida por famosas argentinas como Agustina C\u00f3rdova, Luli Fern\u00e1ndez, Tefi [&hellip;]<\/p>\n","protected":false},"author":1,"featured_media":89553,"comment_status":"closed","ping_status":"closed","sticky":false,"template":"","format":"standard","meta":{"_seopress_robots_primary_cat":"","_seopress_titles_title":"","_seopress_titles_desc":"","_seopress_robots_index":"","footnotes":""},"categories":[228],"tags":[32575,32658],"class_list":{"0":"post-89552","1":"post","2":"type-post","3":"status-publish","4":"format-standard","5":"has-post-thumbnail","7":"category-moda-y-estilos","8":"tag-colores-de-verano-2021","9":"tag-verano-2021-moda"},"_links":{"self":[{"href":"https:\/\/www.cordobatimes.com\/showup\/wp-json\/wp\/v2\/posts\/89552","targetHints":{"allow":["GET"]}}],"collection":[{"href":"https:\/\/www.cordobatimes.com\/showup\/wp-json\/wp\/v2\/posts"}],"about":[{"href":"https:\/\/www.cordobatimes.com\/showup\/wp-json\/wp\/v2\/types\/post"}],"author":[{"embeddable":true,"href":"https:\/\/www.cordobatimes.com\/showup\/wp-json\/wp\/v2\/users\/1"}],"replies":[{"embeddable":true,"href":"https:\/\/www.cordobatimes.com\/showup\/wp-json\/wp\/v2\/comments?post=89552"}],"version-history":[{"count":0,"href":"https:\/\/www.cordobatimes.com\/showup\/wp-json\/wp\/v2\/posts\/89552\/revisions"}],"wp:featuredmedia":[{"embeddable":true,"href":"https:\/\/www.cordobatimes.com\/showup\/wp-json\/wp\/v2\/media\/89553"}],"wp:attachment":[{"href":"https:\/\/www.cordobatimes.com\/showup\/wp-json\/wp\/v2\/media?parent=89552"}],"wp:term":[{"taxonomy":"category","embeddable":true,"href":"https:\/\/www.cordobatimes.com\/showup\/wp-json\/wp\/v2\/categories?post=89552"},{"taxonomy":"post_tag","embeddable":true,"href":"https:\/\/www.cordobatimes.com\/showup\/wp-json\/wp\/v2\/tags?post=89552"}],"curies":[{"name":"wp","href":"https:\/\/api.w.org\/{rel}","templated":true}]}}