{"id":89525,"date":"2020-11-24T22:14:53","date_gmt":"2020-11-25T01:14:53","guid":{"rendered":"https:\/\/www.cordobatimes.com\/showup\/?p=89525"},"modified":"2020-11-24T22:17:12","modified_gmt":"2020-11-25T01:17:12","slug":"los-sonambulos-la-candidata-argentina-a-los-premios-oscar","status":"publish","type":"post","link":"https:\/\/www.cordobatimes.com\/showup\/cine-y-series\/2020\/11\/24\/los-sonambulos-la-candidata-argentina-a-los-premios-oscar\/","title":{"rendered":"\u00abLos Son\u00e1mbulos\u00bb la candidata argentina a los Premios Oscar"},"content":{"rendered":"<h3><strong>Se conoci\u00f3 que la cinta protagonizada por \u00c9rica Rivas ser\u00e1 la representante del pa\u00eds para elegir a los nominados de los Premios de la Academia de Cine.<\/strong><\/h3>\n<p>Esta tarde, finalmente, entre la expectativa y los varios t\u00edtulos que se barajaban se supo: \u00abLos Son\u00e1mbulos\u00bb, la pel\u00edcula de Paula Hern\u00e1ndez ganadora en 2019 en el Festival de Mar del Plata: Selecci\u00f3n oficial largometrajes a concurso, es la candidata argentina a los Premios Oscar.<\/p>\n<p>La pel\u00edcula explora el despertar de una adolescente son\u00e1mbula y su madre (\u00c9rica Rivas), en una familia enmarcada por las tradiciones,\u00a0ritualista, matriarcal y endog\u00e1mica. A medida que el film comienza a avanzar, se ir\u00e1n desnudando las grietas de cada uno de los integrantes del clan en un verano dentro de la hist\u00f3rica casona familiar.<\/p>\n<p>\u00abLos Son\u00e1mbulos\u00bb, tambi\u00e9n ganadora en el Festival de La Habana, en sus categor\u00edas como Mejor pel\u00edcula, gui\u00f3n y actriz (para Rivas), fue anunciada como la representante del pa\u00eds para elegir a los nominados de los Premios de la Academia de Cine en el marco de la entrega de los Premios Sur, que a su vez comunican a la pel\u00edcula nacional que ser\u00e1 evaluada para integrar el listado de la Mejor Pel\u00edcula Internacional.<\/p>\n<p>La pel\u00edcula podr\u00eda ser la segunda candidatura de \u00c9rica Rivas a los Premios Oscar, recordemos que la primera fue con \u00abRelatos Salvajes\u00bb, aunque la estatuilla fue para la polaca \u00abIda\u00bb. El elenco tambi\u00e9n se completa con figuras como Maril\u00fa Marini, Ornella D\u2019El\u00eda, Daniel Hendler y Luis Ziembrowski.<\/p>\n<p>\u00bfQu\u00e9 instancias faltar\u00edan para ser una de las nominadas al Oscar?<br \/>\n\u00abLos Son\u00e1mbulos\u00bb viaja hacia los sobres que elegir\u00e1 la Academia de Artes y Ciencias Cinematogr\u00e1ficas de Hollywood. Semanas antes de anunciar las nominaciones (este a\u00f1o el 15 de marzo), una lista de 9 pel\u00edculas de habla no inglesa preseleccionadas y luego define cu\u00e1les ser\u00e1n las cinco candidatas que competir\u00e1n por la estatuilla.<\/p>\n<p>Este a\u00f1o, la ceremonia estima celebrarse el 25 de abril de 2021, en lugar del 28 de febrero como estaba previsto en un principio dado el estallido de la pandemia por el nuevo coronavirus.<\/p>\n<p><iframe loading=\"lazy\" width=\"560\" height=\"315\" src=\"https:\/\/www.youtube.com\/embed\/d9UK1_NAScs\" frameborder=\"0\" allow=\"accelerometer; autoplay; clipboard-write; encrypted-media; gyroscope; picture-in-picture\" allowfullscreen><\/iframe><\/p>\n","protected":false},"excerpt":{"rendered":"<p>Se conoci\u00f3 que la cinta protagonizada por \u00c9rica Rivas ser\u00e1 la representante del pa\u00eds para elegir a los nominados de los Premios de la Academia de Cine. Esta tarde, finalmente, entre la expectativa y los varios t\u00edtulos que se barajaban se supo: \u00abLos Son\u00e1mbulos\u00bb, la pel\u00edcula de Paula Hern\u00e1ndez ganadora en 2019 en el Festival [&hellip;]<\/p>\n","protected":false},"author":1,"featured_media":89528,"comment_status":"closed","ping_status":"closed","sticky":false,"template":"","format":"standard","meta":{"_seopress_robots_primary_cat":"","_seopress_titles_title":"","_seopress_titles_desc":"","_seopress_robots_index":"","footnotes":""},"categories":[3],"tags":[32644,32643],"class_list":{"0":"post-89525","1":"post","2":"type-post","3":"status-publish","4":"format-standard","5":"has-post-thumbnail","7":"category-cine-y-series","8":"tag-los-sonambulos-pelicula-argentina-candidata-a-los-premios-oscar","9":"tag-los-sonambulos-premios-oscar"},"_links":{"self":[{"href":"https:\/\/www.cordobatimes.com\/showup\/wp-json\/wp\/v2\/posts\/89525","targetHints":{"allow":["GET"]}}],"collection":[{"href":"https:\/\/www.cordobatimes.com\/showup\/wp-json\/wp\/v2\/posts"}],"about":[{"href":"https:\/\/www.cordobatimes.com\/showup\/wp-json\/wp\/v2\/types\/post"}],"author":[{"embeddable":true,"href":"https:\/\/www.cordobatimes.com\/showup\/wp-json\/wp\/v2\/users\/1"}],"replies":[{"embeddable":true,"href":"https:\/\/www.cordobatimes.com\/showup\/wp-json\/wp\/v2\/comments?post=89525"}],"version-history":[{"count":0,"href":"https:\/\/www.cordobatimes.com\/showup\/wp-json\/wp\/v2\/posts\/89525\/revisions"}],"wp:featuredmedia":[{"embeddable":true,"href":"https:\/\/www.cordobatimes.com\/showup\/wp-json\/wp\/v2\/media\/89528"}],"wp:attachment":[{"href":"https:\/\/www.cordobatimes.com\/showup\/wp-json\/wp\/v2\/media?parent=89525"}],"wp:term":[{"taxonomy":"category","embeddable":true,"href":"https:\/\/www.cordobatimes.com\/showup\/wp-json\/wp\/v2\/categories?post=89525"},{"taxonomy":"post_tag","embeddable":true,"href":"https:\/\/www.cordobatimes.com\/showup\/wp-json\/wp\/v2\/tags?post=89525"}],"curies":[{"name":"wp","href":"https:\/\/api.w.org\/{rel}","templated":true}]}}