{"id":89522,"date":"2020-11-24T21:24:51","date_gmt":"2020-11-25T00:24:51","guid":{"rendered":"https:\/\/www.cordobatimes.com\/showup\/?p=89522"},"modified":"2020-11-24T21:24:51","modified_gmt":"2020-11-25T00:24:51","slug":"la-lista-completa-de-los-ganadores-de-los-premios-sur","status":"publish","type":"post","link":"https:\/\/www.cordobatimes.com\/showup\/cine-y-series\/2020\/11\/24\/la-lista-completa-de-los-ganadores-de-los-premios-sur\/","title":{"rendered":"La lista completa de los ganadores de los Premios Sur"},"content":{"rendered":"<h3><strong>La tarde de este martes es una de las fechas importantes para el cine argentino.<\/strong><\/h3>\n<p>El anuncio de los ganadores de las diecinueve categor\u00edas de los\u00a0Premios SUR edici\u00f3n 2019\u00a0se realiz\u00f3 bajo el protocolo para la realizaci\u00f3n de eventos culturales al aire libre\u00a0con p\u00fablico, cuyo objetivo es permitir la realizaci\u00f3n de todo tipo de acontecimiento cultural\u00a0salvaguardando las normas de seguridad sanitaria para los concurrentes.<\/p>\n<p>La entrega se realiz\u00f3 por la tarde de este martes en el Museo Larreta y su apertura cont\u00f3 con unas palabras del Ministro de Cultura de la Ciudad de Buenos Aires,\u00a0Enrique Avogadro.\u00a0En un a\u00f1o en que los rodajes y producciones estuvieron interrumpidos y muchos estrenos debieron desembarcar directo en el streamig, continuar celebrando cine es un hecho enorme y significativo que no debemos pasar por alto, sobre todo, entendiendo al cine como un arte que nos representa, y expone vivencias, adem\u00e1s de entretenimiento.<\/p>\n<p>Entre las m\u00e1s nominadas,\u00a0\u00abLos Son\u00e1mbulos\u00bb\u00a0alcanz\u00f3 14 ternas; seguida por\u00a0\u00abEl cuento de las comadrejas\u00bb, de\u00a0Juan Jos\u00e9 Campanella, que reuni\u00f3 11;\u00a0\u00a0\u00abLas buenas intenciones\u00bb, de\u00a0Ana Garc\u00eda Blaya;\u00a0\u00abLa odisea de los giles\u00bb, de\u00a0Sebasti\u00e1n Borensztein; y\u00a0\u00abSue\u00f1o Florian\u00f3polis\u00bb, de\u00a0Ana Katz.<\/p>\n<p>En total \u201cLas Buenas Intenciones\u201d obtuvo 5 premios al igual que \u201cLos Son\u00e1mbulos\u201d; sigui\u00f3 \u201cMuere, Monstruo, Muere\u201d con 3; 2 con \u201cEl Cuento de las Comadrejas\u201d; y 1 para \u201cAs\u00ed habl\u00f3 el cambista\u201d, \u201cFlora no es un canto a la vida\u201d, \u201cLa Odisea de los Giles\u201d y \u201cSue\u00f1o Florian\u00f3polis\u201d.<\/p>\n<p><strong>Lista completa de ganadores:<\/strong><\/p>\n<p>MEJOR ACTOR DE REPARTO: Sebasti\u00e1n Arzeno por \u201cLas Buenas Intenciones\u201d<br \/>\nMEJOR GUI\u00d3N ORIGINAL: Ana Garc\u00eda Blaya por \u201cLas Buenas Intenciones\u201d<br \/>\nMEJOR GUI\u00d3N ADAPTADO: Arauco Hern\u00e1ndez, Mart\u00edn Mauregui y Federico Veiroj por \u201cAs\u00ed habl\u00f3 el cambista\u201d basada en la novela \u00abAs\u00ed habl\u00f3 el cambista\u00bb de Juan E. Gruber.<br \/>\nMEJOR DIRECCI\u00d3N DE ARTE: Laura Caligiuri por \u201cMuere, Monstruo, Muere\u201d<br \/>\nMEJOR VESTUARIO: M\u00f3nica Toschi por \u201cLos Son\u00e1mbulos\u201d<br \/>\nMEJOR MAQUILLAJE Y CARACTERIZACI\u00d3N: \u00c1ngela Garacija por \u201cLos Son\u00e1mbulos\u201d<br \/>\nREVELACI\u00d3N FEMENINA: Amanda Minuj\u00edn por \u201cLas Buenas Intenciones\u201d<br \/>\nMEJOR FOTOGRAF\u00cdA: Juli\u00e1n Apeztegu\u00eda y Manuel Rebella por \u201cMuere, Monstruo, Muere\u201d<br \/>\nMEJOR PEL\u00cdCULA DOCUMENTAL: \u201cFlora no es un canto a la vida\u201d dirigida por Iair Said<br \/>\nMEJOR ACTRIZ DE REPARTO: Ver\u00f3nica Llin\u00e1s por \u201cLa Odisea de los Giles\u201d<br \/>\nMEJOR SONIDO: Jos\u00e9 Luis Diaz (\u2020) por \u201cEl Cuento de las Comadrejas\u201d<br \/>\nMEJOR MONTAJE: Andr\u00e9s Estrada por \u201cMuere, Monstruo, Muere\u201d<br \/>\nREVELACI\u00d3N MASCULINA: Sebasti\u00e1n Arzeno por \u201cLas Buenas Intenciones\u201d<br \/>\nMEJOR M\u00daSICA ORIGINAL: Pedro Onetto por \u201cLos Son\u00e1mbulos\u201d<br \/>\nMEJOR \u00d3PERA PRIMA: \u201cLas Buenas Intenciones\u201d dirigida por Ana Garc\u00eda Blaya<br \/>\nMEJOR ACTRIZ PROTAG\u00d3NICA: Graciela Borges por \u201cEl Cuento de las Comadrejas\u201d<br \/>\nMEJOR ACTOR PROTAG\u00d3NICO: Gustavo Garz\u00f3n por \u00abSue\u00f1o de Florian\u00f3polis\u00bb<br \/>\nMEJOR DIRECCI\u00d3N: Paula Hern\u00e1ndez por \u201cLos Son\u00e1mbulos\u201d<br \/>\nMEJOR PEL\u00cdCULA DE FICCI\u00d3N: \u201cLos Son\u00e1mbulos\u201d dirigida por Paula Hern\u00e1ndez.<\/p>\n","protected":false},"excerpt":{"rendered":"<p>La tarde de este martes es una de las fechas importantes para el cine argentino. El anuncio de los ganadores de las diecinueve categor\u00edas de los\u00a0Premios SUR edici\u00f3n 2019\u00a0se realiz\u00f3 bajo el protocolo para la realizaci\u00f3n de eventos culturales al aire libre\u00a0con p\u00fablico, cuyo objetivo es permitir la realizaci\u00f3n de todo tipo de acontecimiento cultural\u00a0salvaguardando [&hellip;]<\/p>\n","protected":false},"author":1,"featured_media":89523,"comment_status":"closed","ping_status":"closed","sticky":false,"template":"","format":"standard","meta":{"_seopress_robots_primary_cat":"","_seopress_titles_title":"","_seopress_titles_desc":"","_seopress_robots_index":"","footnotes":""},"categories":[3],"tags":[32641,32642],"class_list":{"0":"post-89522","1":"post","2":"type-post","3":"status-publish","4":"format-standard","5":"has-post-thumbnail","7":"category-cine-y-series","8":"tag-ganadores-de-los-premios-sur","9":"tag-premios-sur-2020"},"_links":{"self":[{"href":"https:\/\/www.cordobatimes.com\/showup\/wp-json\/wp\/v2\/posts\/89522","targetHints":{"allow":["GET"]}}],"collection":[{"href":"https:\/\/www.cordobatimes.com\/showup\/wp-json\/wp\/v2\/posts"}],"about":[{"href":"https:\/\/www.cordobatimes.com\/showup\/wp-json\/wp\/v2\/types\/post"}],"author":[{"embeddable":true,"href":"https:\/\/www.cordobatimes.com\/showup\/wp-json\/wp\/v2\/users\/1"}],"replies":[{"embeddable":true,"href":"https:\/\/www.cordobatimes.com\/showup\/wp-json\/wp\/v2\/comments?post=89522"}],"version-history":[{"count":0,"href":"https:\/\/www.cordobatimes.com\/showup\/wp-json\/wp\/v2\/posts\/89522\/revisions"}],"wp:featuredmedia":[{"embeddable":true,"href":"https:\/\/www.cordobatimes.com\/showup\/wp-json\/wp\/v2\/media\/89523"}],"wp:attachment":[{"href":"https:\/\/www.cordobatimes.com\/showup\/wp-json\/wp\/v2\/media?parent=89522"}],"wp:term":[{"taxonomy":"category","embeddable":true,"href":"https:\/\/www.cordobatimes.com\/showup\/wp-json\/wp\/v2\/categories?post=89522"},{"taxonomy":"post_tag","embeddable":true,"href":"https:\/\/www.cordobatimes.com\/showup\/wp-json\/wp\/v2\/tags?post=89522"}],"curies":[{"name":"wp","href":"https:\/\/api.w.org\/{rel}","templated":true}]}}