{"id":89511,"date":"2020-11-20T10:32:15","date_gmt":"2020-11-20T13:32:15","guid":{"rendered":"https:\/\/www.cordobatimes.com\/showup\/?p=89511"},"modified":"2020-11-20T10:32:15","modified_gmt":"2020-11-20T13:32:15","slug":"la-pelicula-nueve-reinas-vuelve-en-formato-de-serie-a-20-anos-de-su-estreno","status":"publish","type":"post","link":"https:\/\/www.cordobatimes.com\/showup\/cine-y-series\/2020\/11\/20\/la-pelicula-nueve-reinas-vuelve-en-formato-de-serie-a-20-anos-de-su-estreno\/","title":{"rendered":"La pel\u00edcula Nueve reinas vuelve en formato de serie a 20 a\u00f1os de su estreno"},"content":{"rendered":"<h3><strong>La productora BTF Media anunci\u00f3 que llevar\u00e1 a la pantalla chica al emblem\u00e1tico film que protagonizaron Ricardo Dar\u00edn y Gast\u00f3n Pauls en el a\u00f1o 2000.<\/strong><\/h3>\n<p>Nueve Reinas, la \u00f3pera prima de\u00a0Fabi\u00e1n Bielinsky,\u00a0se estren\u00f3 el 31 de agosto de 2000. Fue una de las pel\u00edculas m\u00e1s taquilleras de la historia del cine argentino. Y,\u00a0veinte a\u00f1os m\u00e1s tarde, es considerada como una verdadera pieza de culto.\u00a0\u201cEste pa\u00eds se va a la mierda\u201d, dice\u00a0Marcos, el estafador profesional interpretado por\u00a0Ricardo Dar\u00edn, mientras mira el envoltorio de una golosina que se\u00f1ala que la misma fue \u201checha en Grecia\u201d. Y a su lado,\u00a0Juan, un aspirante a delincuente encarnado por\u00a0Gast\u00f3n Pauls\u00a0al que \u00e9l acaba de rescatar, lo mira con una mezcla de desconfianza y admiraci\u00f3n. As\u00ed empieza la historia que lanz\u00f3 a la fama internacional a sus protagonistas y que, hoy,\u00a0BTF Media\u00a0decidi\u00f3\u00a0convertir en una serie de televisi\u00f3n.<\/p>\n<p>Seg\u00fan le adelantaron\u00a0al semanario estadounidense\u00a0Variety\u00a0Ricardo Coeto\u00a0y\u00a0Francisco Cordero, fundadores de la productora con sede en Miami, la adaptaci\u00f3n de la historia ser\u00e1 llevada a la pantalla chica en conjunto con\u00a0Patagonik Film, que estuvo detr\u00e1s de la coproducci\u00f3n original de la pel\u00edcula. Y ambos esperan que se convierta en un \u00e9xito.<\/p>\n<p>\u201dEstamos muy agradecidos de traer de vuelta a tan ic\u00f3nica pel\u00edcula.\u00a0Este remake tambi\u00e9n ser\u00e1 legendario\u201d, asegur\u00f3 Coeto. Por su parte, Cordero subray\u00f3 que se trata de \u201cuna historia inteligente y llena de giros\u201d que, sin duda, resulta muy agradable de ver. \u201cEstamos seguros de que atraer\u00e1 a una gran audiencia\u201d, afirm\u00f3.<\/p>\n<p>El argumento de la cinta original, considerada un cl\u00e1sico moderno, se basa en la historia de dos estafadores, interpretados por Dar\u00edn y Pauls, quienes se encuentran casualmente en un minimercado y deciden unirse y estafar a un coleccionista de sellos. Se trata de una historia con sorpresivas vueltas de tuerca en relaci\u00f3n a los propios protagonistas. Y estos condimentos fueron, justamente, los que la convirtieron en\u00a0la pel\u00edcula argentina de mayor proyecci\u00f3n internacional de su \u00e9poca. De hecho, en Estados Unidos le compraron los derechos de autor a Bielinsky para una versi\u00f3n dirigida por\u00a0Gregory Jacobs\u00a0que se titul\u00f3\u00a0Criminal\u00a0y se estren\u00f3 en 2004.<\/p>\n<p>Por el momento, no se sabe ni la fecha de realizaci\u00f3n de la serie ni quienes ser\u00e1n los actores encargados de interpretar los roles de\u00a0Marcos y Juan\u00a0en esta nueva versi\u00f3n. Sin embargo, el m\u00e1gazine de far\u00e1ndula estadounidense asegura que la decisi\u00f3n de llevar a la pantalla chica a\u00a0Nueve Reinas\u00a0responde a una tendencia que viene siguiendo la productora, que tambi\u00e9n se asegur\u00f3 los derechos del cl\u00e1sico de terror\u00a0Los Otros, pel\u00edcula del espa\u00f1ol\u00a0Alejandro Amen\u00e1bar\u00a0que se estren\u00f3 en 2001, con la idea de hacer una serie en castellano.<\/p>\n<p>\u201cNueve Reinas demostr\u00f3 que\u00a0en la Argentina se pod\u00eda hacer otro tipo de cine, bien pensado, con tiempo, con dedicaci\u00f3n, y sin tener ning\u00fan tipo de pudor ni prejuicio a otro tipo de cinematograf\u00edas\u201d, hab\u00eda se\u00f1alado Dar\u00edn en\u00a0una entrevista que brind\u00f3 al cumplirse las dos d\u00e9cadas del estreno\u00a0del film.<\/p>\n<p>Y se lament\u00f3 por la temprana muerte del Bielinsky, con quien tambi\u00e9n trabaj\u00f3\u00a0El Aura, que falleci\u00f3 de un infarto a los 47 a\u00f1os en 2006. \u201cTodav\u00eda no puedo digerir su desaparici\u00f3n, m\u00e1s como amigo que como cineasta, a pesar de que creo que ten\u00eda mucho para dar en el futuro como realizador cinematogr\u00e1fico\u201d, dijo muy compungido el actor.<\/p>\n","protected":false},"excerpt":{"rendered":"<p>La productora BTF Media anunci\u00f3 que llevar\u00e1 a la pantalla chica al emblem\u00e1tico film que protagonizaron Ricardo Dar\u00edn y Gast\u00f3n Pauls en el a\u00f1o 2000. Nueve Reinas, la \u00f3pera prima de\u00a0Fabi\u00e1n Bielinsky,\u00a0se estren\u00f3 el 31 de agosto de 2000. Fue una de las pel\u00edculas m\u00e1s taquilleras de la historia del cine argentino. Y,\u00a0veinte a\u00f1os m\u00e1s [&hellip;]<\/p>\n","protected":false},"author":1,"featured_media":89512,"comment_status":"closed","ping_status":"closed","sticky":false,"template":"","format":"standard","meta":{"_seopress_robots_primary_cat":"","_seopress_titles_title":"","_seopress_titles_desc":"","_seopress_robots_index":"","footnotes":""},"categories":[3],"tags":[32635,32636],"class_list":{"0":"post-89511","1":"post","2":"type-post","3":"status-publish","4":"format-standard","5":"has-post-thumbnail","7":"category-cine-y-series","8":"tag-pelicula-nueve-reinas","9":"tag-serie-de-nueve-reinas"},"_links":{"self":[{"href":"https:\/\/www.cordobatimes.com\/showup\/wp-json\/wp\/v2\/posts\/89511","targetHints":{"allow":["GET"]}}],"collection":[{"href":"https:\/\/www.cordobatimes.com\/showup\/wp-json\/wp\/v2\/posts"}],"about":[{"href":"https:\/\/www.cordobatimes.com\/showup\/wp-json\/wp\/v2\/types\/post"}],"author":[{"embeddable":true,"href":"https:\/\/www.cordobatimes.com\/showup\/wp-json\/wp\/v2\/users\/1"}],"replies":[{"embeddable":true,"href":"https:\/\/www.cordobatimes.com\/showup\/wp-json\/wp\/v2\/comments?post=89511"}],"version-history":[{"count":0,"href":"https:\/\/www.cordobatimes.com\/showup\/wp-json\/wp\/v2\/posts\/89511\/revisions"}],"wp:featuredmedia":[{"embeddable":true,"href":"https:\/\/www.cordobatimes.com\/showup\/wp-json\/wp\/v2\/media\/89512"}],"wp:attachment":[{"href":"https:\/\/www.cordobatimes.com\/showup\/wp-json\/wp\/v2\/media?parent=89511"}],"wp:term":[{"taxonomy":"category","embeddable":true,"href":"https:\/\/www.cordobatimes.com\/showup\/wp-json\/wp\/v2\/categories?post=89511"},{"taxonomy":"post_tag","embeddable":true,"href":"https:\/\/www.cordobatimes.com\/showup\/wp-json\/wp\/v2\/tags?post=89511"}],"curies":[{"name":"wp","href":"https:\/\/api.w.org\/{rel}","templated":true}]}}