{"id":89475,"date":"2020-11-12T20:03:36","date_gmt":"2020-11-12T23:03:36","guid":{"rendered":"https:\/\/www.cordobatimes.com\/showup\/?p=89475"},"modified":"2020-11-12T20:03:36","modified_gmt":"2020-11-12T23:03:36","slug":"en-pleno-vivo-de-instagram-lali-lanzo-su-cuarto-disco-libra","status":"publish","type":"post","link":"https:\/\/www.cordobatimes.com\/showup\/musica\/2020\/11\/12\/en-pleno-vivo-de-instagram-lali-lanzo-su-cuarto-disco-libra\/","title":{"rendered":"En pleno vivo de instagram Lali lanz\u00f3 su cuarto disco Libra"},"content":{"rendered":"<h3><strong>Libra, su cuarto \u00e1lbum que est\u00e1 viendo la luz este jueves por la noche\u00a0y que la encuentra firme y segura sobre los pilares de la m\u00fasica que ella describe como pop urbano.<\/strong><\/h3>\n<p>En la nueva era del single ya conocimos cuatro de las canciones que integran el disco: \u00abLALIGERA\u00bb, \u00abLo que tengo yo\u00bb, \u00abFascinada\u00bb y \u00abComo as\u00ed\u00bb, con CNCO. Ahora se suman el corte y videoclip que acaban de estrenarse, \u00abLadr\u00f3n\u00bb y tres colaboraciones m\u00e1s: \u00abNo puedo olvidarte\u00bb, con Mau y Ricky, \u00abPa que me quieras\u00bb, con Noriel y la sorpresa que cierra el disco:\u00a0\u00abUna esquina en Madrid\u00bb, que Lali compuso con Fito P\u00e1ez.<\/p>\n<p><iframe loading=\"lazy\" width=\"560\" height=\"315\" src=\"https:\/\/www.youtube.com\/embed\/fjbUuu1smLc\" frameborder=\"0\" allow=\"accelerometer; autoplay; clipboard-write; encrypted-media; gyroscope; picture-in-picture\" allowfullscreen><\/iframe><\/p>\n<p><iframe loading=\"lazy\" width=\"560\" height=\"315\" src=\"https:\/\/www.youtube.com\/embed\/os_karijaQU\" frameborder=\"0\" allow=\"accelerometer; autoplay; clipboard-write; encrypted-media; gyroscope; picture-in-picture\" allowfullscreen><\/iframe><\/p>\n<p><iframe loading=\"lazy\" width=\"560\" height=\"315\" src=\"https:\/\/www.youtube.com\/embed\/Ff5SGVmiDOo\" frameborder=\"0\" allow=\"accelerometer; autoplay; clipboard-write; encrypted-media; gyroscope; picture-in-picture\" allowfullscreen><\/iframe><\/p>\n<p><iframe loading=\"lazy\" width=\"560\" height=\"315\" src=\"https:\/\/www.youtube.com\/embed\/PtW8RiZZQ6c\" frameborder=\"0\" allow=\"accelerometer; autoplay; clipboard-write; encrypted-media; gyroscope; picture-in-picture\" allowfullscreen><\/iframe><\/p>\n<p><iframe loading=\"lazy\" width=\"560\" height=\"315\" src=\"https:\/\/www.youtube.com\/embed\/7j8XIV1_0Ro\" frameborder=\"0\" allow=\"accelerometer; autoplay; clipboard-write; encrypted-media; gyroscope; picture-in-picture\" allowfullscreen><\/iframe><\/p>\n","protected":false},"excerpt":{"rendered":"<p>Libra, su cuarto \u00e1lbum que est\u00e1 viendo la luz este jueves por la noche\u00a0y que la encuentra firme y segura sobre los pilares de la m\u00fasica que ella describe como pop urbano. En la nueva era del single ya conocimos cuatro de las canciones que integran el disco: \u00abLALIGERA\u00bb, \u00abLo que tengo yo\u00bb, \u00abFascinada\u00bb y [&hellip;]<\/p>\n","protected":false},"author":1,"featured_media":89476,"comment_status":"closed","ping_status":"closed","sticky":false,"template":"","format":"standard","meta":{"_seopress_robots_primary_cat":"","_seopress_titles_title":"","_seopress_titles_desc":"","_seopress_robots_index":"","footnotes":""},"categories":[5],"tags":[32620,32621,32619],"class_list":{"0":"post-89475","1":"post","2":"type-post","3":"status-publish","4":"format-standard","5":"has-post-thumbnail","7":"category-musica","8":"tag-cuarto-disco-de-lali-libra","9":"tag-libra-lali","10":"tag-libra-nuevo-disco-de-lali"},"_links":{"self":[{"href":"https:\/\/www.cordobatimes.com\/showup\/wp-json\/wp\/v2\/posts\/89475","targetHints":{"allow":["GET"]}}],"collection":[{"href":"https:\/\/www.cordobatimes.com\/showup\/wp-json\/wp\/v2\/posts"}],"about":[{"href":"https:\/\/www.cordobatimes.com\/showup\/wp-json\/wp\/v2\/types\/post"}],"author":[{"embeddable":true,"href":"https:\/\/www.cordobatimes.com\/showup\/wp-json\/wp\/v2\/users\/1"}],"replies":[{"embeddable":true,"href":"https:\/\/www.cordobatimes.com\/showup\/wp-json\/wp\/v2\/comments?post=89475"}],"version-history":[{"count":0,"href":"https:\/\/www.cordobatimes.com\/showup\/wp-json\/wp\/v2\/posts\/89475\/revisions"}],"wp:featuredmedia":[{"embeddable":true,"href":"https:\/\/www.cordobatimes.com\/showup\/wp-json\/wp\/v2\/media\/89476"}],"wp:attachment":[{"href":"https:\/\/www.cordobatimes.com\/showup\/wp-json\/wp\/v2\/media?parent=89475"}],"wp:term":[{"taxonomy":"category","embeddable":true,"href":"https:\/\/www.cordobatimes.com\/showup\/wp-json\/wp\/v2\/categories?post=89475"},{"taxonomy":"post_tag","embeddable":true,"href":"https:\/\/www.cordobatimes.com\/showup\/wp-json\/wp\/v2\/tags?post=89475"}],"curies":[{"name":"wp","href":"https:\/\/api.w.org\/{rel}","templated":true}]}}