{"id":89468,"date":"2020-11-12T19:01:02","date_gmt":"2020-11-12T22:01:02","guid":{"rendered":"https:\/\/www.cordobatimes.com\/showup\/?p=89468"},"modified":"2020-11-12T19:01:02","modified_gmt":"2020-11-12T22:01:02","slug":"emily-in-paris-netflix-confirmo-segunda-temporada","status":"publish","type":"post","link":"https:\/\/www.cordobatimes.com\/showup\/cine-y-series\/2020\/11\/12\/emily-in-paris-netflix-confirmo-segunda-temporada\/","title":{"rendered":"\u201cEmily in Paris\u00bb: Netflix confirm\u00f3 segunda temporada"},"content":{"rendered":"<h3><strong>Netflix anunci\u00f3 este mi\u00e9rcoles que \u201cEmily in Paris\u201d ha sido renovada por una segunda temporada.\u00a0<\/strong><\/h3>\n<p>Del creador Darren Star, se espera que la comedia televisiva protagonizada por Lily Collins se comience a filmar el pr\u00f3ximo a\u00f1o en Par\u00eds. A\u00fan no han informado el total de episodios y la fecha de estreno.<\/p>\n<p>La serie, que se estren\u00f3 el 2 de octubre, sigue a Lily Collins en el papel principal de una joven estadounidense que es contratada en una agencia de marketing parisina.<\/p>\n<p>Para anunciar la noticia, Netflix escribi\u00f3 una carta formal de la jefa francesa de Emily, Sylvie Grateau, informando a su jefa estadounidense Madeline Wheeler (interpretada por Kate Walsh) que tendr\u00e1 que quedarse con el equipo en Par\u00eds un tiempo m\u00e1s.<\/p>\n<p>\u00abLe escribimos para informarle, lamentablemente, que Emily Cooper tendr\u00e1 que permanecer en Par\u00eds durante un per\u00edodo prolongado. A pesar de su actitud excesivamente segura y su falta de experiencia en la comercializaci\u00f3n de art\u00edculos de lujo, ha logrado encantar a algunos de nuestros clientes\u201d, se lee en la divertida carta.<\/p>\n<p>\u201cEsperamos que al extender su tiempo en Par\u00eds, Emily fomente las relaciones que ya ha establecido, profundice en nuestra cultura y tal vez aprenda algunas palabras de franc\u00e9s b\u00e1sico\u201d, contin\u00faa la misiva. \u201cTrabajaremos junto con usted para solicitar un permiso de trabajo en su nombre para prolongar su tiempo aqu\u00ed. \u00a1Nos encanta tener a Emily en Par\u00eds! Pero, por favor, no se lo deje saber\u201d.<\/p>\n<p>Desarrollada originalmente para TV Land, la serie sobre un estadounidense que trabaja en Par\u00eds se traslad\u00f3 a Paramount Network, una empresa de cable de propiedad de ViacomCBS, antes de ser vendida a Netflix. El ejecutivo de MTV Studios respaldado por ViacomCBS produce la serie junto con Jax Media.<\/p>\n<p>Desde su debut el mes pasado, \u201cEmily in Paris\u201d fue un gran \u00e9xito en Netflix. Mientras tanto, la prensa francesa no fue particularmente amable con el programa, y los cr\u00edticos locales criticaron el show por\u00a0perpetuar los estereotipos de los franceses, glorificando una versi\u00f3n poco realista de Par\u00eds y tramas absurdas.<\/p>\n<p>La serie de 10 episodios ha provocado un debate en l\u00ednea sobre la visi\u00f3n que ofrece de Par\u00eds y su gente. Si bien el show ha sido bien recibida por el p\u00fablico estadounidense, la prensa francesa afirm\u00f3 que refleja estereotipos obsoletos de la cultura francesa y de representar una versi\u00f3n poco realista de su capital.<\/p>\n<p>La primera temporada se film\u00f3 \u00edntegramente en exteriores en Par\u00eds y en toda Francia.<\/p>\n<p>Los nuevos episodios tendr\u00e1n al eleco original que incluye a Ashley Park, Lucas Bravo, Samuel Arnold, Camille Razat, Bruno Gouery, William Abadie y Arnaud Viard.<\/p>\n<p>\u201cEl programa es una carta de amor a Par\u00eds a trav\u00e9s de los ojos de esta chica estadounidense que nunca ha estado all\u00ed\u201d, se defendi\u00f3 Star en declaraciones a\u00a0The Hollywood Reporter\u00a0como parte de una entrevista de Creative Space el mes pasado. \u201cLo primero que ve son los clich\u00e9s porque es desde su punto de vista. No me arrepiento de mirar Par\u00eds a trav\u00e9s de una lente glamorosa. Es una ciudad hermosa y quer\u00eda hacer un espect\u00e1culo que celebrara esa parte de Par\u00eds\u201d.<\/p>\n<p>En cuanto a la segunda temporada, Star a\u00fan decidi\u00f3 si la pandemia de coronavirus se incluir\u00e1 en la historia de la segunda entrega.<\/p>\n<p>El creador de \u201cSex and the City\u201d tambi\u00e9n tiene la s\u00e9ptima y probablemente \u00faltima temporada de \u201cYounger\u201d en proceso en TV Land y est\u00e1 preparando un spin-off protagonizado por Hilary Duff como parte de su amplio acuerdo general con ViacomCBS.<\/p>\n<blockquote class=\"twitter-tweet\">\n<p lang=\"es\" dir=\"ltr\">Mathiew, Gabriel \ud83e\udd14\u2026 En este caso, dos es mejor que uno. \ud83d\ude0a Se confirma la temporada 2 de Emily en Par\u00eds. \ud83d\udc95\ud83e\udd42 <a href=\"https:\/\/t.co\/HuQPdkZiPT\">pic.twitter.com\/HuQPdkZiPT<\/a><\/p>\n<p>&mdash; Netflix Latinoam\u00e9rica (@NetflixLAT) <a href=\"https:\/\/twitter.com\/NetflixLAT\/status\/1326557317236658178?ref_src=twsrc%5Etfw\">November 11, 2020<\/a><\/p><\/blockquote>\n<p> <script async src=\"https:\/\/platform.twitter.com\/widgets.js\" charset=\"utf-8\"><\/script><\/p>\n","protected":false},"excerpt":{"rendered":"<p>Netflix anunci\u00f3 este mi\u00e9rcoles que \u201cEmily in Paris\u201d ha sido renovada por una segunda temporada.\u00a0 Del creador Darren Star, se espera que la comedia televisiva protagonizada por Lily Collins se comience a filmar el pr\u00f3ximo a\u00f1o en Par\u00eds. A\u00fan no han informado el total de episodios y la fecha de estreno. La serie, que se [&hellip;]<\/p>\n","protected":false},"author":1,"featured_media":89469,"comment_status":"closed","ping_status":"closed","sticky":false,"template":"","format":"standard","meta":{"_seopress_robots_primary_cat":"","_seopress_titles_title":"","_seopress_titles_desc":"","_seopress_robots_index":"","footnotes":""},"categories":[3],"tags":[32615],"class_list":{"0":"post-89468","1":"post","2":"type-post","3":"status-publish","4":"format-standard","5":"has-post-thumbnail","7":"category-cine-y-series","8":"tag-segunda-temporada-de-emily-in-paris"},"_links":{"self":[{"href":"https:\/\/www.cordobatimes.com\/showup\/wp-json\/wp\/v2\/posts\/89468","targetHints":{"allow":["GET"]}}],"collection":[{"href":"https:\/\/www.cordobatimes.com\/showup\/wp-json\/wp\/v2\/posts"}],"about":[{"href":"https:\/\/www.cordobatimes.com\/showup\/wp-json\/wp\/v2\/types\/post"}],"author":[{"embeddable":true,"href":"https:\/\/www.cordobatimes.com\/showup\/wp-json\/wp\/v2\/users\/1"}],"replies":[{"embeddable":true,"href":"https:\/\/www.cordobatimes.com\/showup\/wp-json\/wp\/v2\/comments?post=89468"}],"version-history":[{"count":0,"href":"https:\/\/www.cordobatimes.com\/showup\/wp-json\/wp\/v2\/posts\/89468\/revisions"}],"wp:featuredmedia":[{"embeddable":true,"href":"https:\/\/www.cordobatimes.com\/showup\/wp-json\/wp\/v2\/media\/89469"}],"wp:attachment":[{"href":"https:\/\/www.cordobatimes.com\/showup\/wp-json\/wp\/v2\/media?parent=89468"}],"wp:term":[{"taxonomy":"category","embeddable":true,"href":"https:\/\/www.cordobatimes.com\/showup\/wp-json\/wp\/v2\/categories?post=89468"},{"taxonomy":"post_tag","embeddable":true,"href":"https:\/\/www.cordobatimes.com\/showup\/wp-json\/wp\/v2\/tags?post=89468"}],"curies":[{"name":"wp","href":"https:\/\/api.w.org\/{rel}","templated":true}]}}