{"id":89451,"date":"2020-11-10T19:12:34","date_gmt":"2020-11-10T22:12:34","guid":{"rendered":"https:\/\/www.cordobatimes.com\/showup\/?p=89451"},"modified":"2020-11-10T19:12:34","modified_gmt":"2020-11-10T22:12:34","slug":"proyecto-patagonia-para-reflexionar-sobre-el-medio-ambiente","status":"publish","type":"post","link":"https:\/\/www.cordobatimes.com\/showup\/cine-y-series\/2020\/11\/10\/proyecto-patagonia-para-reflexionar-sobre-el-medio-ambiente\/","title":{"rendered":"\u00abProyecto Patagonia\u00bb, para reflexionar sobre el medio ambiente"},"content":{"rendered":"<h3><strong>La pel\u00edcula fue elogiada en diferentes festivales y llega este jueves a Cine.Ar.\u00a0<\/strong><\/h3>\n<p>Este jueves a las 20 horas se estrena \u00abProyecto Patagonia\u00bb, y se podr\u00e1 ver en Cine.Ar Play. Dirigida por Juan Dickinson, retrata la intenci\u00f3n de la fundaci\u00f3n Rewilding Argentina de crear un parque binacional con Chile, en Santa Cruz, para preservar el ecosistema, pero que encuentra la oposici\u00f3n de los pobladores, quienes los acusan de tener otros intereses y de buscar expulsarlos del lugar.<\/p>\n<p>\u00abEl documental retrata la situaci\u00f3n del \u2018Parque Patagonia\u2019\u00a0proyectado por fil\u00e1ntropos internacionales alrededor de la Meseta del Lago Buenos Aires (Provincia de Santa Cruz)- y tambi\u00e9n la de los Productores tradicionales de la zona, que ser\u00edan desplazados por la iniciativa\u00bb, indica la sinopsis oficial.<\/p>\n<p>Luego contin\u00faa: \u00abLa\u00a0Fundaci\u00f3n Flora y Fauna vino a esta Meseta para proteger al Mac\u00e1 Tobiano, un pato oriundo en peligro de extinci\u00f3n, pero pronto decidi\u00f3 formar y donar all\u00ed un Parque Nacional de 500.000 hect\u00e1reas, a unirse con otro del mismo nombre en Chile- afirmando que juntos van a generar un turismo pujante regional, revirtiendo en su restauraci\u00f3n de flora y fauna el supuesto impacto negativo que han tenido las estancias laneras sobre el medio ambiente, en el ultimo siglo y medio. No est\u00e1 tan claro sin embargo, que el parque pueda sustituir el aporte econ\u00f3mico y la forma de vida de los productores tradicionales.\u00a0Se argumenta por ejemplo, que la proliferaci\u00f3n desmedida de pumas y guanacos en el incipiente Parque ha sido da\u00f1ina, y que esta donaci\u00f3n masiva de tierras- que incluyen importantes recursos h\u00eddricos-, puede resultar ilusoria\u00bb.<\/p>\n<p>El objetivo del documental, entonces, es poder revisar estas contradicciones\u00a0y reflexionar sobre nuestra relaci\u00f3n con el medio ambiente.\u00a0Para eso, el rodaje se desarroll\u00f3 en la Provincia de Santa Cruz, en las localidades de Los Antiguos y Perito Moreno, y en el Parque Nacional Patagonia, la Meseta del Lago Buenos Aires\u00a0y el Sitio Arqueol\u00f3gico Cueva de las Manos, R\u00edo Pinturas.<\/p>\n<p>Lo cierto es que cont\u00f3 con m\u00e1s de 1.000 espectadores en su primera proyecci\u00f3n virtual en el\u00a05to Festival Internacional de Cine Ambiental de la Patagonia &#8211; PEFF 2020, y fue seleccionada para el\u00a0Festival Internacional de Cine del Medio Ambiente de Barcelona.<\/p>\n<p><iframe loading=\"lazy\" title=\"vimeo-player\" src=\"https:\/\/player.vimeo.com\/video\/432560478\" width=\"640\" height=\"360\" frameborder=\"0\" allowfullscreen=\"allowfullscreen\"><\/iframe><\/p>\n","protected":false},"excerpt":{"rendered":"<p>La pel\u00edcula fue elogiada en diferentes festivales y llega este jueves a Cine.Ar.\u00a0 Este jueves a las 20 horas se estrena \u00abProyecto Patagonia\u00bb, y se podr\u00e1 ver en Cine.Ar Play. Dirigida por Juan Dickinson, retrata la intenci\u00f3n de la fundaci\u00f3n Rewilding Argentina de crear un parque binacional con Chile, en Santa Cruz, para preservar el [&hellip;]<\/p>\n","protected":false},"author":1,"featured_media":89452,"comment_status":"closed","ping_status":"closed","sticky":false,"template":"","format":"standard","meta":{"_seopress_robots_primary_cat":"","_seopress_titles_title":"","_seopress_titles_desc":"","_seopress_robots_index":"","footnotes":""},"categories":[3],"tags":[32603,32602],"class_list":{"0":"post-89451","1":"post","2":"type-post","3":"status-publish","4":"format-standard","5":"has-post-thumbnail","7":"category-cine-y-series","8":"tag-proyecto-patagonia-cine-ar","9":"tag-proyecto-patagonia-medio-ambiente"},"_links":{"self":[{"href":"https:\/\/www.cordobatimes.com\/showup\/wp-json\/wp\/v2\/posts\/89451","targetHints":{"allow":["GET"]}}],"collection":[{"href":"https:\/\/www.cordobatimes.com\/showup\/wp-json\/wp\/v2\/posts"}],"about":[{"href":"https:\/\/www.cordobatimes.com\/showup\/wp-json\/wp\/v2\/types\/post"}],"author":[{"embeddable":true,"href":"https:\/\/www.cordobatimes.com\/showup\/wp-json\/wp\/v2\/users\/1"}],"replies":[{"embeddable":true,"href":"https:\/\/www.cordobatimes.com\/showup\/wp-json\/wp\/v2\/comments?post=89451"}],"version-history":[{"count":0,"href":"https:\/\/www.cordobatimes.com\/showup\/wp-json\/wp\/v2\/posts\/89451\/revisions"}],"wp:featuredmedia":[{"embeddable":true,"href":"https:\/\/www.cordobatimes.com\/showup\/wp-json\/wp\/v2\/media\/89452"}],"wp:attachment":[{"href":"https:\/\/www.cordobatimes.com\/showup\/wp-json\/wp\/v2\/media?parent=89451"}],"wp:term":[{"taxonomy":"category","embeddable":true,"href":"https:\/\/www.cordobatimes.com\/showup\/wp-json\/wp\/v2\/categories?post=89451"},{"taxonomy":"post_tag","embeddable":true,"href":"https:\/\/www.cordobatimes.com\/showup\/wp-json\/wp\/v2\/tags?post=89451"}],"curies":[{"name":"wp","href":"https:\/\/api.w.org\/{rel}","templated":true}]}}