{"id":89431,"date":"2020-11-09T12:21:29","date_gmt":"2020-11-09T15:21:29","guid":{"rendered":"https:\/\/www.cordobatimes.com\/showup\/?p=89431"},"modified":"2020-11-09T12:21:29","modified_gmt":"2020-11-09T15:21:29","slug":"lali-esposito-obtuvo-el-premio-a-mejor-artista-surel-unico-premio-para-la-argentina","status":"publish","type":"post","link":"https:\/\/www.cordobatimes.com\/showup\/musica\/2020\/11\/09\/lali-esposito-obtuvo-el-premio-a-mejor-artista-surel-unico-premio-para-la-argentina\/","title":{"rendered":"Lali Esp\u00f3sito obtuvo el premio a \u00abMejor Artista Sur\u00bbel \u00fanico premio para la Argentina"},"content":{"rendered":"<h3><b>La cantante obtuvo su quinto galard\u00f3n de la cadena televisiva y festej\u00f3 con un v\u00eddeo para sus fans.\u00a0<\/b><\/h3>\n<p>Mientras se encuentra en Espa\u00f1a\u00a0filmando una serie para Netflix, Lali Esp\u00f3sito recibi\u00f3 una alegr\u00eda gigante. La cantante y actriz se consagr\u00f3 como\u00a0Mejor Artista Latinoam\u00e9rica Sur\u00a0en los\u00a0MTV Europe Music Awards (EMAs) 2020, que premia lo mejor de la m\u00fasica europea y mundial.\u00a0Es el quinto galard\u00f3n\u00a0que obtiene Lali de la c\u00e9lebre cadena de m\u00fasica y\u00a0fue la \u00fanica artista argentina que logr\u00f3 imponerse, en una ceremonia virtual que tuvo a Coldplay, BTS, Karol G y Lady Gaga como los grandes vencedores.<\/p>\n<p>La artista mostr\u00f3 su alegr\u00eda en las redes sociales, donde comparti\u00f3 un video con sus fan\u00e1ticos. \u201cEs un premio para Sudam\u00e9rica, no es solo para m\u00ed.\u00a0Es para todos mis colegas y artistas queridos de mi pa\u00eds y de otros pa\u00edses vecinos que tambi\u00e9n estaban nominados, as\u00ed que lo comparto con todos ellos.\u00a0Principalmente quiero agradecerles a mis fans, que a\u00f1o tras a\u00f1o me regalan estos premios maravillosos\u201d, dijo Lali, quien adem\u00e1s destac\u00f3 el apoyo de su grupo de trabajo y se mostr\u00f3 agradecida a \u201ctoda la gente que sigue mis locuras y que me ayuda a ser cada d\u00eda mejor\u201d.<\/p>\n<p>En su categor\u00eda, Lali compiti\u00f3 con cuatro artistas argentinos y sus fans celebraron su victoria sobre Cazzu, Khea, Nicki Nicole y, sobre todo Tini, que aviv\u00f3 la rivalidad entre los fan\u00e1ticos de ambas cantantes en las redes sociales. Con este galard\u00f3n, Lali recupera el trono\u00a0que le hab\u00eda quitado el a\u00f1o pasado J Mena\u00a0(como se la conoce en el ambiente art\u00edstico a\u00a0Jimena Bar\u00f3n) y se consolida en el mercado latino. Los otros ganadores regionales fueron\u00a0Pabllo Vittar\u00a0(Mejor Artista Brasile\u00f1o),\u00a0Sebasti\u00e1n Yatra\u00a0(Mejor Artista Centro)\u00a0Bad Bunny\u00a0(Mejor Artista del Caribe) y\u00a0Danna Paola\u00a0(Mejor Artista Norte).<\/p>\n<p><iframe loading=\"lazy\" src=\"https:\/\/www.youtube.com\/embed\/A86K_XrrIGc\" width=\"560\" height=\"315\" frameborder=\"0\" allowfullscreen=\"allowfullscreen\"><\/iframe><\/p>\n<blockquote class=\"instagram-media\" style=\"background: #FFF; border: 0; border-radius: 3px; box-shadow: 0 0 1px 0 rgba(0,0,0,0.5),0 1px 10px 0 rgba(0,0,0,0.15); margin: 1px; max-width: 540px; min-width: 326px; padding: 0; width: calc(100% - 2px);\" data-instgrm-captioned=\"\" data-instgrm-permalink=\"https:\/\/www.instagram.com\/p\/CHV5GmDA_2D\/?utm_source=ig_embed&amp;utm_campaign=loading\" data-instgrm-version=\"13\">\n<div style=\"padding: 16px;\">\n<p>&nbsp;<\/p>\n<div style=\"display: flex; flex-direction: row; align-items: center;\">\n<div style=\"background-color: #f4f4f4; border-radius: 50%; flex-grow: 0; height: 40px; margin-right: 14px; width: 40px;\"><\/div>\n<div style=\"display: flex; flex-direction: column; flex-grow: 1; justify-content: center;\">\n<div style=\"background-color: #f4f4f4; border-radius: 4px; flex-grow: 0; height: 14px; margin-bottom: 6px; width: 100px;\"><\/div>\n<div style=\"background-color: #f4f4f4; border-radius: 4px; flex-grow: 0; height: 14px; width: 60px;\"><\/div>\n<\/div>\n<\/div>\n<div style=\"padding: 19% 0;\"><\/div>\n<div style=\"display: block; height: 50px; margin: 0 auto 12px; width: 50px;\"><\/div>\n<div style=\"padding-top: 8px;\">\n<div style=\"color: #3897f0; font-family: Arial,sans-serif; font-size: 14px; font-style: normal; font-weight: 550; line-height: 18px;\">Ver esta publicaci\u00f3n en Instagram<\/div>\n<\/div>\n<div style=\"padding: 12.5% 0;\"><\/div>\n<div style=\"display: flex; flex-direction: row; margin-bottom: 14px; align-items: center;\">\n<div>\n<div style=\"background-color: #f4f4f4; border-radius: 50%; height: 12.5px; width: 12.5px; transform: translateX(0px) translateY(7px);\"><\/div>\n<div style=\"background-color: #f4f4f4; height: 12.5px; transform: rotate(-45deg) translateX(3px) translateY(1px); width: 12.5px; flex-grow: 0; margin-right: 14px; margin-left: 2px;\"><\/div>\n<div style=\"background-color: #f4f4f4; border-radius: 50%; height: 12.5px; width: 12.5px; transform: translateX(9px) translateY(-18px);\"><\/div>\n<\/div>\n<div style=\"margin-left: 8px;\">\n<div style=\"background-color: #f4f4f4; border-radius: 50%; flex-grow: 0; height: 20px; width: 20px;\"><\/div>\n<div style=\"width: 0; height: 0; border-top: 2px solid transparent; border-left: 6px solid #f4f4f4; border-bottom: 2px solid transparent; transform: translateX(16px) translateY(-4px) rotate(30deg);\"><\/div>\n<\/div>\n<div style=\"margin-left: auto;\">\n<div style=\"width: 0px; border-top: 8px solid #F4F4F4; border-right: 8px solid transparent; transform: translateY(16px);\"><\/div>\n<div style=\"background-color: #f4f4f4; flex-grow: 0; height: 12px; width: 16px; transform: translateY(-4px);\"><\/div>\n<div style=\"width: 0; height: 0; border-top: 8px solid #F4F4F4; border-left: 8px solid transparent; transform: translateY(-4px) translateX(8px);\"><\/div>\n<\/div>\n<\/div>\n<p>&nbsp;<\/p>\n<p style=\"margin: 8px 0 0 0; padding: 0 4px;\"><a style=\"color: #000; font-family: Arial,sans-serif; font-size: 14px; font-style: normal; font-weight: normal; line-height: 17px; text-decoration: none; word-wrap: break-word;\" href=\"https:\/\/www.instagram.com\/p\/CHV5GmDA_2D\/?utm_source=ig_embed&amp;utm_campaign=loading\" target=\"_blank\" rel=\"noopener noreferrer\">WOW! \u201cMejor Artista SUR\u201d En los @mtvema GRACIAS al mejor fandom que existe! Gracias por su tiempo ,su energ\u00eda y por tanto amor! Arriba ARGENTINA \ud83c\udde6\ud83c\uddf7\u2764\ufe0f\ud83c\udde6\ud83c\uddf7 Graciasssssssssssss!<\/a><\/p>\n<p style=\"color: #c9c8cd; font-family: Arial,sans-serif; font-size: 14px; line-height: 17px; margin-bottom: 0; margin-top: 8px; overflow: hidden; padding: 8px 0 7px; text-align: center; text-overflow: ellipsis; white-space: nowrap;\">Una publicaci\u00f3n compartida por <a style=\"color: #c9c8cd; font-family: Arial,sans-serif; font-size: 14px; font-style: normal; font-weight: normal; line-height: 17px;\" href=\"https:\/\/www.instagram.com\/lalioficial\/?utm_source=ig_embed&amp;utm_campaign=loading\" target=\"_blank\" rel=\"noopener noreferrer\"> LALI<\/a> (@lalioficial) el <time style=\"font-family: Arial,sans-serif; font-size: 14px; line-height: 17px;\" datetime=\"2020-11-08T19:48:15+00:00\">8 de Nov de 2020 a las 11:48 PST<\/time><\/p>\n<\/div>\n<\/blockquote>\n<p><script async src=\"\/\/www.instagram.com\/embed.js\"><\/script><\/p>\n<p><iframe loading=\"lazy\" src=\"https:\/\/www.youtube.com\/embed\/SpgvKpBDBKU\" width=\"560\" height=\"315\" frameborder=\"0\" allowfullscreen=\"allowfullscreen\"><\/iframe><\/p>\n","protected":false},"excerpt":{"rendered":"<p>La cantante obtuvo su quinto galard\u00f3n de la cadena televisiva y festej\u00f3 con un v\u00eddeo para sus fans.\u00a0 Mientras se encuentra en Espa\u00f1a\u00a0filmando una serie para Netflix, Lali Esp\u00f3sito recibi\u00f3 una alegr\u00eda gigante. La cantante y actriz se consagr\u00f3 como\u00a0Mejor Artista Latinoam\u00e9rica Sur\u00a0en los\u00a0MTV Europe Music Awards (EMAs) 2020, que premia lo mejor de la [&hellip;]<\/p>\n","protected":false},"author":1,"featured_media":89432,"comment_status":"closed","ping_status":"closed","sticky":false,"template":"","format":"standard","meta":{"_seopress_robots_primary_cat":"","_seopress_titles_title":"","_seopress_titles_desc":"","_seopress_robots_index":"","footnotes":""},"categories":[5],"tags":[32596,31073],"class_list":{"0":"post-89431","1":"post","2":"type-post","3":"status-publish","4":"format-standard","5":"has-post-thumbnail","7":"category-musica","8":"tag-lali-esposito-mejor-artista-sur","9":"tag-lali-esposito-mtv-europe-music-awards"},"_links":{"self":[{"href":"https:\/\/www.cordobatimes.com\/showup\/wp-json\/wp\/v2\/posts\/89431","targetHints":{"allow":["GET"]}}],"collection":[{"href":"https:\/\/www.cordobatimes.com\/showup\/wp-json\/wp\/v2\/posts"}],"about":[{"href":"https:\/\/www.cordobatimes.com\/showup\/wp-json\/wp\/v2\/types\/post"}],"author":[{"embeddable":true,"href":"https:\/\/www.cordobatimes.com\/showup\/wp-json\/wp\/v2\/users\/1"}],"replies":[{"embeddable":true,"href":"https:\/\/www.cordobatimes.com\/showup\/wp-json\/wp\/v2\/comments?post=89431"}],"version-history":[{"count":0,"href":"https:\/\/www.cordobatimes.com\/showup\/wp-json\/wp\/v2\/posts\/89431\/revisions"}],"wp:featuredmedia":[{"embeddable":true,"href":"https:\/\/www.cordobatimes.com\/showup\/wp-json\/wp\/v2\/media\/89432"}],"wp:attachment":[{"href":"https:\/\/www.cordobatimes.com\/showup\/wp-json\/wp\/v2\/media?parent=89431"}],"wp:term":[{"taxonomy":"category","embeddable":true,"href":"https:\/\/www.cordobatimes.com\/showup\/wp-json\/wp\/v2\/categories?post=89431"},{"taxonomy":"post_tag","embeddable":true,"href":"https:\/\/www.cordobatimes.com\/showup\/wp-json\/wp\/v2\/tags?post=89431"}],"curies":[{"name":"wp","href":"https:\/\/api.w.org\/{rel}","templated":true}]}}