{"id":89368,"date":"2020-11-01T12:01:44","date_gmt":"2020-11-01T15:01:44","guid":{"rendered":"https:\/\/www.cordobatimes.com\/showup\/?p=89368"},"modified":"2020-11-01T12:35:03","modified_gmt":"2020-11-01T15:35:03","slug":"cordoba-de-luto-por-el-fallecimiento-de-mario-pereyra","status":"publish","type":"post","link":"https:\/\/www.cordobatimes.com\/showup\/sociedad\/2020\/11\/01\/cordoba-de-luto-por-el-fallecimiento-de-mario-pereyra\/","title":{"rendered":"C\u00f3rdoba de luto por el fallecimiento de Mario Pereyra"},"content":{"rendered":"<h3><b>El director art\u00edstico de\u00a0Cadena 3, (la emisora m\u00e1s popular de la provincia) y conductor del matutino \u00ab<\/b><i style=\"font-weight: bold;\">Juntos\u00bb<\/i><b> dej\u00f3 de existir a los 77 a\u00f1os en la madrugada de este domingo en el Instituto Cardiol\u00f3gico. La Radio est\u00e1 de luto.<\/b><\/h3>\n<p>Se encontraba internado desde el 13 de octubre pasado luego de haber contra\u00eddo coronavirus.<\/p>\n<p>Su esposa Estela, y madre de sus hijos, en tanto, se encuentra a\u00fan internada en el Instituto Modelo de Cardiolog\u00eda producto de la Covid-19.<\/p>\n<p>Mario\u00a0fue durante 35 a\u00f1os\u00a0<u>l\u00edder en audiencia<\/u> y uno de los creadores de la radio m\u00e1s federal de Argentina, que dise\u00f1\u00f3 y construy\u00f3 con su impronta.<\/p>\n<p>Fue un promotor incansable de los artistas argentinos, descubridor de talentos e impulsor de vertientes novedosas de la cultura nacional.<\/p>\n<p>Mario Pereyra naci\u00f3 el 20 de julio de 1943 y fue galardonado con un Premio Konex en 2017, uno de los galardones m\u00e1s preciados en el mundo del periodismo. Curs\u00f3 el bachillerato en el Colegio Don Bosco de San Juan, su ciudad natal e inmediatamente empez\u00f3 su trabajo en radio.<\/p>\n<p>Ingres\u00f3 a Radio Col\u00f3n y luego se dieron actuaciones sucesivas en Radio Sarmiento (San Juan), Radio de Cuyo (Mendoza), migrando en 1983 a la Ciudad de C\u00f3rdoba para producir un fen\u00f3meno de liderazgo de audiencia radial en el prime time que mantiene hasta hoy.<\/p>\n<p>Hombre pol\u00e9mico, fiel a sus verdades, defensor de la Rep\u00fablica y de los valores democr\u00e1ticos, en 1990 se integra como accionista de Radiodifusora del Centro S.A. y asume la Direcci\u00f3n Art\u00edstica y el rol de impulsor del proyecto que, a partir de LV3 Radio C\u00f3rdoba, evoluciona a la conformaci\u00f3n de la Cadena 3 Argentina.<\/p>\n<p>Esta singular red de emisoras, que cubre e integra a los argentinos en todo el territorio del pa\u00eds, se constituy\u00f3 en el primer medio de cobertura nacional generado y conducido desde el interior.<\/p>\n<p>Amigo de las personalidades m\u00e1s encumbradas de la m\u00fasica y de las figuras que reconstruyeron la democracia. Hombre sin fatigas, creativo, y que am\u00f3 como nadie a la radio, su lugar en el mundo en este mundo.<\/p>\n<p>Sus restos ser\u00e1n cremados en un ceremonia estrictamente privada y familiar. No habr\u00e1 velorio ni ceremonia alguna.<\/p>\n<blockquote class=\"instagram-media\" style=\"background: #FFF; border: 0; border-radius: 3px; box-shadow: 0 0 1px 0 rgba(0,0,0,0.5),0 1px 10px 0 rgba(0,0,0,0.15); margin: 1px; max-width: 540px; min-width: 326px; padding: 0; width: calc(100% - 2px);\" data-instgrm-captioned=\"\" data-instgrm-permalink=\"https:\/\/www.instagram.com\/p\/CHCtweVFqom\/?utm_source=ig_embed&amp;utm_campaign=loading\" data-instgrm-version=\"13\">\n<div style=\"padding: 16px;\">\n<p>&nbsp;<\/p>\n<div style=\"display: flex; flex-direction: row; align-items: center;\">\n<div style=\"background-color: #f4f4f4; border-radius: 50%; flex-grow: 0; height: 40px; margin-right: 14px; width: 40px;\"><\/div>\n<div style=\"display: flex; flex-direction: column; flex-grow: 1; justify-content: center;\">\n<div style=\"background-color: #f4f4f4; border-radius: 4px; flex-grow: 0; height: 14px; margin-bottom: 6px; width: 100px;\"><\/div>\n<div style=\"background-color: #f4f4f4; border-radius: 4px; flex-grow: 0; height: 14px; width: 60px;\"><\/div>\n<\/div>\n<\/div>\n<div style=\"padding: 19% 0;\"><\/div>\n<div style=\"display: block; height: 50px; margin: 0 auto 12px; width: 50px;\"><\/div>\n<div style=\"padding-top: 8px;\">\n<div style=\"color: #3897f0; font-family: Arial,sans-serif; font-size: 14px; font-style: normal; font-weight: 550; line-height: 18px;\">Ver esta publicaci\u00f3n en Instagram<\/div>\n<\/div>\n<div style=\"padding: 12.5% 0;\"><\/div>\n<div style=\"display: flex; flex-direction: row; margin-bottom: 14px; align-items: center;\">\n<div>\n<div style=\"background-color: #f4f4f4; border-radius: 50%; height: 12.5px; width: 12.5px; transform: translateX(0px) translateY(7px);\"><\/div>\n<div style=\"background-color: #f4f4f4; height: 12.5px; transform: rotate(-45deg) translateX(3px) translateY(1px); width: 12.5px; flex-grow: 0; margin-right: 14px; margin-left: 2px;\"><\/div>\n<div style=\"background-color: #f4f4f4; border-radius: 50%; height: 12.5px; width: 12.5px; transform: translateX(9px) translateY(-18px);\"><\/div>\n<\/div>\n<div style=\"margin-left: 8px;\">\n<div style=\"background-color: #f4f4f4; border-radius: 50%; flex-grow: 0; height: 20px; width: 20px;\"><\/div>\n<div style=\"width: 0; height: 0; border-top: 2px solid transparent; border-left: 6px solid #f4f4f4; border-bottom: 2px solid transparent; transform: translateX(16px) translateY(-4px) rotate(30deg);\"><\/div>\n<\/div>\n<div style=\"margin-left: auto;\">\n<div style=\"width: 0px; border-top: 8px solid #F4F4F4; border-right: 8px solid transparent; transform: translateY(16px);\"><\/div>\n<div style=\"background-color: #f4f4f4; flex-grow: 0; height: 12px; width: 16px; transform: translateY(-4px);\"><\/div>\n<div style=\"width: 0; height: 0; border-top: 8px solid #F4F4F4; border-left: 8px solid transparent; transform: translateY(-4px) translateX(8px);\"><\/div>\n<\/div>\n<\/div>\n<p>&nbsp;<\/p>\n<p style=\"margin: 8px 0 0 0; padding: 0 4px;\"><a style=\"color: #000; font-family: Arial,sans-serif; font-size: 14px; font-style: normal; font-weight: normal; line-height: 17px; text-decoration: none; word-wrap: break-word;\" href=\"https:\/\/www.instagram.com\/p\/CHCtweVFqom\/?utm_source=ig_embed&amp;utm_campaign=loading\" target=\"_blank\" rel=\"noopener noreferrer\">#HastaSiempreMario \u26ab\ufe0f La familia de Cadena 3 Argentina hoy abraza especialmente a Estelita, a todos los familiares de Mario Pereyra y a sus oyentes en el pai\u0301s y el mundo. Mario nos ha dejado un camino: hacer la gran Radio. La radio que entretiene, que informa, que opina y que se ofrece a nuestra gente para que ella tambie\u0301n se exprese. Seguiremos siendo en honor a Mario, la Radio comprometida con la libertad y la Repu\u0301blica. La radio que acompan\u0303a a todos, la radio de la gente. Descansa en paz querido Mario Pereyra, hasta siempre amigo. Te despedimos los 40 millones que nos senti\u0301amos parte de #Juntos, tu programa que hiciste el de todos. \ud83d\udcfb\ud83d\udcf2<\/a><\/p>\n<p style=\"color: #c9c8cd; font-family: Arial,sans-serif; font-size: 14px; line-height: 17px; margin-bottom: 0; margin-top: 8px; overflow: hidden; padding: 8px 0 7px; text-align: center; text-overflow: ellipsis; white-space: nowrap;\">Una publicaci\u00f3n compartida por <a style=\"color: #c9c8cd; font-family: Arial,sans-serif; font-size: 14px; font-style: normal; font-weight: normal; line-height: 17px;\" href=\"https:\/\/www.instagram.com\/cadena3com\/?utm_source=ig_embed&amp;utm_campaign=loading\" target=\"_blank\" rel=\"noopener noreferrer\"> Cadena 3 Argentina<\/a> (@cadena3com) el <time style=\"font-family: Arial,sans-serif; font-size: 14px; line-height: 17px;\" datetime=\"2020-11-01T09:03:33+00:00\">1 de N<\/time><\/p>\n<p style=\"color: #c9c8cd; font-family: Arial,sans-serif; font-size: 14px; line-height: 17px; margin-bottom: 0; margin-top: 8px; overflow: hidden; padding: 8px 0 7px; text-align: center; text-overflow: ellipsis; white-space: nowrap;\"><time style=\"font-family: Arial,sans-serif; font-size: 14px; line-height: 17px;\" datetime=\"2020-11-01T09:03:33+00:00\">ov de 2020 a las 1:03 PST<\/time><\/p>\n<\/div>\n<\/blockquote>\n<p><script async src=\"\/\/www.instagram.com\/embed.js\"><\/script><\/p>\n<blockquote class=\"twitter-tweet\" data-width=\"550\" data-dnt=\"true\">\n<p lang=\"es\" dir=\"ltr\">Despedimos a Mario Pereyra y acompa\u00f1amos en el dolor, en este triste momento, a su familia y a todo el equipo de <a href=\"https:\/\/twitter.com\/Cadena3Com?ref_src=twsrc%5Etfw\">@Cadena3Com<\/a><\/p>\n<p>&mdash; Juan Schiaretti (@JSchiaretti) <a href=\"https:\/\/twitter.com\/JSchiaretti\/status\/1322911208157155330?ref_src=twsrc%5Etfw\">November 1, 2020<\/a><\/p><\/blockquote>\n<p><script async src=\"https:\/\/platform.twitter.com\/widgets.js\" charset=\"utf-8\"><\/script><\/p>\n<blockquote class=\"twitter-tweet\" data-width=\"550\" data-dnt=\"true\">\n<p lang=\"es\" dir=\"ltr\">QEPD Mario Pereyra <a href=\"https:\/\/t.co\/TUIsGK8eGA\">pic.twitter.com\/TUIsGK8eGA<\/a><\/p>\n<p>&mdash; La Mona Jim\u00e9nez (@cmjoficial) <a href=\"https:\/\/twitter.com\/cmjoficial\/status\/1322897857012260865?ref_src=twsrc%5Etfw\">November 1, 2020<\/a><\/p><\/blockquote>\n<p><script async src=\"https:\/\/platform.twitter.com\/widgets.js\" charset=\"utf-8\"><\/script><\/p>\n<blockquote class=\"twitter-tweet\" data-width=\"550\" data-dnt=\"true\">\n<p lang=\"es\" dir=\"ltr\"><a href=\"https:\/\/twitter.com\/hashtag\/HastaSiempreMario?src=hash&amp;ref_src=twsrc%5Etfw\">#HastaSiempreMario<\/a><br \/>El emotivo adi\u00f3s de Rony Vargas a Mario Pereyra: &quot;Esperame, que volveremos&quot; <a href=\"https:\/\/t.co\/MK3rskhuuP\">https:\/\/t.co\/MK3rskhuuP<\/a> <a href=\"https:\/\/t.co\/sXwTD2gP1Z\">pic.twitter.com\/sXwTD2gP1Z<\/a><\/p>\n<p>&mdash; Cadena 3 Argentina (@Cadena3Com) <a href=\"https:\/\/twitter.com\/Cadena3Com\/status\/1322916053853347840?ref_src=twsrc%5Etfw\">November 1, 2020<\/a><\/p><\/blockquote>\n<p><script async src=\"https:\/\/platform.twitter.com\/widgets.js\" charset=\"utf-8\"><\/script><\/p>\n<blockquote class=\"twitter-tweet\" data-width=\"550\" data-dnt=\"true\">\n<p lang=\"es\" dir=\"ltr\">AL AIRE \ud83d\udcfb<br \/>Habla Miguel Clari\u00e1: &quot;Con Mario Pereyra se va una etapa hist\u00f3rica de la radio&quot; <a href=\"https:\/\/t.co\/LKSMeyKH1u\">https:\/\/t.co\/LKSMeyKH1u<\/a> <a href=\"https:\/\/t.co\/kjZQmx2bAh\">pic.twitter.com\/kjZQmx2bAh<\/a><\/p>\n<p>&mdash; Cadena 3 Argentina (@Cadena3Com) <a href=\"https:\/\/twitter.com\/Cadena3Com\/status\/1322903457796399104?ref_src=twsrc%5Etfw\">November 1, 2020<\/a><\/p><\/blockquote>\n<p><script async src=\"https:\/\/platform.twitter.com\/widgets.js\" charset=\"utf-8\"><\/script><\/p>\n<blockquote class=\"twitter-tweet\" data-width=\"550\" data-dnt=\"true\">\n<p lang=\"es\" dir=\"ltr\">El hombre que m\u00e1s am\u00f3 a la radio \u26ab\ufe0f Hoy saludamos a la gran familia de <a href=\"https:\/\/twitter.com\/Cadena3Com?ref_src=twsrc%5Etfw\">@Cadena3com<\/a> tras la partida de nuestro Director Art\u00edstico, Mario Pereyra \u26ab\ufe0f<\/p>\n<p>Todos los que hacemos <a href=\"https:\/\/twitter.com\/FMRadioPopular?ref_src=twsrc%5Etfw\">@fmradiopopular<\/a> abrazamos a sus familiares y a toda su audiencia. \ud83d\udcfb\ud83d\udcf2 <a href=\"https:\/\/twitter.com\/hashtag\/HastaSiempreMario?src=hash&amp;ref_src=twsrc%5Etfw\">#HastaSiempreMario<\/a> <a href=\"https:\/\/t.co\/y7stSezXIA\">pic.twitter.com\/y7stSezXIA<\/a><\/p>\n<p>&mdash; La Popu (@FMRadioPopular) <a href=\"https:\/\/twitter.com\/FMRadioPopular\/status\/1322894749800534018?ref_src=twsrc%5Etfw\">November 1, 2020<\/a><\/p><\/blockquote>\n<p><script async src=\"https:\/\/platform.twitter.com\/widgets.js\" charset=\"utf-8\"><\/script><\/p>\n<blockquote class=\"twitter-tweet\" data-width=\"550\" data-dnt=\"true\">\n<p lang=\"es\" dir=\"ltr\">Nuestro sentimiento late junto a la familia Pereyra por la partida de Mario.<\/p>\n<p>Nuestro abrazo fraterno a los equipos de trabajo de <a href=\"https:\/\/twitter.com\/Cadena3Com?ref_src=twsrc%5Etfw\">@Cadena3Com<\/a>. <a href=\"https:\/\/t.co\/QVEGzD3mDs\">pic.twitter.com\/QVEGzD3mDs<\/a><\/p>\n<p>&mdash; CATalleresdecba (@CATalleresdecba) <a href=\"https:\/\/twitter.com\/CATalleresdecba\/status\/1322911318668644352?ref_src=twsrc%5Etfw\">November 1, 2020<\/a><\/p><\/blockquote>\n<p><script async src=\"https:\/\/platform.twitter.com\/widgets.js\" charset=\"utf-8\"><\/script><\/p>\n<blockquote class=\"twitter-tweet\" data-width=\"550\" data-dnt=\"true\">\n<p lang=\"es\" dir=\"ltr\">Abu Mario, te vamos a extra\u00f1ar mucho mucho pero desde el cielo nos ver\u00e1s crecer y te reir\u00e1s con nuestras ocurrencias, como lo hac\u00edas siempre. Te amamos por siempre. Tus turquitas \u2764\ufe0f\ud83d\ude4f\ud83c\udffb <a href=\"https:\/\/t.co\/4qefuDaU9Q\">pic.twitter.com\/4qefuDaU9Q<\/a><\/p>\n<p>&mdash; Geo Monteagudo (@GeoMonteagudo) <a href=\"https:\/\/twitter.com\/GeoMonteagudo\/status\/1322897254248816641?ref_src=twsrc%5Etfw\">November 1, 2020<\/a><\/p><\/blockquote>\n<p><script async src=\"https:\/\/platform.twitter.com\/widgets.js\" charset=\"utf-8\"><\/script><\/p>\n<blockquote class=\"twitter-tweet\">\n<p dir=\"ltr\" lang=\"es\">Querido Mario, te vamos a extra\u00f1ar mucho. Especialmente tu sentido del humor, tu sentido com\u00fan, tu honestidad y tus valores. Gracias por todo. Vamos a seguir trabajando para que nuestro sue\u00f1o de ver a la Argentina salir adelante sea una realidad.<\/p>\n<p>\u2014 Mauricio Macri (@mauriciomacri) <a href=\"https:\/\/twitter.com\/mauriciomacri\/status\/1322903795630776320?ref_src=twsrc%5Etfw\">November 1, 2020<\/a><\/p><\/blockquote>\n<p><script async=\"\" src=\"https:\/\/platform.twitter.com\/widgets.js\" charset=\"utf-8\"><\/script><\/p>\n<blockquote class=\"twitter-tweet\">\n<p dir=\"ltr\" lang=\"es\">Enorme tristeza por la muerte de Mario Pereyra, gran periodista cordob\u00e9s. Mis condolencias a su familia, amigos y seres queridos en este momento.<\/p>\n<p>\u2014 Horacio Rodr\u00edguez Larreta ????????? (@horaciorlarreta) <a href=\"https:\/\/twitter.com\/horaciorlarreta\/status\/1322902608516964352?ref_src=twsrc%5Etfw\">November 1, 2020<\/a><\/p><\/blockquote>\n<p><script async=\"\" src=\"https:\/\/platform.twitter.com\/widgets.js\" charset=\"utf-8\"><\/script><\/p>\n<blockquote class=\"instagram-media\" style=\"background: #ffffff; border: 0px; border-radius: 3px; box-shadow: rgba(0, 0, 0, 0.5) 0px 0px 1px 0px, rgba(0, 0, 0, 0.15) 0px 1px 10px 0px; margin: 1px; max-width: 540px; min-width: 326px; width: calc(100% - 2px);\" data-instgrm-captioned=\"\" data-instgrm-permalink=\"https:\/\/www.instagram.com\/p\/CHDN7BjlcUW\/?utm_source=ig_embed&amp;utm_campaign=loading\" data-instgrm-version=\"13\">\n<div style=\"padding: 16px;\">\n<p>&nbsp;<\/p>\n<div style=\"display: flex; flex-direction: row; align-items: center;\">\n<div style=\"background-color: #f4f4f4; border-radius: 50%; flex-grow: 0; height: 40px; margin-right: 14px; width: 40px;\"><\/div>\n<div style=\"display: flex; flex-direction: column; flex-grow: 1; justify-content: center;\">\n<div style=\"background-color: #f4f4f4; border-radius: 4px; flex-grow: 0; height: 14px; margin-bottom: 6px; width: 100px;\"><\/div>\n<div style=\"background-color: #f4f4f4; border-radius: 4px; flex-grow: 0; height: 14px; width: 60px;\"><\/div>\n<\/div>\n<\/div>\n<div style=\"padding-top: 19%; padding-bottom: 19%;\"><\/div>\n<div style=\"height: 50px; margin-right: auto; margin-bottom: 12px; margin-left: auto; width: 50px;\"><\/div>\n<div style=\"padding-top: 8px;\">\n<div style=\"color: #3897f0; font-family: Arial, sans-serif; line-height: 18px;\">Ver esta publicaci\u00f3n en Instagram<\/div>\n<\/div>\n<div style=\"padding-top: 12.5%; padding-bottom: 12.5%;\"><\/div>\n<div style=\"display: flex; flex-direction: row; margin-bottom: 14px; align-items: center;\">\n<div>\n<div style=\"background-color: #f4f4f4; border-radius: 50%; height: 12.5px; width: 12.5px; transform: translateX(0px) translateY(7px);\"><\/div>\n<div style=\"background-color: #f4f4f4; height: 12.5px; transform: rotate(-45deg) translateX(3px) translateY(1px); width: 12.5px; flex-grow: 0; margin-right: 14px; margin-left: 2px;\"><\/div>\n<div style=\"background-color: #f4f4f4; border-radius: 50%; height: 12.5px; width: 12.5px; transform: translateX(9px) translateY(-18px);\"><\/div>\n<\/div>\n<div style=\"margin-left: 8px;\">\n<div style=\"background-color: #f4f4f4; border-radius: 50%; flex-grow: 0; height: 20px; width: 20px;\"><\/div>\n<div style=\"width: 0; height: 0; border-top: 2px solid transparent; border-left: 6px solid #f4f4f4; border-bottom: 2px solid transparent; transform: translateX(16px) translateY(-4px) rotate(30deg);\"><\/div>\n<\/div>\n<div style=\"margin-left: auto;\">\n<div style=\"width: 0px; border-top: 8px solid #F4F4F4; border-right: 8px solid transparent; transform: translateY(16px);\"><\/div>\n<div style=\"background-color: #f4f4f4; flex-grow: 0; height: 12px; width: 16px; transform: translateY(-4px);\"><\/div>\n<div style=\"width: 0; height: 0; border-top: 8px solid #F4F4F4; border-left: 8px solid transparent; transform: translateY(-4px) translateX(8px);\"><\/div>\n<\/div>\n<\/div>\n<p>&nbsp;<\/p>\n<p style=\"margin-top: 8px; margin-bottom: 0px; padding: 0px 4px;\"><a style=\"color: #000000; font-family: Arial, sans-serif; font-size: 14px; line-height: 17px; overflow-wrap: break-word;\" href=\"https:\/\/www.instagram.com\/p\/CHDN7BjlcUW\/?utm_source=ig_embed&amp;utm_campaign=loading\" target=\"_blank\" rel=\"noopener noreferrer\">Querido Mario, hoy me despert\u00e9 con la peor noticia. Pareciera que ayer fue la \u00faltima vez que hablamos. Siento muy profundamente tu partida. Pero me quedo con tu recuerdo y tu voz que quedar\u00e1 en el coraz\u00f3n de todo C\u00f3rdoba. Fuiste un pilar fundamental para la m\u00fasica popular de C\u00f3rdoba y sin dudas mi carrera no hubiera sido lo mismo sin tu apoyo incondicional. Mis condolencias para toda la familia y todas las fuerzas para vos Estela que todav\u00eda hay que pelearla. QEPD Mario Pereyra<\/a><\/p>\n<p style=\"color: #c9c8cd; font-family: Arial,sans-serif; font-size: 14px; line-height: 17px; margin-bottom: 0; margin-top: 8px; overflow: hidden; padding: 8px 0 7px; text-align: center; text-overflow: ellipsis; white-space: nowrap;\">Una publicaci\u00f3n compartida de <a style=\"color: #c9c8cd; font-family: Arial, sans-serif; line-height: 17px;\" href=\"https:\/\/www.instagram.com\/lamonaoficial\/?utm_source=ig_embed&amp;utm_campaign=loading\" target=\"_blank\" rel=\"noopener noreferrer\"> La Mona Jim\u00e9nez<\/a> (@lamonaoficial) el <time style=\"font-family: Arial, sans-serif; line-height: 17px;\" datetime=\"2020-11-01T13:44:36+00:00\">1 Nov, 2020 a las 5:44 PST<\/time><\/p>\n<\/div>\n<\/blockquote>\n<p><script async=\"\" src=\"\/\/www.instagram.com\/embed.js\"><\/script><\/p>\n<blockquote class=\"twitter-tweet\">\n<p dir=\"ltr\" lang=\"es\">Mi m\u00e1s sentido p\u00e9same a la familia, amigos, amigas y trabajadores de <a href=\"https:\/\/twitter.com\/Cadena3?ref_src=twsrc%5Etfw\">@cadena3<\/a> Mario Pereyra fue un precursor en los medios de comunicaci\u00f3n de C\u00f3rdoba e \u00edcono de la Radio. <a href=\"https:\/\/t.co\/URR3AN9JOs\">pic.twitter.com\/URR3AN9JOs<\/a><\/p>\n<p>\u2014 Dante Rossi (@DanteVRossi) <a href=\"https:\/\/twitter.com\/DanteVRossi\/status\/1322896169605935105?ref_src=twsrc%5Etfw\">November 1, 2020<\/a><\/p><\/blockquote>\n<p><script async=\"\" src=\"https:\/\/platform.twitter.com\/widgets.js\" charset=\"utf-8\"><\/script><\/p>\n<blockquote class=\"twitter-tweet\">\n<p dir=\"ltr\" lang=\"es\">Ante triste noticia del fallecimiento de Mario Pereyra desde <a href=\"https:\/\/twitter.com\/AgCbaCultura?ref_src=twsrc%5Etfw\">@AgCbaCultura<\/a> queremos enviar nuestro sentido p\u00e9same a su flia y colegas. En su carrera expres\u00f3 el sentir de una gran parte de nuestro pueblo y elabor\u00f3 una mirada de la cultura nacional desde el interior del pais.QEPD <a href=\"https:\/\/t.co\/mqlFr7HbK6\">pic.twitter.com\/mqlFr7HbK6<\/a><\/p>\n<p>\u2014 Cultura CBA (@AgCbaCultura) <a href=\"https:\/\/twitter.com\/AgCbaCultura\/status\/1322896185305292800?ref_src=twsrc%5Etfw\">November 1, 2020<\/a><\/p><\/blockquote>\n<p><script async=\"\" src=\"https:\/\/platform.twitter.com\/widgets.js\" charset=\"utf-8\"><\/script><\/p>\n<blockquote class=\"twitter-tweet\">\n<p dir=\"ltr\" lang=\"es\">Dolor por la muerte de Mario Pereyra, Maestro del periodismo. Abrazo a su familia y a los colegas de Cadena 3.<\/p>\n<p>\u2014 Guillermo Lobo (@GuilleLobo) <a href=\"https:\/\/twitter.com\/GuilleLobo\/status\/1322895466154070017?ref_src=twsrc%5Etfw\">November 1, 2020<\/a><\/p><\/blockquote>\n<p><script async=\"\" src=\"https:\/\/platform.twitter.com\/widgets.js\" charset=\"utf-8\"><\/script><\/p>\n<blockquote class=\"twitter-tweet\">\n<p dir=\"ltr\" lang=\"es\">Quiero expresar mi pesar por el fallecimiento de Mario Pereyra, l\u00edder indiscutido de la radio y figura hist\u00f3rica de C\u00f3rdoba. Un abrazo a sus seres queridos, a sus oyentes y a toda la familia de <a href=\"https:\/\/twitter.com\/Cadena3Com?ref_src=twsrc%5Etfw\">@cadena3com<\/a>. <a href=\"https:\/\/t.co\/xNFZfDjOAZ\">pic.twitter.com\/xNFZfDjOAZ<\/a><\/p>\n<p>\u2014 Manuel Calvo (@ManuelCalvoCba) <a href=\"https:\/\/twitter.com\/ManuelCalvoCba\/status\/1322887891505319938?ref_src=twsrc%5Etfw\">November 1, 2020<\/a><\/p><\/blockquote>\n<p><script async=\"\" src=\"https:\/\/platform.twitter.com\/widgets.js\" charset=\"utf-8\"><\/script><\/p>\n<blockquote class=\"twitter-tweet\">\n<p dir=\"ltr\" lang=\"es\">Hoy amanec\u00ed con la terrible noticia de que Mario Pereyra, referente indiscutido de la radio, nos dej\u00f3 tras su lucha con esta enfermedad que nos tiene a mal traer. Mis condolencias a su familia, amigos y a todos sus compa\u00f1eros de <a href=\"https:\/\/twitter.com\/Cadena3Com?ref_src=twsrc%5Etfw\">@cadena3com<\/a>, su casa.<\/p>\n<p>\u2014 Soher El Sukaria (@SoherElSukaria) <a href=\"https:\/\/twitter.com\/SoherElSukaria\/status\/1322890855032725504?ref_src=twsrc%5Etfw\">November 1, 2020<\/a><\/p><\/blockquote>\n<p><script async=\"\" src=\"https:\/\/platform.twitter.com\/widgets.js\" charset=\"utf-8\"><\/script><\/p>\n<blockquote class=\"twitter-tweet\">\n<p dir=\"ltr\" lang=\"es\">Un abrazo a todos los cordobeses en este d\u00eda triste donde lamentamos la p\u00e9rdida del gran Mario Pereyra, sin\u00f3nimo de radio y buen periodismo en la provincia y en la Argentina.<\/p>\n<p>\u2014 Rogelio Frigerio (@frigeriorogelio) <a href=\"https:\/\/twitter.com\/frigeriorogelio\/status\/1322888005196173312?ref_src=twsrc%5Etfw\">November 1, 2020<\/a><\/p><\/blockquote>\n<p><script async=\"\" src=\"https:\/\/platform.twitter.com\/widgets.js\" charset=\"utf-8\"><\/script><\/p>\n<blockquote class=\"twitter-tweet\">\n<p dir=\"ltr\" lang=\"es\">Amanecimos con la triste noticia del fallecimiento del gran periodista sanjuanino Mario Pereyra. Env\u00edo un abrazo a su familia y los acompa\u00f1o en este dif\u00edcil momento. \u00c9l fue y ser\u00e1 sin\u00f3nimo de la radio federal que informa y entretiene a todo el pa\u00eds. \u00a1Hasta siempre querido Mario! <a href=\"https:\/\/t.co\/XkU8BfJxaW\">pic.twitter.com\/XkU8BfJxaW<\/a><\/p>\n<p>\u2014 Sergio U\u00f1ac (@sergiounac) <a href=\"https:\/\/twitter.com\/sergiounac\/status\/1322893518399066114?ref_src=twsrc%5Etfw\">November 1, 2020<\/a><\/p><\/blockquote>\n<p><script async=\"\" src=\"https:\/\/platform.twitter.com\/widgets.js\" charset=\"utf-8\"><\/script><\/p>\n<blockquote class=\"twitter-tweet\">\n<p dir=\"ltr\" lang=\"es\">Hasta siempre, Mario Pereyra. Un enorme profesional y un referente del periodismo argentino. Fuerte abrazo a sus seres queridos y compa\u00f1eros de Cadena 3 en este momento.<\/p>\n<p>\u2014 Patricia Bullrich (@PatoBullrich) <a href=\"https:\/\/twitter.com\/PatoBullrich\/status\/1322890847109718017?ref_src=twsrc%5Etfw\">November 1, 2020<\/a><\/p><\/blockquote>\n<p><script async=\"\" src=\"https:\/\/platform.twitter.com\/widgets.js\" charset=\"utf-8\"><\/script><\/p>\n<blockquote class=\"twitter-tweet\">\n<p dir=\"ltr\" lang=\"es\">Mucha tristeza por el fallecimiento de Mario Pereyra. Revolucionaste la radio Marito, vamos a extra\u00f1ar tu voz todas las ma\u00f1anas. Saludos a sus familiares y a toda <a href=\"https:\/\/twitter.com\/Cadena3Com?ref_src=twsrc%5Etfw\">@cadena3com<\/a> <a href=\"https:\/\/t.co\/TkTJAXSFDO\">pic.twitter.com\/TkTJAXSFDO<\/a><\/p>\n<p>\u2014 Daniela Gudi\u00f1o (@dsgudino) <a href=\"https:\/\/twitter.com\/dsgudino\/status\/1322893854606057473?ref_src=twsrc%5Etfw\">November 1, 2020<\/a><\/p><\/blockquote>\n<p><script async=\"\" src=\"https:\/\/platform.twitter.com\/widgets.js\" charset=\"utf-8\"><\/script><\/p>\n<blockquote class=\"twitter-tweet\">\n<p dir=\"ltr\" lang=\"es\">Lamentamos el fallecimiento de Mario Pereyra, nuestras condolencias y acompa\u00f1amiento a sus familiares, amigos y equipo de trabajo de <a href=\"https:\/\/twitter.com\/Cadena3Com?ref_src=twsrc%5Etfw\">@Cadena3Com<\/a> .<br \/>\nSe fue un \u00edcono del periodismo en <a href=\"https:\/\/twitter.com\/hashtag\/C%C3%B3rdoba?src=hash&amp;ref_src=twsrc%5Etfw\">#C\u00f3rdoba<\/a>, que logr\u00f3 federalizar un medio del interior y destacarse a nivel nacional.<\/p>\n<p>\u2014 Juli\u00e1n M. L\u00f3pez (@JuliLopezOK) <a href=\"https:\/\/twitter.com\/JuliLopezOK\/status\/1322890041782394880?ref_src=twsrc%5Etfw\">November 1, 2020<\/a><\/p><\/blockquote>\n<p><script async=\"\" src=\"https:\/\/platform.twitter.com\/widgets.js\" charset=\"utf-8\"><\/script><\/p>\n<blockquote class=\"instagram-media\" style=\"background: #ffffff; border: 0px; border-radius: 3px; box-shadow: rgba(0, 0, 0, 0.5) 0px 0px 1px 0px, rgba(0, 0, 0, 0.15) 0px 1px 10px 0px; margin: 1px; max-width: 540px; min-width: 326px; width: calc(100% - 2px);\" data-instgrm-captioned=\"\" data-instgrm-permalink=\"https:\/\/www.instagram.com\/p\/CHDDDDtJkSQ\/?utm_source=ig_embed&amp;utm_campaign=loading\" data-instgrm-version=\"13\">\n<div style=\"padding: 16px;\">\n<p>&nbsp;<\/p>\n<div style=\"display: flex; flex-direction: row; align-items: center;\">\n<div style=\"background-color: #f4f4f4; border-radius: 50%; flex-grow: 0; height: 40px; margin-right: 14px; width: 40px;\"><\/div>\n<div style=\"display: flex; flex-direction: column; flex-grow: 1; justify-content: center;\">\n<div style=\"background-color: #f4f4f4; border-radius: 4px; flex-grow: 0; height: 14px; margin-bottom: 6px; width: 100px;\"><\/div>\n<div style=\"background-color: #f4f4f4; border-radius: 4px; flex-grow: 0; height: 14px; width: 60px;\"><\/div>\n<\/div>\n<\/div>\n<div style=\"padding-top: 19%; padding-bottom: 19%;\"><\/div>\n<div style=\"height: 50px; margin-right: auto; margin-bottom: 12px; margin-left: auto; width: 50px;\"><\/div>\n<div style=\"padding-top: 8px;\">\n<div style=\"color: #3897f0; font-family: Arial, sans-serif; line-height: 18px;\">Ver esta publicaci\u00f3n en Instagram<\/div>\n<\/div>\n<div style=\"padding-top: 12.5%; padding-bottom: 12.5%;\"><\/div>\n<div style=\"display: flex; flex-direction: row; margin-bottom: 14px; align-items: center;\">\n<div>\n<div style=\"background-color: #f4f4f4; border-radius: 50%; height: 12.5px; width: 12.5px; transform: translateX(0px) translateY(7px);\"><\/div>\n<div style=\"background-color: #f4f4f4; height: 12.5px; transform: rotate(-45deg) translateX(3px) translateY(1px); width: 12.5px; flex-grow: 0; margin-right: 14px; margin-left: 2px;\"><\/div>\n<div style=\"background-color: #f4f4f4; border-radius: 50%; height: 12.5px; width: 12.5px; transform: translateX(9px) translateY(-18px);\"><\/div>\n<\/div>\n<div style=\"margin-left: 8px;\">\n<div style=\"background-color: #f4f4f4; border-radius: 50%; flex-grow: 0; height: 20px; width: 20px;\"><\/div>\n<div style=\"width: 0; height: 0; border-top: 2px solid transparent; border-left: 6px solid #f4f4f4; border-bottom: 2px solid transparent; transform: translateX(16px) translateY(-4px) rotate(30deg);\"><\/div>\n<\/div>\n<div style=\"margin-left: auto;\">\n<div style=\"width: 0px; border-top: 8px solid #F4F4F4; border-right: 8px solid transparent; transform: translateY(16px);\"><\/div>\n<div style=\"background-color: #f4f4f4; flex-grow: 0; height: 12px; width: 16px; transform: translateY(-4px);\"><\/div>\n<div style=\"width: 0; height: 0; border-top: 8px solid #F4F4F4; border-left: 8px solid transparent; transform: translateY(-4px) translateX(8px);\"><\/div>\n<\/div>\n<\/div>\n<p>&nbsp;<\/p>\n<p style=\"margin-top: 8px; margin-bottom: 0px; padding: 0px 4px;\"><a style=\"color: #000000; font-family: Arial, sans-serif; font-size: 14px; line-height: 17px; overflow-wrap: break-word;\" href=\"https:\/\/www.instagram.com\/p\/CHDDDDtJkSQ\/?utm_source=ig_embed&amp;utm_campaign=loading\" target=\"_blank\" rel=\"noopener noreferrer\">Hablar de la vida con vos en en cada entrevista, en cada encuentro, en cada abrazo era aprendizaje para mi mente y emociones m\u00e1gicas para mi alma, Pero hoy tener q hablar de vos me hace llorar el coraz\u00f3n! Solo tengo q agradecerte x cada espacio,cada tiempo, cada compromiso desde el primer d\u00eda!! Me dejaste ser tu sobrino art\u00edstico y entre tantas risas tu corresponsal en cada lugar donde me encontraba!! Amaste la radio,la m\u00fasica, los artistas y al pueblo como nadie!! GRACIAS NUEVAMENTE!! Te voy a extra\u00f1ar y cada vez q llegue a tu ciudad deber\u00e9 aceptar q no lo es lo mismo #CordobaSinTi #HastaSiempreMario<\/a><\/p>\n<p style=\"color: #c9c8cd; font-family: Arial,sans-serif; font-size: 14px; line-height: 17px; margin-bottom: 0; margin-top: 8px; overflow: hidden; padding: 8px 0 7px; text-align: center; text-overflow: ellipsis; white-space: nowrap;\">Una publicaci\u00f3n compartida de <a style=\"color: #c9c8cd; font-family: Arial, sans-serif; line-height: 17px;\" href=\"https:\/\/www.instagram.com\/lucianopereyraoficial\/?utm_source=ig_embed&amp;utm_campaign=loading\" target=\"_blank\" rel=\"noopener noreferrer\"> Luciano Pereyra<\/a> (@lucianopereyraoficial) el <time style=\"font-family: Arial, sans-serif; line-height: 17px;\" datetime=\"2020-11-01T12:09:35+00:00\">1 Nov, 2020 a las 4:09 PST<\/time><\/p>\n<\/div>\n<\/blockquote>\n<p><script async=\"\" src=\"\/\/www.instagram.com\/embed.js\"><\/script><\/p>\n<blockquote class=\"twitter-tweet\">\n<p dir=\"ltr\" lang=\"es\">Con un estilo inconfundible, marc\u00f3 un antes y un despu\u00e9s en la radio y acompa\u00f1\u00f3 el d\u00eda a d\u00eda de miles de cordobeses y argentinos, llegando a cada rinc\u00f3n de nuestro pa\u00eds.<br \/>\nQue en paz descanse. Mis condolencias a su familia, amigos y todo el equipo de <a href=\"https:\/\/twitter.com\/Cadena3Com?ref_src=twsrc%5Etfw\">@Cadena3Com<\/a> <a href=\"https:\/\/t.co\/8k54iaS3oD\">https:\/\/t.co\/8k54iaS3oD<\/a><\/p>\n<p>\u2014 Adriana Nazario (@NazarioOk) <a href=\"https:\/\/twitter.com\/NazarioOk\/status\/1322880078825533448?ref_src=twsrc%5Etfw\">November 1, 2020<\/a><\/p><\/blockquote>\n<p><script async=\"\" src=\"https:\/\/platform.twitter.com\/widgets.js\" charset=\"utf-8\"><\/script><\/p>\n<blockquote class=\"twitter-tweet\">\n<p dir=\"ltr\" lang=\"es\">P\u00e9same a toda la familia de Mario pereyra y a toda <a href=\"https:\/\/twitter.com\/Cadena3Com?ref_src=twsrc%5Etfw\">@Cadena3Com<\/a> ., gran dolor por la muerte de un gran tipo .,<\/p>\n<p>\u2014 jose palazzo (@josedpalazzo) <a href=\"https:\/\/twitter.com\/josedpalazzo\/status\/1322864525796872194?ref_src=twsrc%5Etfw\">November 1, 2020<\/a><\/p><\/blockquote>\n<p><script async=\"\" src=\"https:\/\/platform.twitter.com\/widgets.js\" charset=\"utf-8\"><\/script><\/p>\n<blockquote class=\"twitter-tweet\">\n<p dir=\"ltr\" lang=\"es\">Hola a Todos, mis Condolencias a la Familia de mi Tocayo<a href=\"https:\/\/twitter.com\/hashtag\/MarioPereyra?src=hash&amp;ref_src=twsrc%5Etfw\">#MarioPereyra<\/a>, una Gran persona, tuvimos miles de entrevistas y el chiste siempre era x los nombres.<\/p>\n<p>Yo estoy bien, les recuerdo como al comienzo de la <a href=\"https:\/\/twitter.com\/hashtag\/pandemia?src=hash&amp;ref_src=twsrc%5Etfw\">#pandemia<\/a><\/p>\n<p>CUIDENSE, ESTO NO ES JODA. <a href=\"https:\/\/twitter.com\/hashtag\/cuarentena?src=hash&amp;ref_src=twsrc%5Etfw\">#cuarentena<\/a><a href=\"https:\/\/twitter.com\/Cadena3Com?ref_src=twsrc%5Etfw\">@Cadena3Com<\/a> <a href=\"https:\/\/t.co\/ClbzZEsDXJ\">pic.twitter.com\/ClbzZEsDXJ<\/a><\/p>\n<p>\u2014 Mario Pereyra EL MASTER (@MarioPereyra_ok) <a href=\"https:\/\/twitter.com\/MarioPereyra_ok\/status\/1322890168622350336?ref_src=twsrc%5Etfw\">November 1, 2020<\/a><\/p><\/blockquote>\n<p><script async=\"\" src=\"https:\/\/platform.twitter.com\/widgets.js\" charset=\"utf-8\"><\/script><\/p>\n<blockquote class=\"twitter-tweet\">\n<p dir=\"ltr\" lang=\"es\">Despedimos con profunda tristeza a Mario Pereyra: \u00edcono de la radiofon\u00eda federal. Acompa\u00f1\u00f3 nuestras ma\u00f1anas desde aqu\u00ed, para toda la Argentina.<br \/>\nCiudadano ilustre de nuestra <a href=\"https:\/\/twitter.com\/hashtag\/C%C3%B3rdoba?src=hash&amp;ref_src=twsrc%5Etfw\">#C\u00f3rdoba<\/a>, donde vivi\u00f3 y form\u00f3 su familia, a la que acompa\u00f1o en el dolor.<br \/>\nHoy, se apag\u00f3 la radio. <a href=\"https:\/\/t.co\/XyoxH8Fk2x\">pic.twitter.com\/XyoxH8Fk2x<\/a><\/p>\n<p>\u2014 Daniel Passerini (@PasseriniOk) <a href=\"https:\/\/twitter.com\/PasseriniOk\/status\/1322875696511963136?ref_src=twsrc%5Etfw\">November 1, 2020<\/a><\/p><\/blockquote>\n<p><script async=\"\" src=\"https:\/\/platform.twitter.com\/widgets.js\" charset=\"utf-8\"><\/script><\/p>\n<blockquote class=\"twitter-tweet\">\n<p dir=\"ltr\" lang=\"es\">Lamentamos profundamente el fallecimiento de Mario Pereyra, destacando su invaluable aporte al periodismo cordob\u00e9s. Nuestras m\u00e1s sinceras condolencias a sus familiares y al equipo de <a href=\"https:\/\/twitter.com\/Cadena3Com?ref_src=twsrc%5Etfw\">@Cadena3Com<\/a> <a href=\"https:\/\/t.co\/7TBkkvWMq2\">pic.twitter.com\/7TBkkvWMq2<\/a><\/p>\n<p>\u2014 Bolsa de Comercio Cba (@BolsaCordoba) <a href=\"https:\/\/twitter.com\/BolsaCordoba\/status\/1322875419096457217?ref_src=twsrc%5Etfw\">November 1, 2020<\/a><\/p><\/blockquote>\n<p><script async=\"\" src=\"https:\/\/platform.twitter.com\/widgets.js\" charset=\"utf-8\"><\/script><\/p>\n<blockquote class=\"twitter-tweet\">\n<p dir=\"ltr\" lang=\"es\">Despido a un trabajador apasionado de la radio, Mario Pereyra. Acompa\u00f1o en este triste momento a sus seres queridos y a la gran familia de <a href=\"https:\/\/twitter.com\/Cadena3Com?ref_src=twsrc%5Etfw\">@Cadena3Com<\/a><a href=\"https:\/\/twitter.com\/hashtag\/QEPD?src=hash&amp;ref_src=twsrc%5Etfw\">#QEPD<\/a><\/p>\n<p>\u2014 Luis Picat (@LuisPicat) <a href=\"https:\/\/twitter.com\/LuisPicat\/status\/1322870847112126465?ref_src=twsrc%5Etfw\">November 1, 2020<\/a><\/p><\/blockquote>\n<p><script async=\"\" src=\"https:\/\/platform.twitter.com\/widgets.js\" charset=\"utf-8\"><\/script><\/p>\n<blockquote class=\"twitter-tweet\">\n<p dir=\"ltr\" lang=\"es\">Adi\u00f3s querido Mario Pereyra, los cordobeses hemos perdido con tu partida la voz de nuestra radio. Tu talento por informarnos y entretenernos fue inigualable.<br \/>\nUn abrazo muy grande a sus familiares, amigos y a todos los trabajadores de <a href=\"https:\/\/twitter.com\/Cadena3Com?ref_src=twsrc%5Etfw\">@Cadena3Com<\/a> <a href=\"https:\/\/t.co\/yvWlwv6gao\">pic.twitter.com\/yvWlwv6gao<\/a><\/p>\n<p>\u2014 Mario Ra\u00fal Negri (@marioraulnegri) <a href=\"https:\/\/twitter.com\/marioraulnegri\/status\/1322876231801602049?ref_src=twsrc%5Etfw\">November 1, 2020<\/a><\/p><\/blockquote>\n<p><script async=\"\" src=\"https:\/\/platform.twitter.com\/widgets.js\" charset=\"utf-8\"><\/script><\/p>\n<blockquote class=\"twitter-tweet\">\n<p dir=\"ltr\" lang=\"es\">Lamento el fallecimiento de Mario Pereyra, un hombre de gran trayectoria que hizo gala del periodismo independiente y supo nacionalizar la informaci\u00f3n de las provincias, muchas veces ignorada y limitada al gran Buenos Aires. Acompa\u00f1o a su familia y a todo el personal de Cadena 3. <a href=\"https:\/\/t.co\/34bUhUHFdm\">https:\/\/t.co\/34bUhUHFdm<\/a><\/p>\n<p>\u2014 Julio Cobos (@juliocobos) <a href=\"https:\/\/twitter.com\/juliocobos\/status\/1322872466008584192?ref_src=twsrc%5Etfw\">November 1, 2020<\/a><\/p><\/blockquote>\n<p><script async=\"\" src=\"https:\/\/platform.twitter.com\/widgets.js\" charset=\"utf-8\"><\/script><\/p>\n<blockquote class=\"twitter-tweet\">\n<p dir=\"ltr\" lang=\"es\">Muri\u00f3 Mario Pereyra.<br \/>\nY ya nada ser\u00e1 igual.<br \/>\nDescansa en paz.<\/p>\n<p>\u2014 Rebeca Bortoletto (@Rebebortoletto) <a href=\"https:\/\/twitter.com\/Rebebortoletto\/status\/1322854882311872513?ref_src=twsrc%5Etfw\">November 1, 2020<\/a><\/p><\/blockquote>\n<p><script async=\"\" src=\"https:\/\/platform.twitter.com\/widgets.js\" charset=\"utf-8\"><\/script><\/p>\n<blockquote class=\"instagram-media\" style=\"background: #ffffff; border: 0px; border-radius: 3px; box-shadow: rgba(0, 0, 0, 0.5) 0px 0px 1px 0px, rgba(0, 0, 0, 0.15) 0px 1px 10px 0px; margin: 1px; max-width: 540px; min-width: 326px; width: calc(100% - 2px);\" data-instgrm-captioned=\"\" data-instgrm-permalink=\"https:\/\/www.instagram.com\/p\/CHC-O-_BsZB\/?utm_source=ig_embed&amp;utm_campaign=loading\" data-instgrm-version=\"13\">\n<div style=\"padding: 16px;\">\n<p>&nbsp;<\/p>\n<div style=\"display: flex; flex-direction: row; align-items: center;\">\n<div style=\"background-color: #f4f4f4; border-radius: 50%; flex-grow: 0; height: 40px; margin-right: 14px; width: 40px;\"><\/div>\n<div style=\"display: flex; flex-direction: column; flex-grow: 1; justify-content: center;\">\n<div style=\"background-color: #f4f4f4; border-radius: 4px; flex-grow: 0; height: 14px; margin-bottom: 6px; width: 100px;\"><\/div>\n<div style=\"background-color: #f4f4f4; border-radius: 4px; flex-grow: 0; height: 14px; width: 60px;\"><\/div>\n<\/div>\n<\/div>\n<div style=\"padding-top: 19%; padding-bottom: 19%;\"><\/div>\n<div style=\"height: 50px; margin-right: auto; margin-bottom: 12px; margin-left: auto; width: 50px;\"><\/div>\n<div style=\"padding-top: 8px;\">\n<div style=\"color: #3897f0; font-family: Arial, sans-serif; line-height: 18px;\">Ver esta publicaci\u00f3n en Instagram<\/div>\n<\/div>\n<div style=\"padding-top: 12.5%; padding-bottom: 12.5%;\"><\/div>\n<div style=\"display: flex; flex-direction: row; margin-bottom: 14px; align-items: center;\">\n<div>\n<div style=\"background-color: #f4f4f4; border-radius: 50%; height: 12.5px; width: 12.5px; transform: translateX(0px) translateY(7px);\"><\/div>\n<div style=\"background-color: #f4f4f4; height: 12.5px; transform: rotate(-45deg) translateX(3px) translateY(1px); width: 12.5px; flex-grow: 0; margin-right: 14px; margin-left: 2px;\"><\/div>\n<div style=\"background-color: #f4f4f4; border-radius: 50%; height: 12.5px; width: 12.5px; transform: translateX(9px) translateY(-18px);\"><\/div>\n<\/div>\n<div style=\"margin-left: 8px;\">\n<div style=\"background-color: #f4f4f4; border-radius: 50%; flex-grow: 0; height: 20px; width: 20px;\"><\/div>\n<div style=\"width: 0; height: 0; border-top: 2px solid transparent; border-left: 6px solid #f4f4f4; border-bottom: 2px solid transparent; transform: translateX(16px) translateY(-4px) rotate(30deg);\"><\/div>\n<\/div>\n<div style=\"margin-left: auto;\">\n<div style=\"width: 0px; border-top: 8px solid #F4F4F4; border-right: 8px solid transparent; transform: translateY(16px);\"><\/div>\n<div style=\"background-color: #f4f4f4; flex-grow: 0; height: 12px; width: 16px; transform: translateY(-4px);\"><\/div>\n<div style=\"width: 0; height: 0; border-top: 8px solid #F4F4F4; border-left: 8px solid transparent; transform: translateY(-4px) translateX(8px);\"><\/div>\n<\/div>\n<\/div>\n<p>&nbsp;<\/p>\n<p style=\"margin-top: 8px; margin-bottom: 0px; padding: 0px 4px;\"><a style=\"color: #000000; font-family: Arial, sans-serif; font-size: 14px; line-height: 17px; overflow-wrap: break-word;\" href=\"https:\/\/www.instagram.com\/p\/CHC-O-_BsZB\/?utm_source=ig_embed&amp;utm_campaign=loading\" target=\"_blank\" rel=\"noopener noreferrer\">Tristeza inmensa por la muerte de Mario Pereyra, el sanjuanino que construy\u00f3 desde C\u00f3rdoba la radio m\u00e1s federal del pa\u00eds. El semillero de artistas y figuras que fue su micr\u00f3fono, queda un poco hu\u00e9rfano a partir de hoy. Mis m\u00e1s sentidas condolencias a toda su familia y mi deseo de pronta recuperaci\u00f3n para su esposa Estela. #MarioPereyra<\/a><\/p>\n<p style=\"color: #c9c8cd; font-family: Arial,sans-serif; font-size: 14px; line-height: 17px; margin-bottom: 0; margin-top: 8px; overflow: hidden; padding: 8px 0 7px; text-align: center; text-overflow: ellipsis; white-space: nowrap;\">Una publicaci\u00f3n compartida de <a style=\"color: #c9c8cd; font-family: Arial, sans-serif; line-height: 17px;\" href=\"https:\/\/www.instagram.com\/accastelloedu\/?utm_source=ig_embed&amp;utm_campaign=loading\" target=\"_blank\" rel=\"noopener noreferrer\"> Eduardo Luis Accastello<\/a> (@accastelloedu) el <time style=\"font-family: Arial, sans-serif; line-height: 17px;\" datetime=\"2020-11-01T11:27:31+00:00\">1 Nov, 2020 a las 3:27 PST<\/time><\/p>\n<\/div>\n<\/blockquote>\n<p><script async=\"\" src=\"\/\/www.instagram.com\/embed.js\"><\/script><\/p>\n<blockquote class=\"twitter-tweet\">\n<p dir=\"ltr\" lang=\"es\">Desde BANCOR lamentamos profundamente el fallecimiento de Mario Pereyra y hacemos llegar nuestras condolencias a su familia, a todo el equipo de la radio y a sus oyentes en este momento de dolor. <a href=\"https:\/\/t.co\/7zsCycidYY\">pic.twitter.com\/7zsCycidYY<\/a><\/p>\n<p>\u2014 Banco de C\u00f3rdoba (@BancodeCordoba) <a href=\"https:\/\/twitter.com\/BancodeCordoba\/status\/1322852757448130560?ref_src=twsrc%5Etfw\">November 1, 2020<\/a><\/p><\/blockquote>\n<p><script async=\"\" src=\"https:\/\/platform.twitter.com\/widgets.js\" charset=\"utf-8\"><\/script><\/p>\n<blockquote class=\"twitter-tweet\">\n<p dir=\"ltr\" lang=\"es\">Murio el creador de la radio mas federal del pais. ??<br \/>\nMuri\u00f3 Mario Pereyra.<br \/>\nMuchas Gracias por todo. Descansa en Paz. <a href=\"https:\/\/twitter.com\/Cadena3Com?ref_src=twsrc%5Etfw\">@Cadena3Com<\/a> <a href=\"https:\/\/t.co\/3M9x0ikWKI\">pic.twitter.com\/3M9x0ikWKI<\/a><\/p>\n<p>\u2014 Camilo Nicol\u00e1s (@camilonicolasok) <a href=\"https:\/\/twitter.com\/camilonicolasok\/status\/1322861582708342787?ref_src=twsrc%5Etfw\">November 1, 2020<\/a><\/p><\/blockquote>\n<p><script async=\"\" src=\"https:\/\/platform.twitter.com\/widgets.js\" charset=\"utf-8\"><\/script><\/p>\n<blockquote class=\"twitter-tweet\">\n<p dir=\"ltr\" lang=\"es\">Lamento la partida de Mario Pereyra, posiblemente la voz m\u00e1s federal de la radio argentina. Periodista incansable y corajudo. Acompa\u00f1o en el dolor a sus familiares, seres queridos, y a todo el equipo de <a href=\"https:\/\/twitter.com\/Cadena3Com?ref_src=twsrc%5Etfw\">@Cadena3Com<\/a><\/p>\n<p>\u2014 Nicol\u00e1s Massot (@Nicolas_Massot) <a href=\"https:\/\/twitter.com\/Nicolas_Massot\/status\/1322852952864940032?ref_src=twsrc%5Etfw\">November 1, 2020<\/a><\/p><\/blockquote>\n<p><script async=\"\" src=\"https:\/\/platform.twitter.com\/widgets.js\" charset=\"utf-8\"><\/script><\/p>\n<blockquote class=\"twitter-tweet\">\n<p dir=\"ltr\" lang=\"es\">Se fue Mario Pereyra, la voz de la radio en C\u00f3rdoba que trascendi\u00f3 fronteras. Fuerza a la familia, amigos, amigas y al equipo de <a href=\"https:\/\/twitter.com\/Cadena3Com?ref_src=twsrc%5Etfw\">@Cadena3Com<\/a>. Lo vamos a extra\u00f1ar. Mario, sanjuanino como mi viejo, \u201cam\u00f3 como nadie a la radio, su lugar en este mundo\u201d. <a href=\"https:\/\/t.co\/5XQE6TgRoK\">pic.twitter.com\/5XQE6TgRoK<\/a><\/p>\n<p>\u2014 Ram\u00f3n Mestre (@ramonjmestre) <a href=\"https:\/\/twitter.com\/ramonjmestre\/status\/1322848341462601728?ref_src=twsrc%5Etfw\">November 1, 2020<\/a><\/p><\/blockquote>\n<p><script async=\"\" src=\"https:\/\/platform.twitter.com\/widgets.js\" charset=\"utf-8\"><\/script><\/p>\n<blockquote class=\"twitter-tweet\">\n<p dir=\"ltr\" lang=\"es\">Marito en modo Caligaris ??????<\/p>\n<p>El n\u00famero 1 de la radio ??????<\/p>\n<p>Te vamos a extra\u00f1ar ?? Gracias por tu cari\u00f1o, ocurrencias y apoyo incondicional <a href=\"https:\/\/twitter.com\/hashtag\/MarioPereyra?src=hash&amp;ref_src=twsrc%5Etfw\">#MarioPereyra<\/a> <a href=\"https:\/\/twitter.com\/hashtag\/QEPD?src=hash&amp;ref_src=twsrc%5Etfw\">#QEPD<\/a> <a href=\"https:\/\/t.co\/QcGrQcaXh4\">pic.twitter.com\/QcGrQcaXh4<\/a><\/p>\n<p>\u2014 Los Caligaris (@LOSCALIGARIS) <a href=\"https:\/\/twitter.com\/LOSCALIGARIS\/status\/1322849081589420032?ref_src=twsrc%5Etfw\">November 1, 2020<\/a><\/p><\/blockquote>\n<p><script async=\"\" src=\"https:\/\/platform.twitter.com\/widgets.js\" charset=\"utf-8\"><\/script><iframe loading=\"lazy\" style=\"border-width: initial; border-style: none; overflow: hidden;\" src=\"https:\/\/www.facebook.com\/plugins\/post.php?href=https%3A%2F%2Fwww.facebook.com%2FCristianAbelAmatoLaFiesta%2Fposts%2F2766691363433434&amp;show_text=true&amp;width=552&amp;height=458&amp;appId\" width=\"552\" height=\"458\" frameborder=\"0\" scrolling=\"no\"><\/iframe><\/p>\n<p>&nbsp;<\/p>\n<blockquote class=\"twitter-tweet\">\n<p dir=\"ltr\" lang=\"es\">Raies a fondo &#8211; Mario Pereyra &#8211; Bloque 01 <a href=\"https:\/\/t.co\/cAmecvLL7u\">https:\/\/t.co\/cAmecvLL7u<\/a> v\u00eda <a href=\"https:\/\/twitter.com\/YouTube?ref_src=twsrc%5Etfw\">@YouTube<\/a> HOY SE FUE UN GRANDE GRACIAS por todo lo q nos ense\u00f1aste QUERIDO MARIO SIEMPRE NO VAMOS ACORDAR DE TU PASI\u00d3N POR DEFENDER LAS IDEAS <a href=\"https:\/\/twitter.com\/Cadena3Com?ref_src=twsrc%5Etfw\">@Cadena3Com<\/a> <a href=\"https:\/\/twitter.com\/Cadena3Com?ref_src=twsrc%5Etfw\">@Cadena3Com<\/a><\/p>\n<p>\u2014 Gabriel Raies (@GabrielRaies) <a href=\"https:\/\/twitter.com\/GabrielRaies\/status\/1322841196604071936?ref_src=twsrc%5Etfw\">November 1, 2020<\/a><\/p><\/blockquote>\n<p><script async=\"\" src=\"https:\/\/platform.twitter.com\/widgets.js\" charset=\"utf-8\"><\/script><\/p>\n<blockquote class=\"twitter-tweet\">\n<p dir=\"ltr\" lang=\"es\">Mario gracias por apoyar mi carrera y recibir siempre todo tu cari\u00f1o!<br \/>\nEchar\u00e9 de menos nuestras charlas. ??<br \/>\nBuen viaje Maestro! <a href=\"https:\/\/twitter.com\/hashtag\/MarioPereyra?src=hash&amp;ref_src=twsrc%5Etfw\">#MarioPereyra<\/a> <a href=\"https:\/\/twitter.com\/Cadena3Com?ref_src=twsrc%5Etfw\">@Cadena3Com<\/a> <a href=\"https:\/\/t.co\/osw9H11ubt\">pic.twitter.com\/osw9H11ubt<\/a><\/p>\n<p>\u2014 Sergio Dalma (@SDalmaoficial) <a href=\"https:\/\/twitter.com\/SDalmaoficial\/status\/1322836167314886660?ref_src=twsrc%5Etfw\">November 1, 2020<\/a><\/p><\/blockquote>\n<p><script async=\"\" src=\"https:\/\/platform.twitter.com\/widgets.js\" charset=\"utf-8\"><\/script><\/p>\n<blockquote class=\"twitter-tweet\">\n<p dir=\"ltr\" lang=\"es\">Mucha tristeza. Se fue Mario. El tipo que m\u00e1s sabe de radio en el pa\u00eds. Le agradezco confiara en mi para tantas coberturas. Gracias por ense\u00f1arme. Y por crear una autentica radio federal. Vaya mi abrazo enorme a su familia y a mis queridos amigos de <a href=\"https:\/\/twitter.com\/Cadena3Com?ref_src=twsrc%5Etfw\">@Cadena3Com<\/a> ! <a href=\"https:\/\/twitter.com\/hashtag\/MarioPereyra?src=hash&amp;ref_src=twsrc%5Etfw\">#MarioPereyra<\/a> <a href=\"https:\/\/t.co\/GyH2xcwAFw\">pic.twitter.com\/GyH2xcwAFw<\/a><\/p>\n<p>\u2014 Cristian Moreschi (@CrisMoreschi) <a href=\"https:\/\/twitter.com\/CrisMoreschi\/status\/1322834654630711298?ref_src=twsrc%5Etfw\">November 1, 2020<\/a><\/p><\/blockquote>\n<p><script async=\"\" src=\"https:\/\/platform.twitter.com\/widgets.js\" charset=\"utf-8\"><\/script><\/p>\n<blockquote class=\"twitter-tweet\">\n<p dir=\"ltr\" lang=\"es\">Q.E.P.D se\u00f1or radio, al n\u00famero uno, al se\u00f1or Mario Pereyra.<br \/>\n.<br \/>\n.<br \/>\nLes queremos mandar todas nuestras condolencias y nuestro m\u00e1s sentido p\u00e9same a toda su familia y a todo el equipo de <a href=\"https:\/\/twitter.com\/Cadena3Com?ref_src=twsrc%5Etfw\">@Cadena3Com<\/a> <a href=\"https:\/\/t.co\/SrNbrM1Nud\">pic.twitter.com\/SrNbrM1Nud<\/a><\/p>\n<p>\u2014 Trulal\u00e1 (@TrulalaOficial) <a href=\"https:\/\/twitter.com\/TrulalaOficial\/status\/1322891833597403136?ref_src=twsrc%5Etfw\">November 1, 2020<\/a><\/p><\/blockquote>\n<p><script async=\"\" src=\"https:\/\/platform.twitter.com\/widgets.js\" charset=\"utf-8\"><\/script><\/p>\n<blockquote class=\"twitter-tweet\">\n<p dir=\"ltr\" lang=\"es\"><a href=\"https:\/\/twitter.com\/hashtag\/URGENTE?src=hash&amp;ref_src=twsrc%5Etfw\">#URGENTE<\/a> Falleci\u00f3 Mario Pereyra<br \/>\nLa noticia fue confirmada en el Portal de <a href=\"https:\/\/twitter.com\/Cadena3Com?ref_src=twsrc%5Etfw\">@Cadena3Com<\/a>.<br \/>\nHasta siempre Mario !<br \/>\nSin dudas el hombre m\u00e1s exitoso de la radiofon\u00eda cordobesa de todos los tiempos.<a href=\"https:\/\/twitter.com\/ratingcordoba?ref_src=twsrc%5Etfw\">@ratingcordoba<\/a> <a href=\"https:\/\/t.co\/5zin9ES6yn\">pic.twitter.com\/5zin9ES6yn<\/a><\/p>\n<p>\u2014 FLAVIA POP (@flaviapop_) <a href=\"https:\/\/twitter.com\/flaviapop_\/status\/1322796301550014464?ref_src=twsrc%5Etfw\">November 1, 2020<\/a><\/p><\/blockquote>\n<p><script async=\"\" src=\"https:\/\/platform.twitter.com\/widgets.js\" charset=\"utf-8\"><\/script><\/p>\n<p>&nbsp;<\/p>\n<p>&nbsp;<\/p>\n<blockquote class=\"twitter-tweet\">\n<p dir=\"ltr\" lang=\"es\">Nuestro m\u00e1s sentido p\u00e9same a la familia y seres queridos, lamentamos profundamente su p\u00e9rdida. Sin dudas se fue un precursor en los medios de comunicaci\u00f3n y una excelente persona. Que en Paz Descanse Mario Pereyra, gracias por tanto. <a href=\"https:\/\/t.co\/d3DIw6fyqF\">pic.twitter.com\/d3DIw6fyqF<\/a><\/p>\n<p>\u2014 Q&#8217; Lokura (@qlokuracbaok) <a href=\"https:\/\/twitter.com\/qlokuracbaok\/status\/1322794753365364736?ref_src=twsrc%5Etfw\">November 1, 2020<\/a><\/p><\/blockquote>\n<p><script async=\"\" src=\"https:\/\/platform.twitter.com\/widgets.js\" charset=\"utf-8\"><\/script><\/p>\n","protected":false},"excerpt":{"rendered":"<p>El director art\u00edstico de\u00a0Cadena 3, (la emisora m\u00e1s popular de la provincia) y conductor del matutino \u00abJuntos\u00bb dej\u00f3 de existir a los 77 a\u00f1os en la madrugada de este domingo en el Instituto Cardiol\u00f3gico. La Radio est\u00e1 de luto. Se encontraba internado desde el 13 de octubre pasado luego de haber contra\u00eddo coronavirus. Su esposa [&hellip;]<\/p>\n","protected":false},"author":1,"featured_media":89372,"comment_status":"closed","ping_status":"closed","sticky":false,"template":"","format":"standard","meta":{"_seopress_robots_primary_cat":"","_seopress_titles_title":"","_seopress_titles_desc":"","_seopress_robots_index":"","footnotes":""},"categories":[23399],"tags":[32564,32563],"class_list":{"0":"post-89368","1":"post","2":"type-post","3":"status-publish","4":"format-standard","5":"has-post-thumbnail","7":"category-sociedad","8":"tag-cadena-3","9":"tag-mario-pereyra"},"_links":{"self":[{"href":"https:\/\/www.cordobatimes.com\/showup\/wp-json\/wp\/v2\/posts\/89368","targetHints":{"allow":["GET"]}}],"collection":[{"href":"https:\/\/www.cordobatimes.com\/showup\/wp-json\/wp\/v2\/posts"}],"about":[{"href":"https:\/\/www.cordobatimes.com\/showup\/wp-json\/wp\/v2\/types\/post"}],"author":[{"embeddable":true,"href":"https:\/\/www.cordobatimes.com\/showup\/wp-json\/wp\/v2\/users\/1"}],"replies":[{"embeddable":true,"href":"https:\/\/www.cordobatimes.com\/showup\/wp-json\/wp\/v2\/comments?post=89368"}],"version-history":[{"count":0,"href":"https:\/\/www.cordobatimes.com\/showup\/wp-json\/wp\/v2\/posts\/89368\/revisions"}],"wp:featuredmedia":[{"embeddable":true,"href":"https:\/\/www.cordobatimes.com\/showup\/wp-json\/wp\/v2\/media\/89372"}],"wp:attachment":[{"href":"https:\/\/www.cordobatimes.com\/showup\/wp-json\/wp\/v2\/media?parent=89368"}],"wp:term":[{"taxonomy":"category","embeddable":true,"href":"https:\/\/www.cordobatimes.com\/showup\/wp-json\/wp\/v2\/categories?post=89368"},{"taxonomy":"post_tag","embeddable":true,"href":"https:\/\/www.cordobatimes.com\/showup\/wp-json\/wp\/v2\/tags?post=89368"}],"curies":[{"name":"wp","href":"https:\/\/api.w.org\/{rel}","templated":true}]}}