{"id":89340,"date":"2020-10-29T10:30:13","date_gmt":"2020-10-29T13:30:13","guid":{"rendered":"https:\/\/www.cordobatimes.com\/showup\/?p=89340"},"modified":"2020-10-29T10:30:13","modified_gmt":"2020-10-29T13:30:13","slug":"ya-esta-disponible-el-primer-trailer-de-el-cuaderno-de-tomy-la-nueva-produccion-argentina-para-netflix","status":"publish","type":"post","link":"https:\/\/www.cordobatimes.com\/showup\/cine-y-series\/2020\/10\/29\/ya-esta-disponible-el-primer-trailer-de-el-cuaderno-de-tomy-la-nueva-produccion-argentina-para-netflix\/","title":{"rendered":"Ya est\u00e1 disponible el primer tr\u00e1iler de el cuaderno de Tomy la nueva producci\u00f3n argentina para Netflix"},"content":{"rendered":"<h3 style=\"font-weight: 400;\"><strong>La pel\u00edcula\u00a0 est\u00e1 inspirada en una historia real y se estrenar\u00e1 en la plataforma el pr\u00f3ximo 24 de noviembre.\u00a0<\/strong><\/h3>\n<p>Netflix\u00a0dio a conocer el primer tr\u00e1iler de\u00a0El cuaderno de Tomy\u00a0la nueva pel\u00edcula original argentina de Netflix. El film, basado en una historia real, est\u00e1 protagonizado por\u00a0Valeria Bertuccelli,\u00a0Esteban Lamothe,\u00a0Mauricio Dayub\u00a0y\u00a0Malena Pichot.<\/p>\n<p>El cuaderno de Tomy es la historia de Mar\u00eda &#8216;Marie&#8217; V\u00e1zquez y el libro que le escribi\u00f3 a su hijo, El cuaderno de Nippur. Cuando a Marie le diagnostican una enfermedad terminal opta por darle a su vida un cierre a su manera, con emoci\u00f3n pero tambi\u00e9n con el humor sarc\u00e1stico que la caracteriza. Durante la internaci\u00f3n comienza a escribirle un cuaderno a Tomy, su \u00fanico hijo de 4 a\u00f1os, para que el ni\u00f1o a medida que fuera creciendo pudiera ir conociendo m\u00e1s a su mam\u00e1. Mientras tanto, Marie relata su experiencia a trav\u00e9s de las redes sociales, donde su estilo \u00fanico tambi\u00e9n se hace presente.<\/p>\n<p>La pel\u00edcula est\u00e1 dirigida por Carlos Sor\u00edn y el reparto lo completan: Juli\u00e1n Sor\u00edn,\u00a0Diego Reinhold,\u00a0Catarina Spinetta,\u00a0Carla Quevedo,\u00a0Anita Pauls,\u00a0M\u00f3nica Anton\u00f3pulos,\u00a0Paola Barrientos,\u00a0Ana Katz,\u00a0Romina Ricci,\u00a0Diego Gentile\u00a0y\u00a0Beatriz Spelzini.<\/p>\n<p>El cuaderno de Tomy estar\u00e1 disponible en Netflix a nivel mundial el pr\u00f3ximo 24 de noviembre.<\/p>\n<p><iframe loading=\"lazy\" src=\"https:\/\/www.youtube.com\/embed\/qlt9FKgBKTQ\" width=\"560\" height=\"315\" frameborder=\"0\" allowfullscreen=\"allowfullscreen\"><\/iframe><\/p>\n","protected":false},"excerpt":{"rendered":"<p>La pel\u00edcula\u00a0 est\u00e1 inspirada en una historia real y se estrenar\u00e1 en la plataforma el pr\u00f3ximo 24 de noviembre.\u00a0 Netflix\u00a0dio a conocer el primer tr\u00e1iler de\u00a0El cuaderno de Tomy\u00a0la nueva pel\u00edcula original argentina de Netflix. El film, basado en una historia real, est\u00e1 protagonizado por\u00a0Valeria Bertuccelli,\u00a0Esteban Lamothe,\u00a0Mauricio Dayub\u00a0y\u00a0Malena Pichot. El cuaderno de Tomy es la [&hellip;]<\/p>\n","protected":false},"author":1,"featured_media":89341,"comment_status":"closed","ping_status":"closed","sticky":false,"template":"","format":"standard","meta":{"_seopress_robots_primary_cat":"","_seopress_titles_title":"","_seopress_titles_desc":"","_seopress_robots_index":"","footnotes":""},"categories":[3],"tags":[32551,32550,32552],"class_list":{"0":"post-89340","1":"post","2":"type-post","3":"status-publish","4":"format-standard","5":"has-post-thumbnail","7":"category-cine-y-series","8":"tag-el-cuaderno-de-tomy-netflix","9":"tag-trailer-de-el-cuaderno-de-tomy","10":"tag-valeria-bertuccelli-y-esteban-lamothe"},"_links":{"self":[{"href":"https:\/\/www.cordobatimes.com\/showup\/wp-json\/wp\/v2\/posts\/89340","targetHints":{"allow":["GET"]}}],"collection":[{"href":"https:\/\/www.cordobatimes.com\/showup\/wp-json\/wp\/v2\/posts"}],"about":[{"href":"https:\/\/www.cordobatimes.com\/showup\/wp-json\/wp\/v2\/types\/post"}],"author":[{"embeddable":true,"href":"https:\/\/www.cordobatimes.com\/showup\/wp-json\/wp\/v2\/users\/1"}],"replies":[{"embeddable":true,"href":"https:\/\/www.cordobatimes.com\/showup\/wp-json\/wp\/v2\/comments?post=89340"}],"version-history":[{"count":0,"href":"https:\/\/www.cordobatimes.com\/showup\/wp-json\/wp\/v2\/posts\/89340\/revisions"}],"wp:featuredmedia":[{"embeddable":true,"href":"https:\/\/www.cordobatimes.com\/showup\/wp-json\/wp\/v2\/media\/89341"}],"wp:attachment":[{"href":"https:\/\/www.cordobatimes.com\/showup\/wp-json\/wp\/v2\/media?parent=89340"}],"wp:term":[{"taxonomy":"category","embeddable":true,"href":"https:\/\/www.cordobatimes.com\/showup\/wp-json\/wp\/v2\/categories?post=89340"},{"taxonomy":"post_tag","embeddable":true,"href":"https:\/\/www.cordobatimes.com\/showup\/wp-json\/wp\/v2\/tags?post=89340"}],"curies":[{"name":"wp","href":"https:\/\/api.w.org\/{rel}","templated":true}]}}