{"id":89296,"date":"2020-10-27T10:18:00","date_gmt":"2020-10-27T13:18:00","guid":{"rendered":"https:\/\/www.cordobatimes.com\/showup\/?p=89296"},"modified":"2020-10-27T10:18:00","modified_gmt":"2020-10-27T13:18:00","slug":"los-nominados-a-los-premios-sur-lo-mejor-del-cine-nacional","status":"publish","type":"post","link":"https:\/\/www.cordobatimes.com\/showup\/cine-y-series\/2020\/10\/27\/los-nominados-a-los-premios-sur-lo-mejor-del-cine-nacional\/","title":{"rendered":"Los nominados a los Premios Sur, lo mejor del cine nacional"},"content":{"rendered":"<h3><strong>La Academia de las Artes y Ciencias Cinematogr\u00e1ficas de la Argentina dio a conocer la lista de los que competir\u00e1n por los galardones.<\/strong><\/h3>\n<p>El Cuento de las Comadrejas, Las Buenas Intenciones,\u00a0La Odisea de los Giles, Los Son\u00e1mbulos\u00a0y\u00a0Sue\u00f1o Florian\u00f3polis\u00a0son las pel\u00edculas con mayor cantidad de nominaciones a los Premios Sur 2019, que entrega la Academia de las Artes y Ciencias Cinematogr\u00e1ficas de la Argentina. La fecha de anuncio de los ganadores a\u00fan no fue confirmada, aunque los organizadores creen que podr\u00eda ser a fines de noviembre. Tampoco se anunci\u00f3 todav\u00eda como ser\u00e1 la ceremonia.<\/p>\n<p>Graciela Borges, Amanda Minuj\u00edn, \u00c9rica Rivas\u00a0y\u00a0Mercedes Mor\u00e1n\u00a0competir\u00e1n en el rubro mejor actriz protag\u00f3nica, mientras que\u00a0Peter Lanzani, Joaqu\u00edn Furriel, Ricardo Dar\u00edn\u00a0y\u00a0Gustavo Garz\u00f3n\u00a0lo har\u00e1n en la categor\u00eda mejor actor protag\u00f3nico. Por su parte\u00a0Juan Jos\u00e9 Campanella, Sebasti\u00e1n Borensztein, Paula Hern\u00e1ndez\u00a0y\u00a0Ana Garc\u00eda Blaya\u00a0buscar\u00e1n su premio a mejor direcci\u00f3n.<\/p>\n<h3><strong>La lista con todos los nominados:<\/strong><\/h3>\n<p><strong>Mejor Actor de Reparto<\/strong><\/p>\n<p>Luis Brandoni (4&#215;4)<\/p>\n<p>Diego Cremonesi (La Afinadora de Arboles)<\/p>\n<p>Sebasti\u00e1n Arzeno (Las Buenas Intenciones)<\/p>\n<p>Carlos Belloso (La Odisea de los Giles)<\/p>\n<p><strong>Mejor Gui\u00f3n Original<\/strong><\/p>\n<p>Mariano Cohn y Gast\u00f3n Duprat (4&#215;4)<\/p>\n<p>Ana Garc\u00eda Blaya (Las Buenas Intenciones)<\/p>\n<p>Paula Hern\u00e1ndez (Los Son\u00e1mbulos)<\/p>\n<p>Ana Katz y Daniel Katz (Sue\u00f1o Florian\u00f3polis)<\/p>\n<p><strong>Mejor Gui\u00f3n Adaptado<\/strong><\/p>\n<p>Arauco Hern\u00e1ndez, Mart\u00edn Mauregui y Federico Veiroj (\u201cAs\u00ed habl\u00f3 el cambista\u201d basada en la novela \u201cAs\u00ed habl\u00f3 el cambista\u201d de Juan E. Gruber)<\/p>\n<p>Juan Jos\u00e9 Campanella y Darren Kloomok (\u201cEl Cuento de las Comadrejas\u201d basado en \u201cLos muchachos de antes no usaban ars\u00e9nico\u201d escrita por Jos\u00e9 Mart\u00ednez Su\u00e1rez y Augusto Giustozzi)<\/p>\n<p>Leonel Mauro D\u2019Agostino (\u201cEl Hijo\u201d basado en un cuento de Guillermo Mart\u00ednez \u201cUna Madre Protectora\u201d, del libro del mismo autor titulado \u201cUna felicidad repulsiva\u201d)<\/p>\n<p>Sebastian Borensztein y Eduardo Sacheri (\u201cLa Odisea de los Giles\u201d basada en la novela de Eduardo Sacheri \u201cLa Noche de la Usina\u201d)<\/p>\n<p><strong>Mejor Direcci\u00f3n Arte<\/strong><\/p>\n<p>Nelson Luty (El Cuento de las Comadrejas)<\/p>\n<p>Ail\u00ed Chen (Los Son\u00e1mbulos)<\/p>\n<p>Laura Caligiuri (Muere, Monstruo, Muere)<\/p>\n<p>Gonzalo Delgado (Sue\u00f1o Florian\u00f3polis)<\/p>\n<p>&nbsp;<\/p>\n<p><strong>Mejor Dise\u00f1o de Vestuario<\/strong><\/p>\n<p>Cecilia Monti (El Cuento de las Comadrejas)<\/p>\n<p>Julio Su\u00e1rez (La Odisea de los Giles)<\/p>\n<p>M\u00f3nica Toschi (Los Son\u00e1mbulos)<\/p>\n<p>Diogo Costa y Sandra Fink (Sue\u00f1o Florian\u00f3polis)<\/p>\n<p>&nbsp;<\/p>\n<p><strong>Mejor Maquillaje y Caracterizaci\u00f3n<\/strong><\/p>\n<p>Carolina Oclander (4&#215;4)<\/p>\n<p>Constanza Pugliese (Astrogauchos)<\/p>\n<p>Osvaldo Esper\u00f3n, Sylvie Imbert y Beatushka Wojtowicz (El Cuento de las Comadrejas)<\/p>\n<p>\u00c1ngela Garacija (Los Son\u00e1mbulos)<\/p>\n<p>&nbsp;<\/p>\n<p><strong>Revelaci\u00f3n Femenina<\/strong><\/p>\n<p>Nicole Rivadero (La Botera)<\/p>\n<p>Amanda Minuj\u00edn (Las Buenas Intenciones)<\/p>\n<p>Ornella D\u2019el\u00eda (Los Son\u00e1mbulos)<\/p>\n<p>Manuela Martinez (Sue\u00f1o Florian\u00f3polis)<\/p>\n<p>&nbsp;<\/p>\n<p><strong>Mejor Fotograf\u00eda<\/strong><\/p>\n<p>F\u00e9lix Chango Monti (El Cuento de las Comadrejas)<\/p>\n<p>Jasper Wolf (Monos)<\/p>\n<p>Juli\u00e1n Apeztegu\u00eda y Manuel Rebella (Muere, Monstruo, Muere)<\/p>\n<p>Gustavo Biazzi (Sue\u00f1o Florian\u00f3polis)<\/p>\n<p>&nbsp;<\/p>\n<p><strong>Mejor Pel\u00edcula Documental<\/strong><\/p>\n<p>Flora No es un Canto a la Vida (dirigida por Iair Said)<\/p>\n<p>Los Knacks: D\u00e9jame en el Pasado (dirigida por Gabriel Nesci y Mariano Nesci)<\/p>\n<p>M\u00e9todo Livingston (dirigida por Sof\u00eda Mora)<\/p>\n<p>Que Sea Ley (dirigida por Juan Solanas)<\/p>\n<p>&nbsp;<\/p>\n<p><strong>Mejor Actriz de Reparto<\/strong><\/p>\n<p>Jazm\u00edn Stuart (Las Buenas Intenciones)<\/p>\n<p>Ver\u00f3nica Llin\u00e1s (La Odisea de los Giles)<\/p>\n<p>Valeria Lois (Los Son\u00e1mbulos)<\/p>\n<p>Maril\u00fa Marini (Los Son\u00e1mbulos)<\/p>\n<p>&nbsp;<\/p>\n<p><strong>Mejor Sonido<\/strong><\/p>\n<p>Gustavo Pomeranec y Adri\u00e1n Rodr\u00edguez (Cr\u00edmenes Imposibles)<\/p>\n<p>Jos\u00e9 Luis Diaz (\u2020) (El Cuento de las Comadrejas)<\/p>\n<p>Santiago Fumagalli (Muere, Monstruo, Muere)<\/p>\n<p>Mart\u00edn Grignaschi (Los Son\u00e1mbulos)<\/p>\n<p>&nbsp;<\/p>\n<p><strong>Mejor Montaje<\/strong><\/p>\n<p>Juan Jos\u00e9 Campanella (El Cuento de las Comadrejas)<\/p>\n<p>Javier Diment (La feliz &#8211; continuidades de la violencia-)<\/p>\n<p>Andr\u00e9s Estrada (Muere, Monstruo, Muere)<\/p>\n<p>Rosario Su\u00e1rez (Los Son\u00e1mbulos)<\/p>\n<p>&nbsp;<\/p>\n<p><strong>Revelaci\u00f3n Masculina<\/strong><\/p>\n<p>Sebasti\u00e1n Arzeno (Las Buenas Intenciones)<\/p>\n<p>Alejandro Gigena (La Odisea de los Giles)<\/p>\n<p>Rafael Federman (Los Son\u00e1mbulos)<\/p>\n<p>Joaqu\u00edn Garz\u00f3n (Sue\u00f1o Florian\u00f3polis)<\/p>\n<p>&nbsp;<\/p>\n<p><strong>Mejor M\u00fasica Original<\/strong><\/p>\n<p>Emilio Kauderer (El Cuento de las Comadrejas)<\/p>\n<p>Iv\u00e1n Wyszogrod (El Hijo)<\/p>\n<p>Pedro Onetto (Los Son\u00e1mbulos)<\/p>\n<p>Gustavo Pomeranec (Los \u00daltimos Rom\u00e1nticos)<\/p>\n<p><strong>Mejor \u00d3pera Prima<\/strong><\/p>\n<p>Ciegos (dirgida por Fernando Zuber)<\/p>\n<p>Flora No es un Canto a la Vida (dirigida por Iair Said)<\/p>\n<p>Las Buenas Intenciones (dirigida por Ana Garc\u00eda Blaya)<\/p>\n<p>La Botera (dirigida por Sabrina Blanco)<\/p>\n<p>&nbsp;<\/p>\n<p><strong>Mejor Actriz Protag\u00f3nica<\/strong><\/p>\n<p>Graciela Borges (El Cuento de las Comadrejas)<\/p>\n<p>Amanda Minuj\u00edn (Las Buenas Intenciones)<\/p>\n<p>Erica Rivas (Los Son\u00e1mbulos)<\/p>\n<p>Mercedes Mor\u00e1n (Sue\u00f1o Florian\u00f3polis)<\/p>\n<p>&nbsp;<\/p>\n<p><strong>Mejor Actor Protag\u00f3nico<\/strong><\/p>\n<p>Peter Lanzani (4&#215;4)<\/p>\n<p>Joaqu\u00edn Furriel (El Hijo)<\/p>\n<p>Ricardo Dar\u00edn (La Odisea de los Giles)<\/p>\n<p>Gustavo Garz\u00f3n (Sue\u00f1o Florian\u00f3polis)<\/p>\n<p>Mejor Direcci\u00f3n<\/p>\n<p>Juan Jos\u00e9 Campanella (El Cuento de las Comadrejas)<\/p>\n<p>Sebasti\u00e1n Borensztein (La Odisea de los Giles)<\/p>\n<p>Paula Hern\u00e1ndez (Los Son\u00e1mbulos)<\/p>\n<p>Ana Garc\u00eda Blaya (Las Buenas Intenciones)<\/p>\n<p>&nbsp;<\/p>\n<p><strong>Mejor Pel\u00edcula de Ficci\u00f3n<\/strong><\/p>\n<p>El Cuento de las Comadrejas (dirigida por Juan Jos\u00e9 Campanella)<\/p>\n<p>Las Buenas Intenciones (dirigida por Ana Garc\u00eda Blaya)<\/p>\n<p>La Odisea de los Giles (dirigida por Sebasti\u00e1n Borensztein)<\/p>\n<p>Los Son\u00e1mbulos (dirigida por Paula Hern\u00e1ndez)<\/p>\n<p>&nbsp;<\/p>\n","protected":false},"excerpt":{"rendered":"<p>La Academia de las Artes y Ciencias Cinematogr\u00e1ficas de la Argentina dio a conocer la lista de los que competir\u00e1n por los galardones. El Cuento de las Comadrejas, Las Buenas Intenciones,\u00a0La Odisea de los Giles, Los Son\u00e1mbulos\u00a0y\u00a0Sue\u00f1o Florian\u00f3polis\u00a0son las pel\u00edculas con mayor cantidad de nominaciones a los Premios Sur 2019, que entrega la Academia de [&hellip;]<\/p>\n","protected":false},"author":1,"featured_media":89298,"comment_status":"closed","ping_status":"closed","sticky":false,"template":"","format":"standard","meta":{"_seopress_robots_primary_cat":"","_seopress_titles_title":"","_seopress_titles_desc":"","_seopress_robots_index":"","footnotes":""},"categories":[3],"tags":[32528,32529],"class_list":{"0":"post-89296","1":"post","2":"type-post","3":"status-publish","4":"format-standard","5":"has-post-thumbnail","7":"category-cine-y-series","8":"tag-nominados-a-los-premios-sur","9":"tag-premios-sur-a-lo-mejor-del-cine-nacional"},"_links":{"self":[{"href":"https:\/\/www.cordobatimes.com\/showup\/wp-json\/wp\/v2\/posts\/89296","targetHints":{"allow":["GET"]}}],"collection":[{"href":"https:\/\/www.cordobatimes.com\/showup\/wp-json\/wp\/v2\/posts"}],"about":[{"href":"https:\/\/www.cordobatimes.com\/showup\/wp-json\/wp\/v2\/types\/post"}],"author":[{"embeddable":true,"href":"https:\/\/www.cordobatimes.com\/showup\/wp-json\/wp\/v2\/users\/1"}],"replies":[{"embeddable":true,"href":"https:\/\/www.cordobatimes.com\/showup\/wp-json\/wp\/v2\/comments?post=89296"}],"version-history":[{"count":0,"href":"https:\/\/www.cordobatimes.com\/showup\/wp-json\/wp\/v2\/posts\/89296\/revisions"}],"wp:featuredmedia":[{"embeddable":true,"href":"https:\/\/www.cordobatimes.com\/showup\/wp-json\/wp\/v2\/media\/89298"}],"wp:attachment":[{"href":"https:\/\/www.cordobatimes.com\/showup\/wp-json\/wp\/v2\/media?parent=89296"}],"wp:term":[{"taxonomy":"category","embeddable":true,"href":"https:\/\/www.cordobatimes.com\/showup\/wp-json\/wp\/v2\/categories?post=89296"},{"taxonomy":"post_tag","embeddable":true,"href":"https:\/\/www.cordobatimes.com\/showup\/wp-json\/wp\/v2\/tags?post=89296"}],"curies":[{"name":"wp","href":"https:\/\/api.w.org\/{rel}","templated":true}]}}