{"id":89266,"date":"2020-10-26T12:43:44","date_gmt":"2020-10-26T15:43:44","guid":{"rendered":"https:\/\/www.cordobatimes.com\/showup\/?p=89266"},"modified":"2020-10-26T12:43:44","modified_gmt":"2020-10-26T15:43:44","slug":"viaje-a-la-luz-la-nueva-cancion-de-danna-paola-para-la-pelicula-de-netflix","status":"publish","type":"post","link":"https:\/\/www.cordobatimes.com\/showup\/musica\/2020\/10\/26\/viaje-a-la-luz-la-nueva-cancion-de-danna-paola-para-la-pelicula-de-netflix\/","title":{"rendered":"\u201cViaje A La Luz\u201d, la nueva canci\u00f3n de Danna Paola para la pel\u00edcula de Netflix."},"content":{"rendered":"<h3><strong>El pasado\u00a0 25 de septiembre se lanz\u00f3 \u00abViaje A La Luz\u00bb, canci\u00f3n que interpreta Danna Paola y que realiz\u00f3 especialmente para su nueva pel\u00edcula original de Netflix titulada; \u00abM\u00e1s All\u00e1 de la Luna\u00bb.<\/strong><\/h3>\n<p>Ahora el lanzamiento tiene que ver con el video oficial de la pel\u00edcula que por supuesto cuenta con la presencia de la cantante y actriz mexicana.<\/p>\n<p>En cuanto a la pel\u00edcula\u00a0\u00a0\u00abM\u00e1s All\u00e1 de la Luna\u00bb,\u00a0ya se puede ver por Netflix y se trata de una nueva producci\u00f3n animada dirigida por Glen Kean, ganador del Oscar junto a Kobe Bryan por \u00abDear Basketball\u00bb.<\/p>\n<p>A continuaci\u00f3n mir\u00e1 el video de\u00a0\u00a0\u00abViaje A La Luz\u00bb:<\/p>\n<p><iframe loading=\"lazy\" src=\"https:\/\/www.youtube.com\/embed\/ddzY0-gfJLE\" width=\"560\" height=\"315\" frameborder=\"0\" allowfullscreen=\"allowfullscreen\"><\/iframe><\/p>\n","protected":false},"excerpt":{"rendered":"<p>El pasado\u00a0 25 de septiembre se lanz\u00f3 \u00abViaje A La Luz\u00bb, canci\u00f3n que interpreta Danna Paola y que realiz\u00f3 especialmente para su nueva pel\u00edcula original de Netflix titulada; \u00abM\u00e1s All\u00e1 de la Luna\u00bb. Ahora el lanzamiento tiene que ver con el video oficial de la pel\u00edcula que por supuesto cuenta con la presencia de la [&hellip;]<\/p>\n","protected":false},"author":1,"featured_media":89267,"comment_status":"closed","ping_status":"closed","sticky":false,"template":"","format":"standard","meta":{"_seopress_robots_primary_cat":"","_seopress_titles_title":"","_seopress_titles_desc":"","_seopress_robots_index":"","footnotes":""},"categories":[5],"tags":[32515,32514],"class_list":{"0":"post-89266","1":"post","2":"type-post","3":"status-publish","4":"format-standard","5":"has-post-thumbnail","7":"category-musica","8":"tag-danna-paola-mas-alla-de-la-luna","9":"tag-viaje-a-la-luz-danna-paola"},"_links":{"self":[{"href":"https:\/\/www.cordobatimes.com\/showup\/wp-json\/wp\/v2\/posts\/89266","targetHints":{"allow":["GET"]}}],"collection":[{"href":"https:\/\/www.cordobatimes.com\/showup\/wp-json\/wp\/v2\/posts"}],"about":[{"href":"https:\/\/www.cordobatimes.com\/showup\/wp-json\/wp\/v2\/types\/post"}],"author":[{"embeddable":true,"href":"https:\/\/www.cordobatimes.com\/showup\/wp-json\/wp\/v2\/users\/1"}],"replies":[{"embeddable":true,"href":"https:\/\/www.cordobatimes.com\/showup\/wp-json\/wp\/v2\/comments?post=89266"}],"version-history":[{"count":0,"href":"https:\/\/www.cordobatimes.com\/showup\/wp-json\/wp\/v2\/posts\/89266\/revisions"}],"wp:featuredmedia":[{"embeddable":true,"href":"https:\/\/www.cordobatimes.com\/showup\/wp-json\/wp\/v2\/media\/89267"}],"wp:attachment":[{"href":"https:\/\/www.cordobatimes.com\/showup\/wp-json\/wp\/v2\/media?parent=89266"}],"wp:term":[{"taxonomy":"category","embeddable":true,"href":"https:\/\/www.cordobatimes.com\/showup\/wp-json\/wp\/v2\/categories?post=89266"},{"taxonomy":"post_tag","embeddable":true,"href":"https:\/\/www.cordobatimes.com\/showup\/wp-json\/wp\/v2\/tags?post=89266"}],"curies":[{"name":"wp","href":"https:\/\/api.w.org\/{rel}","templated":true}]}}