{"id":8925,"date":"2014-01-12T19:00:16","date_gmt":"2014-01-12T22:00:16","guid":{"rendered":"http:\/\/cordobatimes.com\/showup\/?p=8925"},"modified":"2019-11-10T21:41:46","modified_gmt":"2019-11-11T00:41:46","slug":"outkast-confirmo-su-regreso-a-los-escenarios-video","status":"publish","type":"post","link":"https:\/\/www.cordobatimes.com\/showup\/musica\/2014\/01\/12\/outkast-confirmo-su-regreso-a-los-escenarios-video\/","title":{"rendered":"OutKast confirm\u00f3 su regreso a los escenarios (v\u00eddeo)"},"content":{"rendered":"<h3 style=\"text-align: justify;\"><strong>El dueto musical de southern rap se subir\u00e1 nuevamente a un escenario, luego de siete a\u00f1os, en M\u00e9xico.<\/strong><\/h3>\n<p style=\"text-align: justify;\">OutKast, formado por Andre 3000 y Big Boi, regresan a los escenarios luego de casi una d\u00e9cada de ausencia.<\/p>\n<p style=\"text-align: justify;\">El d\u00fao se form\u00f3 en Atlanta en 1992 y en el 2003 sorprendieron con su disco doble\u00a0<em>Speakerboxxx\/The Love Below<\/em>, el m\u00e1s exitoso de toda su carrera.<strong>\u00a0\u00abHey Ya!\u00bb<\/strong>\u00a0fue uno de los cortes de difusi\u00f3n. Tres a\u00f1os despu\u00e9s presentaron<em>\u00a0Idlewild<\/em>.<\/p>\n<p style=\"text-align: justify;\">Otras de las bandas que participar\u00e1n del evento, Coachella M\u00e9xico 2014, son\u00a0Arcade Fire,\u00a0Muse, Beck,\u00a0Queens of the Stone Age,\u00a0Pet Shop Boys, Lana del Rey y Motorhead,\u00a0entre otros.<\/p>\n<p style=\"text-align: justify;\"><iframe loading=\"lazy\" src=\"\/\/www.youtube.com\/embed\/PWgvGjAhvIw?feature=player_embedded\" width=\"640\" height=\"360\" frameborder=\"0\" allowfullscreen=\"allowfullscreen\"><\/iframe><\/p>\n<p style=\"text-align: center;\"><a href=\"http:\/\/cordobatimes.com\/showup\/wp-content\/uploads\/2014\/01\/outkastcoachella.jpg\"><img loading=\"lazy\" decoding=\"async\" class=\"size-full wp-image-8934 aligncenter\" src=\"http:\/\/cordobatimes.com\/showup\/wp-content\/uploads\/2014\/01\/outkastcoachella.jpg\" alt=\"outkastcoachella\" width=\"450\" height=\"600\" data-id=\"8934\" srcset=\"https:\/\/www.cordobatimes.com\/showup\/wp-content\/uploads\/2014\/01\/outkastcoachella.jpg 450w, https:\/\/www.cordobatimes.com\/showup\/wp-content\/uploads\/2014\/01\/outkastcoachella-225x300.jpg 225w\" sizes=\"auto, (max-width: 450px) 100vw, 450px\" \/><\/a><\/p>\n","protected":false},"excerpt":{"rendered":"<p>El dueto musical de southern rap se subir\u00e1 nuevamente a un escenario, luego de siete a\u00f1os, en M\u00e9xico. OutKast, formado por Andre 3000 y Big Boi, regresan a los escenarios luego de casi una d\u00e9cada de ausencia. El d\u00fao se form\u00f3 en Atlanta en 1992 y en el 2003 sorprendieron con su disco doble\u00a0Speakerboxxx\/The Love [&hellip;]<\/p>\n","protected":false},"author":1,"featured_media":8933,"comment_status":"closed","ping_status":"closed","sticky":false,"template":"","format":"standard","meta":{"_seopress_robots_primary_cat":"","_seopress_titles_title":"","_seopress_titles_desc":"","_seopress_robots_index":"","footnotes":""},"categories":[5],"tags":[2827,2826],"class_list":{"0":"post-8925","1":"post","2":"type-post","3":"status-publish","4":"format-standard","5":"has-post-thumbnail","7":"category-musica","8":"tag-coachella-2014","9":"tag-outkast-vuelve-a-los-escenarios"},"_links":{"self":[{"href":"https:\/\/www.cordobatimes.com\/showup\/wp-json\/wp\/v2\/posts\/8925","targetHints":{"allow":["GET"]}}],"collection":[{"href":"https:\/\/www.cordobatimes.com\/showup\/wp-json\/wp\/v2\/posts"}],"about":[{"href":"https:\/\/www.cordobatimes.com\/showup\/wp-json\/wp\/v2\/types\/post"}],"author":[{"embeddable":true,"href":"https:\/\/www.cordobatimes.com\/showup\/wp-json\/wp\/v2\/users\/1"}],"replies":[{"embeddable":true,"href":"https:\/\/www.cordobatimes.com\/showup\/wp-json\/wp\/v2\/comments?post=8925"}],"version-history":[{"count":0,"href":"https:\/\/www.cordobatimes.com\/showup\/wp-json\/wp\/v2\/posts\/8925\/revisions"}],"wp:featuredmedia":[{"embeddable":true,"href":"https:\/\/www.cordobatimes.com\/showup\/wp-json\/wp\/v2\/media\/8933"}],"wp:attachment":[{"href":"https:\/\/www.cordobatimes.com\/showup\/wp-json\/wp\/v2\/media?parent=8925"}],"wp:term":[{"taxonomy":"category","embeddable":true,"href":"https:\/\/www.cordobatimes.com\/showup\/wp-json\/wp\/v2\/categories?post=8925"},{"taxonomy":"post_tag","embeddable":true,"href":"https:\/\/www.cordobatimes.com\/showup\/wp-json\/wp\/v2\/tags?post=8925"}],"curies":[{"name":"wp","href":"https:\/\/api.w.org\/{rel}","templated":true}]}}