{"id":89247,"date":"2020-10-23T10:41:46","date_gmt":"2020-10-23T13:41:46","guid":{"rendered":"https:\/\/www.cordobatimes.com\/showup\/?p=89247"},"modified":"2020-10-23T10:41:46","modified_gmt":"2020-10-23T13:41:46","slug":"the-prom-el-nuevo-musical-de-netflix-junto-a-meryl-streep-y-nicole-kidman","status":"publish","type":"post","link":"https:\/\/www.cordobatimes.com\/showup\/cine-y-series\/2020\/10\/23\/the-prom-el-nuevo-musical-de-netflix-junto-a-meryl-streep-y-nicole-kidman\/","title":{"rendered":"\u201cThe Prom\u201d, el nuevo musical de Netflix junto a Meryl Streep y Nicole Kidman"},"content":{"rendered":"<h3><strong>Actrices y actores buscando volver a brillar, y el sue\u00f1o de una joven adolescente son las premisas de esta comedia que ya present\u00f3 su primer adelanto.<\/strong><\/h3>\n<p>\u00abEl baile\u00bb\u00a0es el nuevo musical que est\u00e1 pr\u00f3ximo a llegar a\u00a0Netflix, plataforma que este jueves nos mostr\u00f3 su primer adelanto.\u00a0\u00abTodos merecemos celebrar\u00bb,\u00a0asegura el avance, y es por ello que podremos disfrutar de una historia de amor y m\u00fasica.<\/p>\n<p>La pel\u00edcula es dirigida por\u00a0Ryan Murphy\u00a0(\u00abGlee\u00bb, \u00abAmerican Horror Story\u00bb), con\u00a0gui\u00f3n de Chad Beguelin y Bob Martin\u00a0y est\u00e1 basada en hechos reales y a su vez en un musical de Broadway nominado al Tony.<\/p>\n<p>Cuenta la historia de\u00a0Dee Dee Allen (Streep)\u00a0y\u00a0Barry Glickman (James Corden), una dupla de actores que tras a\u00f1os de fama y premios Tony, no les est\u00e1 yendo muy bien. En su b\u00fasqueda para volver a brillar, conocen la historia de\u00a0Emma (Jo Ellen Pellman),\u00a0una adolescente a la que no dejan ir al baile junto a su novia\u00a0Alyssa (Ariana DeBose). Convencidos de que todos son dignos de bailar y disfrutar, llevan a cabo una estrategia junto a sus amigos\u00a0Angie (Kidman) y Trent (Rannells)\u00a0para ayudar a Emma y, de paso, salvar su reputaci\u00f3n. Sin embargo, en el camino todo lo que proyectaron suceder\u00e1 de forma inesperada siendo una experiencia enriquecedora para cada uno de ellos.<\/p>\n<p>Figuras como\u00a0Kerry Washington\u00a0(\u00abScandal\u00bb),\u00a0Keegan-Michael Key\u00a0(\u00abComedy Central Key &amp; Peele\u00bb) y\u00a0Tracey Ullman\u00a0(\u00abInto the woods\u00bb) tambi\u00e9n completan el elenco de una superproducci\u00f3n llena de colores, y canciones que nos llegar\u00e1n al coraz\u00f3n.<\/p>\n<p>En tiempos de pandemia por el estallido del coronavirus, y ante el todav\u00eda cierre de muchas\u00a0salas de cine en el mundo,\u00a0\u00abEl Baile\u00bb podr\u00e1 verse en Netflix desde el 11 de diciembre.<\/p>\n<p><iframe loading=\"lazy\" width=\"560\" height=\"315\" src=\"https:\/\/www.youtube.com\/embed\/a2raCtslqeU\" frameborder=\"0\" allow=\"accelerometer; autoplay; clipboard-write; encrypted-media; gyroscope; picture-in-picture\" allowfullscreen><\/iframe><\/p>\n","protected":false},"excerpt":{"rendered":"<p>Actrices y actores buscando volver a brillar, y el sue\u00f1o de una joven adolescente son las premisas de esta comedia que ya present\u00f3 su primer adelanto. \u00abEl baile\u00bb\u00a0es el nuevo musical que est\u00e1 pr\u00f3ximo a llegar a\u00a0Netflix, plataforma que este jueves nos mostr\u00f3 su primer adelanto.\u00a0\u00abTodos merecemos celebrar\u00bb,\u00a0asegura el avance, y es por ello que [&hellip;]<\/p>\n","protected":false},"author":1,"featured_media":89248,"comment_status":"closed","ping_status":"closed","sticky":false,"template":"","format":"standard","meta":{"_seopress_robots_primary_cat":"","_seopress_titles_title":"","_seopress_titles_desc":"","_seopress_robots_index":"","footnotes":""},"categories":[3],"tags":[32504,32503,32502],"class_list":{"0":"post-89247","1":"post","2":"type-post","3":"status-publish","4":"format-standard","5":"has-post-thumbnail","7":"category-cine-y-series","8":"tag-meryl-streep-y-nicole-kidman","9":"tag-the-prom-meryl-streep-y-nicole-kidman","10":"tag-the-prom-musical-de-netflix"},"_links":{"self":[{"href":"https:\/\/www.cordobatimes.com\/showup\/wp-json\/wp\/v2\/posts\/89247","targetHints":{"allow":["GET"]}}],"collection":[{"href":"https:\/\/www.cordobatimes.com\/showup\/wp-json\/wp\/v2\/posts"}],"about":[{"href":"https:\/\/www.cordobatimes.com\/showup\/wp-json\/wp\/v2\/types\/post"}],"author":[{"embeddable":true,"href":"https:\/\/www.cordobatimes.com\/showup\/wp-json\/wp\/v2\/users\/1"}],"replies":[{"embeddable":true,"href":"https:\/\/www.cordobatimes.com\/showup\/wp-json\/wp\/v2\/comments?post=89247"}],"version-history":[{"count":0,"href":"https:\/\/www.cordobatimes.com\/showup\/wp-json\/wp\/v2\/posts\/89247\/revisions"}],"wp:featuredmedia":[{"embeddable":true,"href":"https:\/\/www.cordobatimes.com\/showup\/wp-json\/wp\/v2\/media\/89248"}],"wp:attachment":[{"href":"https:\/\/www.cordobatimes.com\/showup\/wp-json\/wp\/v2\/media?parent=89247"}],"wp:term":[{"taxonomy":"category","embeddable":true,"href":"https:\/\/www.cordobatimes.com\/showup\/wp-json\/wp\/v2\/categories?post=89247"},{"taxonomy":"post_tag","embeddable":true,"href":"https:\/\/www.cordobatimes.com\/showup\/wp-json\/wp\/v2\/tags?post=89247"}],"curies":[{"name":"wp","href":"https:\/\/api.w.org\/{rel}","templated":true}]}}