{"id":89227,"date":"2020-10-22T13:24:33","date_gmt":"2020-10-22T16:24:33","guid":{"rendered":"https:\/\/www.cordobatimes.com\/showup\/?p=89227"},"modified":"2020-10-22T13:24:33","modified_gmt":"2020-10-22T16:24:33","slug":"lali-esposito-gano-el-premio-a-la-mejor-artista-en-redes-sociales-en-los-latin-billboard-2020","status":"publish","type":"post","link":"https:\/\/www.cordobatimes.com\/showup\/musica\/2020\/10\/22\/lali-esposito-gano-el-premio-a-la-mejor-artista-en-redes-sociales-en-los-latin-billboard-2020\/","title":{"rendered":"Lali Esp\u00f3sito gan\u00f3  el premio a la mejor artista en redes sociales en los Latin Billboard 2020"},"content":{"rendered":"<h3><strong>De que Lali\u00a0 es una de las artistas argentinas m\u00e1s completas no hay ninguna duda como tampoco de su impecable manejo de redes sociales.\u00a0<\/strong><\/h3>\n<p>Con millones de seguidores distribuidos en el mundo, supo consagrarse con una comunidad de fan\u00e1ticos que est\u00e1n al pendiente de cada nueva propuesta y ahora logr\u00f3 la consagraci\u00f3n al obtener un reconocimiento en los\u00a0premios BIllboard 2020.<\/p>\n<p>Es que\u00a0la int\u00e9rprete de Ego\u00a0se coron\u00f3 con el premio: \u00abArtista del a\u00f1o, redes sociales\u00bb en una ceremonia de premiaci\u00f3n m\u00e1s que at\u00edpica por la organizaci\u00f3n fuera de lo com\u00fan debido a la pandemia que azota a todo el mundo complicando al mundo del espect\u00e1culo. Sin embargo esto no fue impedimento para que se destaque.<\/p>\n<blockquote class=\"twitter-tweet\">\n<p dir=\"ltr\" lang=\"es\">Gracias <a href=\"https:\/\/twitter.com\/LatinBillboards?ref_src=twsrc%5Etfw\">@LatinBillboards<\/a> por este premio!!! Gracias a mi equipo y a mis fans \ud83d\ude4f\ud83d\ude4f!! Este \ud83c\udfc6 va pa&#8217;casa \ud83c\udde6\ud83c\uddf7!!\ud83d\ude01\ud83e\udd70<a href=\"https:\/\/twitter.com\/SonyMusicArg?ref_src=twsrc%5Etfw\">@SonyMusicArg<\/a> <a href=\"https:\/\/twitter.com\/SonyMusicLatin?ref_src=twsrc%5Etfw\">@SonyMusicLatin<\/a> <a href=\"https:\/\/twitter.com\/fpment?ref_src=twsrc%5Etfw\">@fpment<\/a> <a href=\"https:\/\/t.co\/c48yGP0ApF\">pic.twitter.com\/c48yGP0ApF<\/a><\/p>\n<p>\u2014 Lali (@lalioficial) <a href=\"https:\/\/twitter.com\/lalioficial\/status\/1319290138233430020?ref_src=twsrc%5Etfw\">October 22, 2020<\/a><\/p><\/blockquote>\n<p><script async src=\"https:\/\/platform.twitter.com\/widgets.js\" charset=\"utf-8\"><\/script><\/p>\n<blockquote class=\"instagram-media\" style=\"background: #FFF; border: 0; border-radius: 3px; box-shadow: 0 0 1px 0 rgba(0,0,0,0.5),0 1px 10px 0 rgba(0,0,0,0.15); margin: 1px; max-width: 540px; min-width: 326px; padding: 0; width: calc(100% - 2px);\" data-instgrm-captioned=\"\" data-instgrm-permalink=\"https:\/\/www.instagram.com\/p\/CGpabYbgOpz\/?utm_source=ig_embed&amp;utm_campaign=loading\" data-instgrm-version=\"12\">\n<div style=\"padding: 16px;\">\n<p>&nbsp;<\/p>\n<div style=\"display: flex; flex-direction: row; align-items: center;\">\n<div style=\"background-color: #f4f4f4; border-radius: 50%; flex-grow: 0; height: 40px; margin-right: 14px; width: 40px;\"><\/div>\n<div style=\"display: flex; flex-direction: column; flex-grow: 1; justify-content: center;\">\n<div style=\"background-color: #f4f4f4; border-radius: 4px; flex-grow: 0; height: 14px; margin-bottom: 6px; width: 100px;\"><\/div>\n<div style=\"background-color: #f4f4f4; border-radius: 4px; flex-grow: 0; height: 14px; width: 60px;\"><\/div>\n<\/div>\n<\/div>\n<div style=\"padding: 19% 0;\"><\/div>\n<div style=\"display: block; height: 50px; margin: 0 auto 12px; width: 50px;\"><\/div>\n<div style=\"padding-top: 8px;\">\n<div style=\"color: #3897f0; font-family: Arial,sans-serif; font-size: 14px; font-style: normal; font-weight: 550; line-height: 18px;\">Ver esta publicaci\u00f3n en Instagram<\/div>\n<\/div>\n<div style=\"padding: 12.5% 0;\"><\/div>\n<div style=\"display: flex; flex-direction: row; margin-bottom: 14px; align-items: center;\">\n<div>\n<div style=\"background-color: #f4f4f4; border-radius: 50%; height: 12.5px; width: 12.5px; transform: translateX(0px) translateY(7px);\"><\/div>\n<div style=\"background-color: #f4f4f4; height: 12.5px; transform: rotate(-45deg) translateX(3px) translateY(1px); width: 12.5px; flex-grow: 0; margin-right: 14px; margin-left: 2px;\"><\/div>\n<div style=\"background-color: #f4f4f4; border-radius: 50%; height: 12.5px; width: 12.5px; transform: translateX(9px) translateY(-18px);\"><\/div>\n<\/div>\n<div style=\"margin-left: 8px;\">\n<div style=\"background-color: #f4f4f4; border-radius: 50%; flex-grow: 0; height: 20px; width: 20px;\"><\/div>\n<div style=\"width: 0; height: 0; border-top: 2px solid transparent; border-left: 6px solid #f4f4f4; border-bottom: 2px solid transparent; transform: translateX(16px) translateY(-4px) rotate(30deg);\"><\/div>\n<\/div>\n<div style=\"margin-left: auto;\">\n<div style=\"width: 0px; border-top: 8px solid #F4F4F4; border-right: 8px solid transparent; transform: translateY(16px);\"><\/div>\n<div style=\"background-color: #f4f4f4; flex-grow: 0; height: 12px; width: 16px; transform: translateY(-4px);\"><\/div>\n<div style=\"width: 0; height: 0; border-top: 8px solid #F4F4F4; border-left: 8px solid transparent; transform: translateY(-4px) translateX(8px);\"><\/div>\n<\/div>\n<\/div>\n<p>&nbsp;<\/p>\n<p style=\"margin: 8px 0 0 0; padding: 0 4px;\"><a style=\"color: #000; font-family: Arial,sans-serif; font-size: 14px; font-style: normal; font-weight: normal; line-height: 17px; text-decoration: none; word-wrap: break-word;\" href=\"https:\/\/www.instagram.com\/p\/CGpabYbgOpz\/?utm_source=ig_embed&amp;utm_campaign=loading\" target=\"_blank\" rel=\"noopener noreferrer\">Se va pa\u2019 casa \ud83c\udde6\ud83c\uddf7! WOW Que emocio\u0301n tan grande este premio \u201cSocial Artist of the year\u201d! Mi primer @latinbillboards y el primero ,segu\u0301n me cuentan, de una argentina! Desperte\u0301 esta man\u0303ana en Madrid llena de mensajes de felicitacio\u0301n y alegri\u0301a! Esto me impulsa, me alienta y me da energi\u0301a para todo lo que viene Gracias de \u2764\ufe0f a todos los que me apoyan! Lei\u0301 por ahi\u0301 que solo 4 mujeres han ganado premios en esta edicio\u0301n @katyperry @jlo @karolg y yo &#8230; Un lujo ser una de las ganadoras entre estas bestias! Pero eso tambie\u0301n me impulsa a seguir trabajando para mis colegas, para las dema\u0301s . A seguir buscando ma\u0301s lugar para las mujeres en la mu\u0301sica. De nuevo Gracias @billboardlatin Gracias a mi casa @sonymusicargentina @sonymusiclatin y a mi equipo @fpment pero ma\u0301s ma\u0301s ma\u0301s ma\u0301s ma\u0301s y ma\u0301s gracias a USTEDES que esta\u0301n aca\u0301 conmigo conectados hace tanto tiempo!!! Se vienen cosas increi\u0301bles\ud83d\ude4f<\/a><\/p>\n<p style=\"color: #c9c8cd; font-family: Arial,sans-serif; font-size: 14px; line-height: 17px; margin-bottom: 0; margin-top: 8px; overflow: hidden; padding: 8px 0 7px; text-align: center; text-overflow: ellipsis; white-space: nowrap;\">Una publicaci\u00f3n compartida por <a style=\"color: #c9c8cd; font-family: Arial,sans-serif; font-size: 14px; font-style: normal; font-weight: normal; line-height: 17px;\" href=\"https:\/\/www.instagram.com\/lalioficial\/?utm_source=ig_embed&amp;utm_campaign=loading\" target=\"_blank\" rel=\"noopener noreferrer\"> LALI<\/a> (@lalioficial) el <time style=\"font-family: Arial,sans-serif; font-size: 14px; line-height: 17px;\" datetime=\"2020-10-22T13:13:38+00:00\">22 de Oct de 2020 a las 6:13 PDT<\/time><\/p>\n<\/div>\n<\/blockquote>\n<p><script async src=\"\/\/www.instagram.com\/embed.js\"><\/script><\/p>\n","protected":false},"excerpt":{"rendered":"<p>De que Lali\u00a0 es una de las artistas argentinas m\u00e1s completas no hay ninguna duda como tampoco de su impecable manejo de redes sociales.\u00a0 Con millones de seguidores distribuidos en el mundo, supo consagrarse con una comunidad de fan\u00e1ticos que est\u00e1n al pendiente de cada nueva propuesta y ahora logr\u00f3 la consagraci\u00f3n al obtener un [&hellip;]<\/p>\n","protected":false},"author":1,"featured_media":89220,"comment_status":"closed","ping_status":"closed","sticky":false,"template":"","format":"standard","meta":{"_seopress_robots_primary_cat":"","_seopress_titles_title":"","_seopress_titles_desc":"","_seopress_robots_index":"","footnotes":""},"categories":[5],"tags":[32494,32493],"class_list":{"0":"post-89227","1":"post","2":"type-post","3":"status-publish","4":"format-standard","5":"has-post-thumbnail","7":"category-musica","8":"tag-lali-esposito-latin-billboard-2020","9":"tag-lali-esposito-mejor-artista-en-redes-sociales"},"_links":{"self":[{"href":"https:\/\/www.cordobatimes.com\/showup\/wp-json\/wp\/v2\/posts\/89227","targetHints":{"allow":["GET"]}}],"collection":[{"href":"https:\/\/www.cordobatimes.com\/showup\/wp-json\/wp\/v2\/posts"}],"about":[{"href":"https:\/\/www.cordobatimes.com\/showup\/wp-json\/wp\/v2\/types\/post"}],"author":[{"embeddable":true,"href":"https:\/\/www.cordobatimes.com\/showup\/wp-json\/wp\/v2\/users\/1"}],"replies":[{"embeddable":true,"href":"https:\/\/www.cordobatimes.com\/showup\/wp-json\/wp\/v2\/comments?post=89227"}],"version-history":[{"count":0,"href":"https:\/\/www.cordobatimes.com\/showup\/wp-json\/wp\/v2\/posts\/89227\/revisions"}],"wp:featuredmedia":[{"embeddable":true,"href":"https:\/\/www.cordobatimes.com\/showup\/wp-json\/wp\/v2\/media\/89220"}],"wp:attachment":[{"href":"https:\/\/www.cordobatimes.com\/showup\/wp-json\/wp\/v2\/media?parent=89227"}],"wp:term":[{"taxonomy":"category","embeddable":true,"href":"https:\/\/www.cordobatimes.com\/showup\/wp-json\/wp\/v2\/categories?post=89227"},{"taxonomy":"post_tag","embeddable":true,"href":"https:\/\/www.cordobatimes.com\/showup\/wp-json\/wp\/v2\/tags?post=89227"}],"curies":[{"name":"wp","href":"https:\/\/api.w.org\/{rel}","templated":true}]}}