{"id":89199,"date":"2020-10-21T22:05:37","date_gmt":"2020-10-22T01:05:37","guid":{"rendered":"https:\/\/www.cordobatimes.com\/showup\/?p=89199"},"modified":"2020-10-21T22:05:37","modified_gmt":"2020-10-22T01:05:37","slug":"prendas-y-accesorios-que-seguiran-siendo-tendencia-en-2021","status":"publish","type":"post","link":"https:\/\/www.cordobatimes.com\/showup\/moda-y-estilos\/2020\/10\/21\/prendas-y-accesorios-que-seguiran-siendo-tendencia-en-2021\/","title":{"rendered":"Prendas y accesorios que seguir\u00e1n siendo tendencia en 2021"},"content":{"rendered":"<h3><strong>Estampados florales y especiales con inspiraci\u00f3n colectiva de la moda de los 70 y 80.<\/strong><\/h3>\n<h3><strong>Nuestros trajes de pantal\u00f3n:\u00a0anchos<\/strong><\/h3>\n<p>Este c\u00f3ctel de factores nos ha empujado a buscar alternativas para el cl\u00e1sico traje de oficina, de modo que pudi\u00e9semos adaptarlo a nuestro nuevo estilo de vida, en casa y fuera de ella. Nuestros sacos y pantalones se han ensanchado, marcando distancia con nuestros cuerpos y d\u00e1ndoles margen para actuar.<\/p>\n<p><img alt=\"\" loading=\"lazy\" decoding=\"async\" class=\"alignnone wp-image-89201 size-full\" src=\"https:\/\/www.cordobatimes.com\/showup\/wp-content\/uploads\/2020\/10\/traje-a.jpg\" alt=\"\" width=\"600\" height=\"850\" srcset=\"https:\/\/www.cordobatimes.com\/showup\/wp-content\/uploads\/2020\/10\/traje-a.jpg 600w, https:\/\/www.cordobatimes.com\/showup\/wp-content\/uploads\/2020\/10\/traje-a-296x420.jpg 296w\" sizes=\"auto, (max-width: 600px) 100vw, 600px\" \/><\/p>\n<h3><strong>Los maxivestidos que amamos en verano<\/strong><\/h3>\n<p>\u00bfRecuerdas ese vestido inmenso, de amplia silueta, volados mangas abullonadas, Parece que el romanticismo que nos hizo so\u00f1ar con tomar aire fresco en los meses posteriores al confinamiento se mantendr\u00e1 en 2021.<\/p>\n<p><img alt=\"\" loading=\"lazy\" decoding=\"async\" class=\"alignnone wp-image-89200 size-full\" src=\"https:\/\/www.cordobatimes.com\/showup\/wp-content\/uploads\/2020\/10\/maxi-dress-a.jpg\" alt=\"\" width=\"600\" height=\"850\" srcset=\"https:\/\/www.cordobatimes.com\/showup\/wp-content\/uploads\/2020\/10\/maxi-dress-a.jpg 600w, https:\/\/www.cordobatimes.com\/showup\/wp-content\/uploads\/2020\/10\/maxi-dress-a-296x420.jpg 296w\" sizes=\"auto, (max-width: 600px) 100vw, 600px\" \/><\/p>\n<p><strong>Manoletinas y m\u00e1s calzados\u00a0slip-on<\/strong><\/p>\n<p>Hemos redefinido el calzado c\u00f3modo este a\u00f1o para hacer espacio, entre las zapatillas deportivas y las sandalias, para las manoletinas, Mary Janes y otros calzados slip-on, que nos hacen sentir como si a\u00fan llev\u00e1semos las pantuflas de casa. En una mirada a las tendencias del pasado (y del ahora) con todos nuestros favoritos: maxi vestidos, bermudas y trajes de pantal\u00f3n.<\/p>\n<p><img alt=\"\" loading=\"lazy\" decoding=\"async\" class=\"alignnone wp-image-89202 size-full\" src=\"https:\/\/www.cordobatimes.com\/showup\/wp-content\/uploads\/2020\/10\/merceditas-a.jpg\" alt=\"\" width=\"600\" height=\"850\" srcset=\"https:\/\/www.cordobatimes.com\/showup\/wp-content\/uploads\/2020\/10\/merceditas-a.jpg 600w, https:\/\/www.cordobatimes.com\/showup\/wp-content\/uploads\/2020\/10\/merceditas-a-296x420.jpg 296w\" sizes=\"auto, (max-width: 600px) 100vw, 600px\" \/><\/p>\n<p>&nbsp;<\/p>\n<h3><strong>Estilo cl\u00e1sico\u00a0<\/strong><\/h3>\n<p><img alt=\"\" loading=\"lazy\" decoding=\"async\" class=\"alignnone wp-image-89203 size-full\" src=\"https:\/\/www.cordobatimes.com\/showup\/wp-content\/uploads\/2020\/10\/bobo-a.jpg\" alt=\"\" width=\"600\" height=\"850\" srcset=\"https:\/\/www.cordobatimes.com\/showup\/wp-content\/uploads\/2020\/10\/bobo-a.jpg 600w, https:\/\/www.cordobatimes.com\/showup\/wp-content\/uploads\/2020\/10\/bobo-a-296x420.jpg 296w\" sizes=\"auto, (max-width: 600px) 100vw, 600px\" \/><\/p>\n<p>Este a\u00f1o, quiz\u00e1 por haber visto tantos episodios de Gossip Girl durante la cuarentena, nos hemos obsesionado nuevamente con el uniforme de colegio y la moda preppy. El c\u00e1rdigan, las polleras de cuadros, los mocasines y las camisas de cuellos bordados, piezas que antes nos parec\u00edan m\u00e1s bien demasiado formales para el d\u00eda a d\u00edason parte de una est\u00e9tica.<\/p>\n<h3><strong>Camperas de los ochentas<\/strong><\/h3>\n<p>La Semana de la Moda de Par\u00eds trajo consigo la tendencia m\u00e1s anticipada en cuanto a camperas, blazers y piezas ligeras de abrigo: el maximalismo puro de los a\u00f1os ochenta, prendas hiperb\u00f3licas por las que ya apostaba Balenciaga desde hace varios a\u00f1os. Primero, Balmain reinterpret\u00f3 el traje convencional agregando hombreras extremas de estilo Pagoda. Por su parte, Isabel Marant organiz\u00f3 su propia fiesta electr\u00f3nica con un desfile de camperas moteras, vaqueras y metalizadas con mangas abullonadas. El broche de oro, finalmente, lo puso Louis Vuitton, con una versi\u00f3n sport de la colorida campera bomber.<\/p>\n<p><img alt=\"\" loading=\"lazy\" decoding=\"async\" class=\"alignnone wp-image-89204 size-full\" src=\"https:\/\/www.cordobatimes.com\/showup\/wp-content\/uploads\/2020\/10\/mangas-a.jpg\" alt=\"\" width=\"600\" height=\"850\" srcset=\"https:\/\/www.cordobatimes.com\/showup\/wp-content\/uploads\/2020\/10\/mangas-a.jpg 600w, https:\/\/www.cordobatimes.com\/showup\/wp-content\/uploads\/2020\/10\/mangas-a-296x420.jpg 296w\" sizes=\"auto, (max-width: 600px) 100vw, 600px\" \/><\/p>\n<p>&nbsp;<\/p>\n<h3><strong>El boiler suit, el nuevo uniforme de trabajo.<\/strong><\/h3>\n<p>El mono unisex ha sido un gran \u00e9xito de estilo desde principios de este a\u00f1o, cuando recibimos la noticia de que habr\u00eda que quedarse en casa . Fue una pieza recurrente en aquellos desfiles cuya tem\u00e1tica principal era la vida laboral post pandemia, una reflexi\u00f3n sobre nuestro rol y trabajo en nuevos tiempos. En 2020, hemos rescatado (y versionado) esta pieza utilitaria para ofrecernos ese plus de holgura y comodidad.<\/p>\n<p><img alt=\"\" loading=\"lazy\" decoding=\"async\" class=\"alignnone wp-image-89205 size-full\" src=\"https:\/\/www.cordobatimes.com\/showup\/wp-content\/uploads\/2020\/10\/boiler-a.jpg\" alt=\"\" width=\"600\" height=\"850\" srcset=\"https:\/\/www.cordobatimes.com\/showup\/wp-content\/uploads\/2020\/10\/boiler-a.jpg 600w, https:\/\/www.cordobatimes.com\/showup\/wp-content\/uploads\/2020\/10\/boiler-a-296x420.jpg 296w\" sizes=\"auto, (max-width: 600px) 100vw, 600px\" \/><\/p>\n<h3><strong>Conjuntos en efecto piel<\/strong><\/h3>\n<p>Los total look en cuero o efecto piel suelen hacer acto de presencia al asomarse el tiempo oto\u00f1al, pero, en esta ocasi\u00f3n, se han colado en los desfiles para la temporada primavera\/verano de 2021, a modo de dise\u00f1os m\u00e1s sueltos de estilo estival: vestidos veraniegos con mangas voluminosas, faldas midi o bermudas con gabardinas de entretiempo y monos de fiesta con pantal\u00f3n ancho.<\/p>\n<p><img alt=\"\" loading=\"lazy\" decoding=\"async\" class=\"alignnone wp-image-89206 size-full\" src=\"https:\/\/www.cordobatimes.com\/showup\/wp-content\/uploads\/2020\/10\/piel-a.jpg\" alt=\"\" width=\"600\" height=\"850\" srcset=\"https:\/\/www.cordobatimes.com\/showup\/wp-content\/uploads\/2020\/10\/piel-a.jpg 600w, https:\/\/www.cordobatimes.com\/showup\/wp-content\/uploads\/2020\/10\/piel-a-296x420.jpg 296w\" sizes=\"auto, (max-width: 600px) 100vw, 600px\" \/><\/p>\n<h3><strong>Tops\u00a0y vestidos\u00a0cut-out<\/strong><\/h3>\n<p>Este 2020, los vestidos con aberturas se hicieron un hueco importante en nuestro ropero, este detalle simple parece ser una de las claves de los dise\u00f1adores para transformar un b\u00e1sico en una prenda \u00fanica.<\/p>\n<p><img alt=\"\" loading=\"lazy\" decoding=\"async\" class=\"alignnone wp-image-89207 size-full\" src=\"https:\/\/www.cordobatimes.com\/showup\/wp-content\/uploads\/2020\/10\/cut-out-a.jpg\" alt=\"\" width=\"600\" height=\"850\" srcset=\"https:\/\/www.cordobatimes.com\/showup\/wp-content\/uploads\/2020\/10\/cut-out-a.jpg 600w, https:\/\/www.cordobatimes.com\/showup\/wp-content\/uploads\/2020\/10\/cut-out-a-296x420.jpg 296w\" sizes=\"auto, (max-width: 600px) 100vw, 600px\" \/><\/p>\n<p>&nbsp;<\/p>\n<p>&nbsp;<\/p>\n","protected":false},"excerpt":{"rendered":"<p>Estampados florales y especiales con inspiraci\u00f3n colectiva de la moda de los 70 y 80. Nuestros trajes de pantal\u00f3n:\u00a0anchos Este c\u00f3ctel de factores nos ha empujado a buscar alternativas para el cl\u00e1sico traje de oficina, de modo que pudi\u00e9semos adaptarlo a nuestro nuevo estilo de vida, en casa y fuera de ella. Nuestros sacos y [&hellip;]<\/p>\n","protected":false},"author":1,"featured_media":89200,"comment_status":"closed","ping_status":"closed","sticky":false,"template":"","format":"standard","meta":{"_seopress_robots_primary_cat":"","_seopress_titles_title":"","_seopress_titles_desc":"","_seopress_robots_index":"","footnotes":""},"categories":[228],"tags":[32485,32484,32207],"class_list":{"0":"post-89199","1":"post","2":"type-post","3":"status-publish","4":"format-standard","5":"has-post-thumbnail","7":"category-moda-y-estilos","8":"tag-prendas-en-tendencia-en-2021","9":"tag-tendencias-2021","10":"tag-tendencias-de-moda-2021"},"_links":{"self":[{"href":"https:\/\/www.cordobatimes.com\/showup\/wp-json\/wp\/v2\/posts\/89199","targetHints":{"allow":["GET"]}}],"collection":[{"href":"https:\/\/www.cordobatimes.com\/showup\/wp-json\/wp\/v2\/posts"}],"about":[{"href":"https:\/\/www.cordobatimes.com\/showup\/wp-json\/wp\/v2\/types\/post"}],"author":[{"embeddable":true,"href":"https:\/\/www.cordobatimes.com\/showup\/wp-json\/wp\/v2\/users\/1"}],"replies":[{"embeddable":true,"href":"https:\/\/www.cordobatimes.com\/showup\/wp-json\/wp\/v2\/comments?post=89199"}],"version-history":[{"count":0,"href":"https:\/\/www.cordobatimes.com\/showup\/wp-json\/wp\/v2\/posts\/89199\/revisions"}],"wp:featuredmedia":[{"embeddable":true,"href":"https:\/\/www.cordobatimes.com\/showup\/wp-json\/wp\/v2\/media\/89200"}],"wp:attachment":[{"href":"https:\/\/www.cordobatimes.com\/showup\/wp-json\/wp\/v2\/media?parent=89199"}],"wp:term":[{"taxonomy":"category","embeddable":true,"href":"https:\/\/www.cordobatimes.com\/showup\/wp-json\/wp\/v2\/categories?post=89199"},{"taxonomy":"post_tag","embeddable":true,"href":"https:\/\/www.cordobatimes.com\/showup\/wp-json\/wp\/v2\/tags?post=89199"}],"curies":[{"name":"wp","href":"https:\/\/api.w.org\/{rel}","templated":true}]}}