{"id":89138,"date":"2020-10-15T13:54:21","date_gmt":"2020-10-15T16:54:21","guid":{"rendered":"https:\/\/www.cordobatimes.com\/showup\/?p=89138"},"modified":"2020-10-15T13:54:21","modified_gmt":"2020-10-15T16:54:21","slug":"los-looks-de-la-alfombra-roja-de-los-billboard-music-awards","status":"publish","type":"post","link":"https:\/\/www.cordobatimes.com\/showup\/moda-y-estilos\/2020\/10\/15\/los-looks-de-la-alfombra-roja-de-los-billboard-music-awards\/","title":{"rendered":"Los looks de la alfombra roja de los Billboard Music Awards"},"content":{"rendered":"<h3><strong>Se celebr\u00f3 una nueva edici\u00f3n de los premios Billboard Music Awards.<\/strong><\/h3>\n<p>La alfombra roja fue muy reducida pero dej\u00f3 varios looks repletos de extravagancias y transparencias que no pasar\u00e1n como los mejores estilismos de este a\u00f1o. Cher, Nicole Richie o Billie Eilish fueron algunos de los rostros conocidos que no dejaron indiferentes en esta alfombra roja en el que triunf\u00f3 el negro. Estos fueron los looks destacados de los premios.<\/p>\n<p><img alt=\"\" loading=\"lazy\" decoding=\"async\" class=\"alignnone size-medium wp-image-89140\" src=\"https:\/\/www.cordobatimes.com\/showup\/wp-content\/uploads\/2020\/10\/15-719x420.jpg\" alt=\"\" width=\"719\" height=\"420\" srcset=\"https:\/\/www.cordobatimes.com\/showup\/wp-content\/uploads\/2020\/10\/15-719x420.jpg 719w, https:\/\/www.cordobatimes.com\/showup\/wp-content\/uploads\/2020\/10\/15-768x449.jpg 768w, https:\/\/www.cordobatimes.com\/showup\/wp-content\/uploads\/2020\/10\/15-696x407.jpg 696w, https:\/\/www.cordobatimes.com\/showup\/wp-content\/uploads\/2020\/10\/15.jpg 789w\" sizes=\"auto, (max-width: 719px) 100vw, 719px\" \/> <img alt=\"\" loading=\"lazy\" decoding=\"async\" class=\"alignnone wp-image-89141 size-full\" src=\"https:\/\/www.cordobatimes.com\/showup\/wp-content\/uploads\/2020\/10\/221.jpg\" alt=\"\" width=\"563\" height=\"622\" srcset=\"https:\/\/www.cordobatimes.com\/showup\/wp-content\/uploads\/2020\/10\/221.jpg 563w, https:\/\/www.cordobatimes.com\/showup\/wp-content\/uploads\/2020\/10\/221-380x420.jpg 380w\" sizes=\"auto, (max-width: 563px) 100vw, 563px\" \/> <img alt=\"\" loading=\"lazy\" decoding=\"async\" class=\"alignnone wp-image-89142 size-full\" src=\"https:\/\/www.cordobatimes.com\/showup\/wp-content\/uploads\/2020\/10\/231.jpg\" alt=\"\" width=\"343\" height=\"455\" srcset=\"https:\/\/www.cordobatimes.com\/showup\/wp-content\/uploads\/2020\/10\/231.jpg 343w, https:\/\/www.cordobatimes.com\/showup\/wp-content\/uploads\/2020\/10\/231-317x420.jpg 317w\" sizes=\"auto, (max-width: 343px) 100vw, 343px\" \/> <img alt=\"\" loading=\"lazy\" decoding=\"async\" class=\"alignnone size-medium wp-image-89143\" src=\"https:\/\/www.cordobatimes.com\/showup\/wp-content\/uploads\/2020\/10\/241-708x420.jpg\" alt=\"\" width=\"708\" height=\"420\" srcset=\"https:\/\/www.cordobatimes.com\/showup\/wp-content\/uploads\/2020\/10\/241-708x420.jpg 708w, https:\/\/www.cordobatimes.com\/showup\/wp-content\/uploads\/2020\/10\/241-768x456.jpg 768w, https:\/\/www.cordobatimes.com\/showup\/wp-content\/uploads\/2020\/10\/241-696x413.jpg 696w, https:\/\/www.cordobatimes.com\/showup\/wp-content\/uploads\/2020\/10\/241.jpg 787w\" sizes=\"auto, (max-width: 708px) 100vw, 708px\" \/> <img alt=\"\" loading=\"lazy\" decoding=\"async\" class=\"alignnone wp-image-89144 size-full\" src=\"https:\/\/www.cordobatimes.com\/showup\/wp-content\/uploads\/2020\/10\/1125.jpg\" alt=\"\" width=\"561\" height=\"371\" \/> <img alt=\"\" loading=\"lazy\" decoding=\"async\" class=\"alignnone wp-image-89145 size-full\" src=\"https:\/\/www.cordobatimes.com\/showup\/wp-content\/uploads\/2020\/10\/30221.jpg\" alt=\"\" width=\"390\" height=\"477\" srcset=\"https:\/\/www.cordobatimes.com\/showup\/wp-content\/uploads\/2020\/10\/30221.jpg 390w, https:\/\/www.cordobatimes.com\/showup\/wp-content\/uploads\/2020\/10\/30221-343x420.jpg 343w\" sizes=\"auto, (max-width: 390px) 100vw, 390px\" \/><\/p>\n","protected":false},"excerpt":{"rendered":"<p>Se celebr\u00f3 una nueva edici\u00f3n de los premios Billboard Music Awards. La alfombra roja fue muy reducida pero dej\u00f3 varios looks repletos de extravagancias y transparencias que no pasar\u00e1n como los mejores estilismos de este a\u00f1o. Cher, Nicole Richie o Billie Eilish fueron algunos de los rostros conocidos que no dejaron indiferentes en esta alfombra [&hellip;]<\/p>\n","protected":false},"author":1,"featured_media":89139,"comment_status":"closed","ping_status":"closed","sticky":false,"template":"","format":"standard","meta":{"_seopress_robots_primary_cat":"","_seopress_titles_title":"","_seopress_titles_desc":"","_seopress_robots_index":"","footnotes":""},"categories":[228],"tags":[32468],"class_list":{"0":"post-89138","1":"post","2":"type-post","3":"status-publish","4":"format-standard","5":"has-post-thumbnail","7":"category-moda-y-estilos","8":"tag-alfombra-roja-de-los-billboard-music-awards"},"_links":{"self":[{"href":"https:\/\/www.cordobatimes.com\/showup\/wp-json\/wp\/v2\/posts\/89138","targetHints":{"allow":["GET"]}}],"collection":[{"href":"https:\/\/www.cordobatimes.com\/showup\/wp-json\/wp\/v2\/posts"}],"about":[{"href":"https:\/\/www.cordobatimes.com\/showup\/wp-json\/wp\/v2\/types\/post"}],"author":[{"embeddable":true,"href":"https:\/\/www.cordobatimes.com\/showup\/wp-json\/wp\/v2\/users\/1"}],"replies":[{"embeddable":true,"href":"https:\/\/www.cordobatimes.com\/showup\/wp-json\/wp\/v2\/comments?post=89138"}],"version-history":[{"count":0,"href":"https:\/\/www.cordobatimes.com\/showup\/wp-json\/wp\/v2\/posts\/89138\/revisions"}],"wp:featuredmedia":[{"embeddable":true,"href":"https:\/\/www.cordobatimes.com\/showup\/wp-json\/wp\/v2\/media\/89139"}],"wp:attachment":[{"href":"https:\/\/www.cordobatimes.com\/showup\/wp-json\/wp\/v2\/media?parent=89138"}],"wp:term":[{"taxonomy":"category","embeddable":true,"href":"https:\/\/www.cordobatimes.com\/showup\/wp-json\/wp\/v2\/categories?post=89138"},{"taxonomy":"post_tag","embeddable":true,"href":"https:\/\/www.cordobatimes.com\/showup\/wp-json\/wp\/v2\/tags?post=89138"}],"curies":[{"name":"wp","href":"https:\/\/api.w.org\/{rel}","templated":true}]}}