{"id":89119,"date":"2020-10-13T13:13:42","date_gmt":"2020-10-13T16:13:42","guid":{"rendered":"https:\/\/www.cordobatimes.com\/showup\/?p=89119"},"modified":"2020-10-13T13:13:42","modified_gmt":"2020-10-13T16:13:42","slug":"netflix-presenta-el-nuevo-trailer-de-la-temporada-4-de-the-crown","status":"publish","type":"post","link":"https:\/\/www.cordobatimes.com\/showup\/cine-y-series\/2020\/10\/13\/netflix-presenta-el-nuevo-trailer-de-la-temporada-4-de-the-crown\/","title":{"rendered":"Netflix presenta el nuevo tr\u00e1iler de la temporada 4 de &#8216;The Crown&#8217;"},"content":{"rendered":"<h3><strong>Despu\u00e9s de haber\u00a0visto el primer teaser\u00a0y\u00a0las primeras im\u00e1genes,\u00a0Netflix\u00a0ha lanzado el\u00a0tr\u00e1iler oficial de la temporada 4\u00a0de &#8216;The Crown&#8217;, su serie m\u00e1s lujosa y prestigiosa.<\/strong><\/h3>\n<p>Un nuevo adelanto hilado con la voz en off de lo que suponemos es la homil\u00eda de la boda del pr\u00edncipe Carlos y Diana de Gales, que se presenta como el gran hilo de los nuevos episodios.<\/p>\n<p>El\u00a015 de noviembre\u00a0llegar\u00e1n estos nuevos cap\u00edtulos, que cuentan con la segunda generaci\u00f3n de actores de la serie:\u00a0Olivia Colman y Tobias Menzies\u00a0como Isabel II y el Duque Felipe de Edimburgo respectivamente. Adem\u00e1s\u00a0Josh O&#8217;Connor interpreta a Carlos, mientras que\u00a0Lady Di es encarnada por Emma Corrin.<\/p>\n<p>La de Corrin no es la \u00fanica incorporaci\u00f3n al reparto de la serie, ya que tambi\u00e9n vemos la inconfundible\u00a0Gillian Anderson caracterizada como la Dama de Hierro, Margaret Thatcher. Bienvenidos a los convulsos finales de los a\u00f1os 70 y principios de los 80, decenio en el que se centrar\u00e1 esta antepen\u00faltima temporada de &#8216;The Crown&#8217;.<\/p>\n<p>La serie escrita por\u00a0Peter Morgan navegar\u00e1 entre esas dos mareas: las prisas por casar al treinta\u00f1ero pr\u00edncipe heredero y el gobierno de la Thatcher, con las grandes huelgas y la guerra de las Malvinas como \u00e1lgidos puntos de inter\u00e9s.<\/p>\n<p>En el reparto tambi\u00e9n estar\u00e1n Erin Doherty como la Princesa Ana, Marion Bailey como la Reina Madre,\u00a0Helena Bonham Carter como la Princesa Margarita\u00a0o Emerald Fennell como Camilla Parker Bowles entre muchos otros.<\/p>\n<p><iframe loading=\"lazy\" width=\"560\" height=\"315\" src=\"https:\/\/www.youtube.com\/embed\/YmojDsJ31eQ\" frameborder=\"0\" allow=\"accelerometer; autoplay; clipboard-write; encrypted-media; gyroscope; picture-in-picture\" allowfullscreen><\/iframe><\/p>\n","protected":false},"excerpt":{"rendered":"<p>Despu\u00e9s de haber\u00a0visto el primer teaser\u00a0y\u00a0las primeras im\u00e1genes,\u00a0Netflix\u00a0ha lanzado el\u00a0tr\u00e1iler oficial de la temporada 4\u00a0de &#8216;The Crown&#8217;, su serie m\u00e1s lujosa y prestigiosa. Un nuevo adelanto hilado con la voz en off de lo que suponemos es la homil\u00eda de la boda del pr\u00edncipe Carlos y Diana de Gales, que se presenta como el gran [&hellip;]<\/p>\n","protected":false},"author":1,"featured_media":89120,"comment_status":"closed","ping_status":"closed","sticky":false,"template":"","format":"standard","meta":{"_seopress_robots_primary_cat":"","_seopress_titles_title":"","_seopress_titles_desc":"","_seopress_robots_index":"","footnotes":""},"categories":[3],"tags":[32457,32456],"class_list":{"0":"post-89119","1":"post","2":"type-post","3":"status-publish","4":"format-standard","5":"has-post-thumbnail","9":"tag-trailer-de-la-temporada-4-de-the-crown"},"_links":{"self":[{"href":"https:\/\/www.cordobatimes.com\/showup\/wp-json\/wp\/v2\/posts\/89119","targetHints":{"allow":["GET"]}}],"collection":[{"href":"https:\/\/www.cordobatimes.com\/showup\/wp-json\/wp\/v2\/posts"}],"about":[{"href":"https:\/\/www.cordobatimes.com\/showup\/wp-json\/wp\/v2\/types\/post"}],"author":[{"embeddable":true,"href":"https:\/\/www.cordobatimes.com\/showup\/wp-json\/wp\/v2\/users\/1"}],"replies":[{"embeddable":true,"href":"https:\/\/www.cordobatimes.com\/showup\/wp-json\/wp\/v2\/comments?post=89119"}],"version-history":[{"count":0,"href":"https:\/\/www.cordobatimes.com\/showup\/wp-json\/wp\/v2\/posts\/89119\/revisions"}],"wp:featuredmedia":[{"embeddable":true,"href":"https:\/\/www.cordobatimes.com\/showup\/wp-json\/wp\/v2\/media\/89120"}],"wp:attachment":[{"href":"https:\/\/www.cordobatimes.com\/showup\/wp-json\/wp\/v2\/media?parent=89119"}],"wp:term":[{"taxonomy":"category","embeddable":true,"href":"https:\/\/www.cordobatimes.com\/showup\/wp-json\/wp\/v2\/categories?post=89119"},{"taxonomy":"post_tag","embeddable":true,"href":"https:\/\/www.cordobatimes.com\/showup\/wp-json\/wp\/v2\/tags?post=89119"}],"curies":[{"name":"wp","href":"https:\/\/api.w.org\/{rel}","templated":true}]}}