{"id":89059,"date":"2020-10-06T12:22:03","date_gmt":"2020-10-06T15:22:03","guid":{"rendered":"https:\/\/www.cordobatimes.com\/showup\/?p=89059"},"modified":"2020-10-20T22:12:27","modified_gmt":"2020-10-21T01:12:27","slug":"primavera-verano-2021-moda-para-una-nueva-era","status":"publish","type":"post","link":"https:\/\/www.cordobatimes.com\/showup\/moda-y-estilos\/2020\/10\/06\/primavera-verano-2021-moda-para-una-nueva-era\/","title":{"rendered":"Primavera-verano 2021: moda para una nueva era"},"content":{"rendered":"<h3>\u00a0<strong>Los estilos, colores, prendas y accesorios que se usar\u00e1n en la siguiente mitad del a\u00f1o.<\/strong><\/h3>\n<p>Acerca del mundo de la moda. Entre algunos de los contenidos, estar\u00e1n los imprescindibles \u2212es decir, esas prendas y accesorios que no pueden faltar esta temporada.<\/p>\n<p><img alt=\"\" loading=\"lazy\" decoding=\"async\" class=\"alignnone wp-image-89061 size-full\" src=\"https:\/\/www.cordobatimes.com\/showup\/wp-content\/uploads\/2020\/10\/5666.jpg\" alt=\"\" width=\"740\" height=\"1110\" srcset=\"https:\/\/www.cordobatimes.com\/showup\/wp-content\/uploads\/2020\/10\/5666.jpg 740w, https:\/\/www.cordobatimes.com\/showup\/wp-content\/uploads\/2020\/10\/5666-280x420.jpg 280w, https:\/\/www.cordobatimes.com\/showup\/wp-content\/uploads\/2020\/10\/5666-683x1024.jpg 683w, https:\/\/www.cordobatimes.com\/showup\/wp-content\/uploads\/2020\/10\/5666-696x1044.jpg 696w\" sizes=\"auto, (max-width: 740px) 100vw, 740px\" \/> <img alt=\"\" loading=\"lazy\" decoding=\"async\" class=\"alignnone wp-image-89062 size-full\" src=\"https:\/\/www.cordobatimes.com\/showup\/wp-content\/uploads\/2020\/10\/3417326w740.jpg\" alt=\"\" width=\"740\" height=\"1110\" srcset=\"https:\/\/www.cordobatimes.com\/showup\/wp-content\/uploads\/2020\/10\/3417326w740.jpg 740w, https:\/\/www.cordobatimes.com\/showup\/wp-content\/uploads\/2020\/10\/3417326w740-280x420.jpg 280w, https:\/\/www.cordobatimes.com\/showup\/wp-content\/uploads\/2020\/10\/3417326w740-683x1024.jpg 683w, https:\/\/www.cordobatimes.com\/showup\/wp-content\/uploads\/2020\/10\/3417326w740-696x1044.jpg 696w\" sizes=\"auto, (max-width: 740px) 100vw, 740px\" \/> <img alt=\"\" loading=\"lazy\" decoding=\"async\" class=\"alignnone wp-image-89063 size-full\" src=\"https:\/\/www.cordobatimes.com\/showup\/wp-content\/uploads\/2020\/10\/3417328w740.jpg\" alt=\"\" width=\"740\" height=\"493\" srcset=\"https:\/\/www.cordobatimes.com\/showup\/wp-content\/uploads\/2020\/10\/3417328w740.jpg 740w, https:\/\/www.cordobatimes.com\/showup\/wp-content\/uploads\/2020\/10\/3417328w740-630x420.jpg 630w, https:\/\/www.cordobatimes.com\/showup\/wp-content\/uploads\/2020\/10\/3417328w740-696x464.jpg 696w\" sizes=\"auto, (max-width: 740px) 100vw, 740px\" \/> <img alt=\"\" loading=\"lazy\" decoding=\"async\" class=\"alignnone wp-image-89064 size-full\" src=\"https:\/\/www.cordobatimes.com\/showup\/wp-content\/uploads\/2020\/10\/3417329w740.jpg\" alt=\"\" width=\"740\" height=\"1110\" srcset=\"https:\/\/www.cordobatimes.com\/showup\/wp-content\/uploads\/2020\/10\/3417329w740.jpg 740w, https:\/\/www.cordobatimes.com\/showup\/wp-content\/uploads\/2020\/10\/3417329w740-280x420.jpg 280w, https:\/\/www.cordobatimes.com\/showup\/wp-content\/uploads\/2020\/10\/3417329w740-683x1024.jpg 683w, https:\/\/www.cordobatimes.com\/showup\/wp-content\/uploads\/2020\/10\/3417329w740-696x1044.jpg 696w\" sizes=\"auto, (max-width: 740px) 100vw, 740px\" \/> <img alt=\"\" loading=\"lazy\" decoding=\"async\" class=\"alignnone wp-image-89065 size-full\" src=\"https:\/\/www.cordobatimes.com\/showup\/wp-content\/uploads\/2020\/10\/3417331w740.jpg\" alt=\"\" width=\"740\" height=\"1110\" srcset=\"https:\/\/www.cordobatimes.com\/showup\/wp-content\/uploads\/2020\/10\/3417331w740.jpg 740w, https:\/\/www.cordobatimes.com\/showup\/wp-content\/uploads\/2020\/10\/3417331w740-280x420.jpg 280w, https:\/\/www.cordobatimes.com\/showup\/wp-content\/uploads\/2020\/10\/3417331w740-683x1024.jpg 683w, https:\/\/www.cordobatimes.com\/showup\/wp-content\/uploads\/2020\/10\/3417331w740-696x1044.jpg 696w\" sizes=\"auto, (max-width: 740px) 100vw, 740px\" \/> <img alt=\"\" loading=\"lazy\" decoding=\"async\" class=\"alignnone wp-image-89066 size-full\" src=\"https:\/\/www.cordobatimes.com\/showup\/wp-content\/uploads\/2020\/10\/3417332w740.jpg\" alt=\"\" width=\"740\" height=\"1110\" srcset=\"https:\/\/www.cordobatimes.com\/showup\/wp-content\/uploads\/2020\/10\/3417332w740.jpg 740w, https:\/\/www.cordobatimes.com\/showup\/wp-content\/uploads\/2020\/10\/3417332w740-280x420.jpg 280w, https:\/\/www.cordobatimes.com\/showup\/wp-content\/uploads\/2020\/10\/3417332w740-683x1024.jpg 683w, https:\/\/www.cordobatimes.com\/showup\/wp-content\/uploads\/2020\/10\/3417332w740-696x1044.jpg 696w\" sizes=\"auto, (max-width: 740px) 100vw, 740px\" \/> <img alt=\"\" loading=\"lazy\" decoding=\"async\" class=\"alignnone wp-image-89067 size-full\" src=\"https:\/\/www.cordobatimes.com\/showup\/wp-content\/uploads\/2020\/10\/3417334w740.jpg\" alt=\"\" width=\"740\" height=\"1110\" srcset=\"https:\/\/www.cordobatimes.com\/showup\/wp-content\/uploads\/2020\/10\/3417334w740.jpg 740w, https:\/\/www.cordobatimes.com\/showup\/wp-content\/uploads\/2020\/10\/3417334w740-280x420.jpg 280w, https:\/\/www.cordobatimes.com\/showup\/wp-content\/uploads\/2020\/10\/3417334w740-683x1024.jpg 683w, https:\/\/www.cordobatimes.com\/showup\/wp-content\/uploads\/2020\/10\/3417334w740-696x1044.jpg 696w\" sizes=\"auto, (max-width: 740px) 100vw, 740px\" \/> <img alt=\"\" loading=\"lazy\" decoding=\"async\" class=\"alignnone wp-image-89068 size-full\" src=\"https:\/\/www.cordobatimes.com\/showup\/wp-content\/uploads\/2020\/10\/3417337w740.jpg\" alt=\"\" width=\"740\" height=\"1110\" srcset=\"https:\/\/www.cordobatimes.com\/showup\/wp-content\/uploads\/2020\/10\/3417337w740.jpg 740w, https:\/\/www.cordobatimes.com\/showup\/wp-content\/uploads\/2020\/10\/3417337w740-280x420.jpg 280w, https:\/\/www.cordobatimes.com\/showup\/wp-content\/uploads\/2020\/10\/3417337w740-683x1024.jpg 683w, https:\/\/www.cordobatimes.com\/showup\/wp-content\/uploads\/2020\/10\/3417337w740-696x1044.jpg 696w\" sizes=\"auto, (max-width: 740px) 100vw, 740px\" \/><\/p>\n","protected":false},"excerpt":{"rendered":"<p>\u00a0Los estilos, colores, prendas y accesorios que se usar\u00e1n en la siguiente mitad del a\u00f1o. Acerca del mundo de la moda. Entre algunos de los contenidos, estar\u00e1n los imprescindibles \u2212es decir, esas prendas y accesorios que no pueden faltar esta temporada.<\/p>\n","protected":false},"author":1,"featured_media":89060,"comment_status":"closed","ping_status":"closed","sticky":false,"template":"","format":"standard","meta":{"_seopress_robots_primary_cat":"","_seopress_titles_title":"","_seopress_titles_desc":"","_seopress_robots_index":"","footnotes":""},"categories":[228],"tags":[32434,32435,32392],"class_list":{"0":"post-89059","1":"post","2":"type-post","3":"status-publish","4":"format-standard","5":"has-post-thumbnail","7":"category-moda-y-estilos","8":"tag-moda-primavera-verano-2021","9":"tag-tendencia-de-moda-primavera-verano-2021","10":"tag-tendencias-primavera-verano-2021"},"_links":{"self":[{"href":"https:\/\/www.cordobatimes.com\/showup\/wp-json\/wp\/v2\/posts\/89059","targetHints":{"allow":["GET"]}}],"collection":[{"href":"https:\/\/www.cordobatimes.com\/showup\/wp-json\/wp\/v2\/posts"}],"about":[{"href":"https:\/\/www.cordobatimes.com\/showup\/wp-json\/wp\/v2\/types\/post"}],"author":[{"embeddable":true,"href":"https:\/\/www.cordobatimes.com\/showup\/wp-json\/wp\/v2\/users\/1"}],"replies":[{"embeddable":true,"href":"https:\/\/www.cordobatimes.com\/showup\/wp-json\/wp\/v2\/comments?post=89059"}],"version-history":[{"count":0,"href":"https:\/\/www.cordobatimes.com\/showup\/wp-json\/wp\/v2\/posts\/89059\/revisions"}],"wp:featuredmedia":[{"embeddable":true,"href":"https:\/\/www.cordobatimes.com\/showup\/wp-json\/wp\/v2\/media\/89060"}],"wp:attachment":[{"href":"https:\/\/www.cordobatimes.com\/showup\/wp-json\/wp\/v2\/media?parent=89059"}],"wp:term":[{"taxonomy":"category","embeddable":true,"href":"https:\/\/www.cordobatimes.com\/showup\/wp-json\/wp\/v2\/categories?post=89059"},{"taxonomy":"post_tag","embeddable":true,"href":"https:\/\/www.cordobatimes.com\/showup\/wp-json\/wp\/v2\/tags?post=89059"}],"curies":[{"name":"wp","href":"https:\/\/api.w.org\/{rel}","templated":true}]}}