{"id":89048,"date":"2020-10-05T10:50:36","date_gmt":"2020-10-05T13:50:36","guid":{"rendered":"https:\/\/www.cordobatimes.com\/showup\/?p=89048"},"modified":"2020-10-05T10:50:36","modified_gmt":"2020-10-05T13:50:36","slug":"se-retomaron-las-grabaciones-de-la-cuarta-temporada-de-stranger-things","status":"publish","type":"post","link":"https:\/\/www.cordobatimes.com\/showup\/cine-y-series\/2020\/10\/05\/se-retomaron-las-grabaciones-de-la-cuarta-temporada-de-stranger-things\/","title":{"rendered":"Se retomaron las grabaciones de la cuarta temporada de Stranger Things"},"content":{"rendered":"<h3><strong>La cuenta oficial de Twitter de Stranger Things confirma que han retomado el rodaje de la cuarta temporada con una peculiar imagen.<\/strong><\/h3>\n<p>Stranger Things ha reanudado ya la producci\u00f3n de su cuarta temporada tras un parate que empez\u00f3 en marzo de este a\u00f1o por causas relacionadas con el Coronavirus (COVID-19). As\u00ed lo han dejado saber las redes sociales de la serie, por las que adem\u00e1s han compartido una imagen del set como adelanto para los seguidores.<\/p>\n<p>En la imagen compartida se puede observar una campera y aunque el fondo est\u00e1 desenfocado, detr\u00e1s se aprecia un reloj. El tweet que acompa\u00f1a la imagen lee \u201cmientras tanto en el otro lado\u201d, este comentario confirma que en la cuarta temporada los protagonistas de Stranger Things volver\u00e1n al El Mundo del Rev\u00e9s, la dimensi\u00f3n paralela de la que parecen llegar todos sus problemas.<\/p>\n<p><img alt=\"\" loading=\"lazy\" decoding=\"async\" class=\"alignnone wp-image-89050 size-full\" src=\"https:\/\/www.cordobatimes.com\/showup\/wp-content\/uploads\/2020\/10\/563241.jpg\" alt=\"\" width=\"679\" height=\"528\" srcset=\"https:\/\/www.cordobatimes.com\/showup\/wp-content\/uploads\/2020\/10\/563241.jpg 679w, https:\/\/www.cordobatimes.com\/showup\/wp-content\/uploads\/2020\/10\/563241-540x420.jpg 540w\" sizes=\"auto, (max-width: 679px) 100vw, 679px\" \/><\/p>\n<p>Por otra parte, los guionistas de la serie tambi\u00e9n tomaron las redes sociales para compartir otra posible imagen del rodaje. En este caso en vez de llevar a los seguidores a El Mundo del Rev\u00e9s, parece que se encuentran en el instituto de Hawkins. En el cartel de la imagen se puede leer \u201cR<em>euni\u00f3n estudiantil. Apoya a tus tigres\u201d<\/em>\u00a0en referencia a los equipos de deportes del instituto ficticio.<\/p>\n<p><img alt=\"\" loading=\"lazy\" decoding=\"async\" class=\"alignnone wp-image-89051 size-full\" src=\"https:\/\/www.cordobatimes.com\/showup\/wp-content\/uploads\/2020\/10\/521211.jpg\" alt=\"\" width=\"463\" height=\"619\" srcset=\"https:\/\/www.cordobatimes.com\/showup\/wp-content\/uploads\/2020\/10\/521211.jpg 463w, https:\/\/www.cordobatimes.com\/showup\/wp-content\/uploads\/2020\/10\/521211-314x420.jpg 314w\" sizes=\"auto, (max-width: 463px) 100vw, 463px\" \/><\/p>\n<p>A pesar de que las grabaciones frenaron en marzo de este a\u00f1o tras pocas semanas de rodaje la serie ha seguido dando contenido a los seguidores por medio de trailers y teasers. Entre algunos de los anuncios m\u00e1s esperados est\u00e1 la confirmaci\u00f3n de que Hopper sigue vivo aunque se encuentra en Rusia tras el accidente de la tercera temporada.<\/p>\n<h3><strong>Los actores ven el lado positivo del retraso de la serie.<\/strong><\/h3>\n<p>Recientemente, en una entrevista con THR el actor\u00a0Joe Keery\u00a0que interpreta a Steve Harrington coment\u00f3 sobre como el par\u00f3n pod\u00eda afectar la cuarta temporada de Stranger Things. \u201cDefinitivamente les ha dado m\u00e1s tiempo para escribir y creo que eso siempre es algo bueno.\u201d\u00a0Keery tambi\u00e9n habl\u00f3 sobre los posibles problemas del retraso de la producci\u00f3n pero conf\u00eda en los directores.\u00a0\u201cSupongo que est\u00e1 el tema de que los ni\u00f1os han crecido, pero a parte de eso, creo que todos queremos que la serie salga lo antes posible para el publico. Eso est\u00e1 claro. Pero algo sobre los hermanos Duffer es que siempre\u00a0han sido extremadamente controladores con la calidad de la serie. As\u00ed que si les da tiempo para darse cuenta de cual es su vision, entonces creo que puede ser algo bueno.\u201d<\/p>\n<p>La actriz Natalia Dyer que interpreta a Nancy Wheeler tambi\u00e9n habl\u00f3 de como el\u00a0retraso de la producci\u00f3n ha beneficiado a la serie.<\/p>\n<p>La cuarta temporada de Stranger Things llegar\u00e1 en alg\u00fan momento de 2021 y a pesar de que\u00a0se han confirmado de que no ser\u00e1 la \u00faltima\u00a0puede que este m\u00e1s cerca del fin, seg\u00fan los directores.\u00a0 Mientras se prolonga la espera las tres temporadas de la serie est\u00e1n disponibles en\u00a0Netflix.<\/p>\n","protected":false},"excerpt":{"rendered":"<p>La cuenta oficial de Twitter de Stranger Things confirma que han retomado el rodaje de la cuarta temporada con una peculiar imagen. Stranger Things ha reanudado ya la producci\u00f3n de su cuarta temporada tras un parate que empez\u00f3 en marzo de este a\u00f1o por causas relacionadas con el Coronavirus (COVID-19). As\u00ed lo han dejado saber [&hellip;]<\/p>\n","protected":false},"author":1,"featured_media":89049,"comment_status":"closed","ping_status":"closed","sticky":false,"template":"","format":"standard","meta":{"_seopress_robots_primary_cat":"","_seopress_titles_title":"","_seopress_titles_desc":"","_seopress_robots_index":"","footnotes":""},"categories":[3],"tags":[24662,32430],"class_list":{"0":"post-89048","1":"post","2":"type-post","3":"status-publish","4":"format-standard","5":"has-post-thumbnail","7":"category-cine-y-series","8":"tag-cuarta-temporada-de-stranger-things","9":"tag-grabaciones-de-la-cuarta-temporada-de-stranger-things"},"_links":{"self":[{"href":"https:\/\/www.cordobatimes.com\/showup\/wp-json\/wp\/v2\/posts\/89048","targetHints":{"allow":["GET"]}}],"collection":[{"href":"https:\/\/www.cordobatimes.com\/showup\/wp-json\/wp\/v2\/posts"}],"about":[{"href":"https:\/\/www.cordobatimes.com\/showup\/wp-json\/wp\/v2\/types\/post"}],"author":[{"embeddable":true,"href":"https:\/\/www.cordobatimes.com\/showup\/wp-json\/wp\/v2\/users\/1"}],"replies":[{"embeddable":true,"href":"https:\/\/www.cordobatimes.com\/showup\/wp-json\/wp\/v2\/comments?post=89048"}],"version-history":[{"count":0,"href":"https:\/\/www.cordobatimes.com\/showup\/wp-json\/wp\/v2\/posts\/89048\/revisions"}],"wp:featuredmedia":[{"embeddable":true,"href":"https:\/\/www.cordobatimes.com\/showup\/wp-json\/wp\/v2\/media\/89049"}],"wp:attachment":[{"href":"https:\/\/www.cordobatimes.com\/showup\/wp-json\/wp\/v2\/media?parent=89048"}],"wp:term":[{"taxonomy":"category","embeddable":true,"href":"https:\/\/www.cordobatimes.com\/showup\/wp-json\/wp\/v2\/categories?post=89048"},{"taxonomy":"post_tag","embeddable":true,"href":"https:\/\/www.cordobatimes.com\/showup\/wp-json\/wp\/v2\/tags?post=89048"}],"curies":[{"name":"wp","href":"https:\/\/api.w.org\/{rel}","templated":true}]}}