{"id":88971,"date":"2020-09-18T21:04:51","date_gmt":"2020-09-19T00:04:51","guid":{"rendered":"https:\/\/www.cordobatimes.com\/showup\/?p=88971"},"modified":"2020-09-18T21:04:51","modified_gmt":"2020-09-19T00:04:51","slug":"crimenes-de-familia-la-pelicula-que-representara-a-la-argentina-en-los-premios-goya","status":"publish","type":"post","link":"https:\/\/www.cordobatimes.com\/showup\/cine-y-series\/2020\/09\/18\/crimenes-de-familia-la-pelicula-que-representara-a-la-argentina-en-los-premios-goya\/","title":{"rendered":"Cr\u00edmenes de familia: La pel\u00edcula que representar\u00e1 a la Argentina en los Premios Goya"},"content":{"rendered":"<h3><strong>Protagonizada por\u00a0Cecilia Roth, Miguel \u00c1ngel Sol\u00e1\u00a0y\u00a0Benjam\u00edn Amadeo, buscar\u00e1 ser la mejor Iberoamericana.<\/strong><\/h3>\n<p>Cr\u00edmenes de familia, de\u00a0Sebasti\u00e1n Schindel, ser\u00e1 el filme que representar\u00e1 al pa\u00eds para disputar la categor\u00eda de Mejor Pel\u00edcula Iberoamericana en los\u00a0Premios Goya\u00a0de Espa\u00f1a, que tendr\u00e1 lugar el 6 de marzo, inform\u00f3 hoy la Academia de las Artes y Ciencias Cinematogr\u00e1ficas de la Argentina.<\/p>\n<p>Estrenada a mediados de agosto a trav\u00e9s de\u00a0Netflix, Cine.ar\u00a0y\u00a0Cine.ar Play, la pel\u00edcula protagonizada por\u00a0Cecilia Roth,\u00a0Miguel \u00c1ngel Sol\u00e1\u00a0y\u00a0Benjam\u00edn Amadeo\u00a0es la nueva propuesta del director de\u00a0El patr\u00f3n\u00a0y\u00a0El hijo.<\/p>\n<p>Sigue a Alicia (Roth) una madre desesperada que har\u00e1 lo imposible para evitar que su hijo Daniel (Amadeo) sea condenado por el intento de homicidio de su exesposa, Marcela (Sof\u00eda Gala Castiglione).<\/p>\n<p>En medio de todo el proceso, Gladys (Yanina \u00c1vila), la empleada dom\u00e9stica de Alicia, es tambi\u00e9n acusada de un homicidio que terminar\u00e1 por sacudir por completo a la familia.<\/p>\n<p>Con respecto a cu\u00e1l ser\u00e1 la candidata argentina para los Oscar, que suele informarse en la misma fecha que los Goya, desde la Academia informaron a\u00a0T\u00e9lam\u00a0que la votaci\u00f3n de los miembros de la instituci\u00f3n sigue abierta debido a los cambios en Hollywood por la pandemia.<\/p>\n<p>La candidata se dar\u00e1 a conocer, en principio, en diciembre pr\u00f3ximo.<\/p>\n<p><iframe loading=\"lazy\" src=\"https:\/\/www.youtube.com\/embed\/jlS78f4XcSY\" width=\"560\" height=\"315\" frameborder=\"0\" allowfullscreen=\"allowfullscreen\"><\/iframe><\/p>\n","protected":false},"excerpt":{"rendered":"<p>Protagonizada por\u00a0Cecilia Roth, Miguel \u00c1ngel Sol\u00e1\u00a0y\u00a0Benjam\u00edn Amadeo, buscar\u00e1 ser la mejor Iberoamericana. Cr\u00edmenes de familia, de\u00a0Sebasti\u00e1n Schindel, ser\u00e1 el filme que representar\u00e1 al pa\u00eds para disputar la categor\u00eda de Mejor Pel\u00edcula Iberoamericana en los\u00a0Premios Goya\u00a0de Espa\u00f1a, que tendr\u00e1 lugar el 6 de marzo, inform\u00f3 hoy la Academia de las Artes y Ciencias Cinematogr\u00e1ficas de la [&hellip;]<\/p>\n","protected":false},"author":1,"featured_media":88973,"comment_status":"closed","ping_status":"closed","sticky":false,"template":"","format":"standard","meta":{"_seopress_robots_primary_cat":"","_seopress_titles_title":"","_seopress_titles_desc":"","_seopress_robots_index":"","footnotes":""},"categories":[3],"tags":[32405,32404],"class_list":{"0":"post-88971","1":"post","2":"type-post","3":"status-publish","4":"format-standard","5":"has-post-thumbnail","7":"category-cine-y-series","8":"tag-crimenes-de-familia-mejor-pelicula-iberoamericana-en-los-premios-goya","9":"tag-crimenes-de-familia-premios-goya"},"_links":{"self":[{"href":"https:\/\/www.cordobatimes.com\/showup\/wp-json\/wp\/v2\/posts\/88971","targetHints":{"allow":["GET"]}}],"collection":[{"href":"https:\/\/www.cordobatimes.com\/showup\/wp-json\/wp\/v2\/posts"}],"about":[{"href":"https:\/\/www.cordobatimes.com\/showup\/wp-json\/wp\/v2\/types\/post"}],"author":[{"embeddable":true,"href":"https:\/\/www.cordobatimes.com\/showup\/wp-json\/wp\/v2\/users\/1"}],"replies":[{"embeddable":true,"href":"https:\/\/www.cordobatimes.com\/showup\/wp-json\/wp\/v2\/comments?post=88971"}],"version-history":[{"count":0,"href":"https:\/\/www.cordobatimes.com\/showup\/wp-json\/wp\/v2\/posts\/88971\/revisions"}],"wp:featuredmedia":[{"embeddable":true,"href":"https:\/\/www.cordobatimes.com\/showup\/wp-json\/wp\/v2\/media\/88973"}],"wp:attachment":[{"href":"https:\/\/www.cordobatimes.com\/showup\/wp-json\/wp\/v2\/media?parent=88971"}],"wp:term":[{"taxonomy":"category","embeddable":true,"href":"https:\/\/www.cordobatimes.com\/showup\/wp-json\/wp\/v2\/categories?post=88971"},{"taxonomy":"post_tag","embeddable":true,"href":"https:\/\/www.cordobatimes.com\/showup\/wp-json\/wp\/v2\/tags?post=88971"}],"curies":[{"name":"wp","href":"https:\/\/api.w.org\/{rel}","templated":true}]}}