{"id":88962,"date":"2020-09-18T12:17:04","date_gmt":"2020-09-18T15:17:04","guid":{"rendered":"https:\/\/www.cordobatimes.com\/showup\/?p=88962"},"modified":"2020-09-18T12:17:04","modified_gmt":"2020-09-18T15:17:04","slug":"subete-a-mi-motola-serie-que-contara-los-secretos-de-menudo-la-primera-banda-de-ricky-martin","status":"publish","type":"post","link":"https:\/\/www.cordobatimes.com\/showup\/cine-y-series\/2020\/09\/18\/subete-a-mi-motola-serie-que-contara-los-secretos-de-menudo-la-primera-banda-de-ricky-martin\/","title":{"rendered":"\u201cS\u00fabete a mi moto\u201d,la serie que contar\u00e1 los secretos de Menudo, la primera banda de Ricky Martin"},"content":{"rendered":"<h3><strong>La producci\u00f3n sobre la gran banda juvenil de los 80, tendr\u00e1 15 cap\u00edtulos y se estrenar\u00e1 el pr\u00f3ximo 9 de octubre.<\/strong><\/h3>\n<p>\u201cAquellos que solo quieran ver la leyenda negra de Menudo, que lo hagan. Pero cr\u00e9eme que lo malo fue mucho menos que lo bueno, y lo bueno fue \u00e9pico\u201d. As\u00ed comienza el primer trailer oficial de la serie sobre la \u201cboy band\u201d m\u00e1s exitosa y popular de nuestro continente, que llegar\u00e1 a Amazon Prime video el 9 de octubre.<\/p>\n<p>El t\u00edtulo de esta producci\u00f3n es\u00a0\u201cS\u00fabete a mi moto\u201d, nombre de la canci\u00f3n m\u00e1s exitosa de la banda. A lo largo de 15 episodios conoceremos el origen y el surgimiento del grupo que vio nacer a Ricky Martin. Pero Menudo fue mucho m\u00e1s que eso, porque desde sus inicios, all\u00e1 por 1977, logr\u00f3 cautivar a un p\u00fablico juvenil como no lo hab\u00eda hecho antes otra agrupaci\u00f3n similar. El hombre que estuvo detr\u00e1s de este fen\u00f3meno:\u00a0Edgardo D\u00edaz. \u00c9l fue el encargado de crear las bases de referencia para todas las bandas de adolescentes que surgieron m\u00e1s adelante.\u00a0\u201cYo me jugu\u00e9 todo por Menudo\u201d, afirma el actor que lo interpreta en esta ficci\u00f3n.<\/p>\n<p>Menudo fue cambiando a sus integrantes a lo largo de su vigencia hasta 2009. Se calcula que 39 cantantes formaron parte de esta banda hasta su disoluci\u00f3n. En el inicio estuvieron los hermanos\u00a0Fernando y Nefty Sallaberry Valls y Carlos, \u00d3scar y Ricky Mel\u00e9ndez\u00a0(tambi\u00e9n hermanos entre s\u00ed). Algunos de los \u00e9xitos m\u00e1s recordados de la banda son\u00a0\u201cQuiero ser\u201d, \u201cRock en la TV\u201d, \u201cClaridad\u201d, \u201cMi banda toca rock\u201d\u00a0y por supuesto el cl\u00e1sico\u00a0\u201cS\u00fabete a mi moto\u201d.<\/p>\n<p>La banda fue un boom en todo el continente: llenaban los estadios donde se presentaban, eran una m\u00e1quina de hacer \u00e9xitos y, por supuesto, generaban mucho dinero. Mientras tanto, ajenos a cualquier descalabro, los fan\u00e1ticos adolescentes ten\u00edan los p\u00f3sters de la banda colgados en sus cuartos y compraban todos los discos de que salieran de Menudo.<\/p>\n<p>La historia se inicia en el peque\u00f1o poblado de Caguas, en Puerto Rico, para luego trasladarse a M\u00e9xico. El surgimiento de\u00a0Enrique Martin Morales, conocido como\u00a0Ricky Martin, que reci\u00e9n se uni\u00f3 a la banda en 1984, es uno de los episodios m\u00e1s esperados. El peque\u00f1o de apenas 12 a\u00f1os se uni\u00f3 la banda en reemplazo a Ricky Mel\u00e9ndez.<\/p>\n<p>En 1989, Martin abandona Menudo y comienza su carrera como solista, aunque eso formar\u00e1 parte seguramente de otra serie a futuro. En la ficci\u00f3n, Ricky estar\u00e1 interpretado por dos actores: en su ni\u00f1ez quien se ponga su traje ser\u00e1 por el peque\u00f1o\u00a0Ethan Schwartz\u00a0y en la adolescencia,\u00a0Felipe Albors.<\/p>\n<p>Con episodios de 60 minutos, el elenco de\u00a0S\u00fabete a mi moto\u00a0lo componen adem\u00e1s\u00a0Yamil Ure\u00f1a\u00a0y\u00a0Braulio Castillo\u00a0como\u00a0Edgardo D\u00edaz,\u00a0Sian Chiong\u00a0como\u00a0Joselo Vega,\u00a0Marisol Calero\u00a0como\u00a0Do\u00f1a Panchi,\u00a0Josette Vidal\u00a0como\u00a0Julieta Torres, y\u00a0Roc\u00edo Verdejo\u00a0como\u00a0Renata Torres. Los cantante ser\u00e1n interpretados en las diversas etapas por:\u00a0Marcelo Ota\u00f1o\u00a0y\u00a0Eugenio Rivera\u00a0(Ricky Mel\u00e9ndez),\u00a0Samu Jove\u00a0(Xavier Serbia),\u00a0Gustavo Rosas\u00a0(Sergio Blass),\u00a0Alejandro Berm\u00fadez\u00a0(Rene Farrait),\u00a0Leonel Otero\u00a0(Johnny Lozada) y\u00a0Mauro Hern\u00e1ndez\u00a0(Miguel Cancel), entre otros.<\/p>\n<p>Hasta ahora se sabe muy poco sobre lo que contar\u00e1 la serie sobre el grupo, cuyos integrantes sufrieron bullying y acoso sexual. Tal como se hizo con la producci\u00f3n de Netflix sobre Luis Miguel, esta historia intentar\u00e1 atrapar a ese mismo p\u00fablico \u00e1vido de conocer la historia de sus \u00eddolos musicales.<\/p>\n<p>Esta no es la primera ficci\u00f3n que llega de este grupo ya que en la d\u00e9cada de m\u00e1s auge de la banda (los 80) pudimos ver dos films:\u00a0Menudo la pel\u00edcula\u00a0y\u00a0Una aventura llamada Menudo. Ambas fueron actuadas por miembros de la banda, pero no relatan la historia de su surgimiento.<\/p>\n<p>Cabe destacar que el \u00e9xito del grupo en la Argentina no fue solo musical, sino que tambi\u00e9n se traslado a la televisi\u00f3n, con la serie juvenil\u00a0Por siempre amigos, que se emiti\u00f3 en 1987 en Canal 11 y en la que participaron miembros de la band, como Ricky Martin y Robby \u201cDraco\u201d Rosa junto a\u00a0Adrian Suar, Pablo Rago, Cristina Lemecier, Mercedes Mor\u00e1n\u00a0y\u00a0Silvestre, entre otros.<\/p>\n<p>En la ficci\u00f3n los chicos de \u201cMenudo\u201d y los argentinos asist\u00edan juntos a un mismo colegio e iban viviendo diferentes situaciones entre ellos dentro del aula. Una cl\u00e1sica telenovela para adolescentes que tuvo un gran recibimiento en Argentina y se llev\u00f3 a cabo en plena popularidad de la banda. Los a\u00f1os 90 recibir\u00edan con los brazos abiertos a Ricky Martin en su carrera como solista, el ex chico Menudo. Pero eso es otra historia.<\/p>\n<p>Por ahora s\u00f3lo nos queda ir escuchando de nuevo los temas de la banda mientras aguardamos su estreno en los primeros d\u00edas de octubre.<\/p>\n<p><iframe loading=\"lazy\" width=\"560\" height=\"315\" src=\"https:\/\/www.youtube.com\/embed\/bUgPSfp9ljM\" frameborder=\"0\" allow=\"accelerometer; autoplay; clipboard-write; encrypted-media; gyroscope; picture-in-picture\" allowfullscreen><\/iframe><\/p>\n<p><iframe loading=\"lazy\" width=\"560\" height=\"315\" src=\"https:\/\/www.youtube.com\/embed\/4njGBsn6XB4\" frameborder=\"0\" allow=\"accelerometer; autoplay; clipboard-write; encrypted-media; gyroscope; picture-in-picture\" allowfullscreen><\/iframe><\/p>\n","protected":false},"excerpt":{"rendered":"<p>La producci\u00f3n sobre la gran banda juvenil de los 80, tendr\u00e1 15 cap\u00edtulos y se estrenar\u00e1 el pr\u00f3ximo 9 de octubre. \u201cAquellos que solo quieran ver la leyenda negra de Menudo, que lo hagan. Pero cr\u00e9eme que lo malo fue mucho menos que lo bueno, y lo bueno fue \u00e9pico\u201d. As\u00ed comienza el primer trailer [&hellip;]<\/p>\n","protected":false},"author":1,"featured_media":88963,"comment_status":"closed","ping_status":"closed","sticky":false,"template":"","format":"standard","meta":{"_seopress_robots_primary_cat":"","_seopress_titles_title":"","_seopress_titles_desc":"","_seopress_robots_index":"","footnotes":""},"categories":[3],"tags":[32399,32398],"class_list":{"0":"post-88962","1":"post","2":"type-post","3":"status-publish","4":"format-standard","5":"has-post-thumbnail","7":"category-cine-y-series","8":"tag-menudo-subete-a-mi-moto","9":"tag-subete-a-mi-moto-serie-de-munudo"},"_links":{"self":[{"href":"https:\/\/www.cordobatimes.com\/showup\/wp-json\/wp\/v2\/posts\/88962","targetHints":{"allow":["GET"]}}],"collection":[{"href":"https:\/\/www.cordobatimes.com\/showup\/wp-json\/wp\/v2\/posts"}],"about":[{"href":"https:\/\/www.cordobatimes.com\/showup\/wp-json\/wp\/v2\/types\/post"}],"author":[{"embeddable":true,"href":"https:\/\/www.cordobatimes.com\/showup\/wp-json\/wp\/v2\/users\/1"}],"replies":[{"embeddable":true,"href":"https:\/\/www.cordobatimes.com\/showup\/wp-json\/wp\/v2\/comments?post=88962"}],"version-history":[{"count":0,"href":"https:\/\/www.cordobatimes.com\/showup\/wp-json\/wp\/v2\/posts\/88962\/revisions"}],"wp:featuredmedia":[{"embeddable":true,"href":"https:\/\/www.cordobatimes.com\/showup\/wp-json\/wp\/v2\/media\/88963"}],"wp:attachment":[{"href":"https:\/\/www.cordobatimes.com\/showup\/wp-json\/wp\/v2\/media?parent=88962"}],"wp:term":[{"taxonomy":"category","embeddable":true,"href":"https:\/\/www.cordobatimes.com\/showup\/wp-json\/wp\/v2\/categories?post=88962"},{"taxonomy":"post_tag","embeddable":true,"href":"https:\/\/www.cordobatimes.com\/showup\/wp-json\/wp\/v2\/tags?post=88962"}],"curies":[{"name":"wp","href":"https:\/\/api.w.org\/{rel}","templated":true}]}}