{"id":88928,"date":"2020-09-16T12:51:02","date_gmt":"2020-09-16T15:51:02","guid":{"rendered":"https:\/\/www.cordobatimes.com\/showup\/?p=88928"},"modified":"2020-09-16T12:51:02","modified_gmt":"2020-09-16T15:51:02","slug":"new-york-fashion-week-2020-las-tendencias-que-se-vienen-en-esta-primavera-verano-2021","status":"publish","type":"post","link":"https:\/\/www.cordobatimes.com\/showup\/moda-y-estilos\/2020\/09\/16\/new-york-fashion-week-2020-las-tendencias-que-se-vienen-en-esta-primavera-verano-2021\/","title":{"rendered":"New York Fashion Week 2020: Las tendencias que se vienen en esta primavera-verano 2021"},"content":{"rendered":"<h3><strong>La New York Fashion Week presenta sus propuestas para la pr\u00f3xima temporada.<\/strong><\/h3>\n<p>Con algunos cambios importantes,\u00a0la Semana de la Moda de Nueva York\u00a0ha comenzado a mostrar sus propuestas para la\u00a0temporada de Primavera-Verano de 2021. Debido a la pandemia mundial por coronavirus,\u00a0la pasarela neoyorkina ha eliminado los shows\u00a0en vivo y a gran escala. En su lugar, la mayor\u00eda de los dise\u00f1adores han apostado por\u00a0formatos h\u00edbridos para mostrar sus propuestas. Formatos que incluyen transmisiones en vivo, videos, libros de im\u00e1genes y otras propuestas\u00a0digitales. Otro gran cambio de esta temporada ser\u00e1 la duraci\u00f3n de los shows, que\u00a0se comprimen en cuatro d\u00edas\u00a0en comparaci\u00f3n con los seis de las pasadas ediciones.<\/p>\n<p>La Semana de la Moda de Nueva York comenz\u00f3\u00a0 el 13 de septiembre y se prolongar\u00e1 hasta este mi\u00e9rcoles 16 . El encargado de inaugurar la misma fue Jason Wu, quien mostr\u00f3 su colecci\u00f3n de Primavera\/Verano 2021 durante un desfile en directo desde la terraza de la prestigiosa empresa de eventos &#8216;Spring Studios&#8217; para una audiencia limitada. terminar\u00e1 la Semana de la moda de Nueva York Tom Ford, que mostrar\u00e1 su colecci\u00f3n a trav\u00e9s de un formato h\u00edbrido con fotos.<\/p>\n<p>A pesar\u00a0 de las circunstancias, durante\u00a0la Semana de la Moda de Nueva York veremos desfilar a los siguientes dise\u00f1adores:\u00a0Alice + Olivia, Anna Sui,\u00a0Carolina Herrera, Chromat, Christian Siriano, Cinq \u00e0 Sept, Claudia Li, Dennis Basso, Eckhaus Latta, Jason Wu, Jonathan Simkhai,\u00a0Marchesa\u00a0y Marchesa Notte, Naeem Khan, Nicole Miller,\u00a0Rebecca Minkoff,\u00a0Tanya Taylor, Theory, Tom Ford, Veronica Beard y Zero + Maria Cornejo, entre otros.<\/p>\n<p>Algunas de las firmas que han decidido no participar en la Semana de la Moda de Nueva York son\u00a0Ralph Lauren, Tommy Hilfiger, Michael Kors,\u00a0Marc Jacobs, Gabriela Hearst,\u00a0Oscar de la Renta, Proenza Schouler, Tory Burch y Prabal Gurung.<\/p>\n<p>Muchos de estos dise\u00f1adores se han decidido por shows alternativos para sus colecciones.\u00a0Michael Kors presentar\u00e1 su colecci\u00f3n el 15 de octubre en una experiencia digital multimedia\u00a0transmitida en redes sociales\u00a0y plataformas digitales;\u00a0Prabal Gurung mostrar\u00e1 su colecci\u00f3n en privado a compradores, prensa y seguidores de la marca y Proenza Schouler lanzar\u00e1 una campa\u00f1a para su propuesta de primavera-verano 2021 a mediados o finales de octubre.<\/p>\n<h3>\u00a0<strong>Anna Sui p\/v 2021<\/strong><\/h3>\n<p>La colecci\u00f3n Heartland de Anna Sui para la primavera-verano 2021 est\u00e1 llena de toda la ropa que necesitamos ahora: piezas c\u00f3modas, de fabricaci\u00f3n local y vers\u00e1tiles; vestidos fluidos inspirados en delantales, camperas acolchadas, pantalones cortos, vestidos largos tipo neglig\u00e9e, sombreros de pescador y buzos adornados que se pueden usar en casa.<\/p>\n<p><img alt=\"\" loading=\"lazy\" decoding=\"async\" class=\"alignnone wp-image-88930 size-full\" src=\"https:\/\/www.cordobatimes.com\/showup\/wp-content\/uploads\/2020\/09\/anna-sui-pv-2021_67572303_900x1200.jpg\" alt=\"\" width=\"900\" height=\"1200\" srcset=\"https:\/\/www.cordobatimes.com\/showup\/wp-content\/uploads\/2020\/09\/anna-sui-pv-2021_67572303_900x1200.jpg 900w, https:\/\/www.cordobatimes.com\/showup\/wp-content\/uploads\/2020\/09\/anna-sui-pv-2021_67572303_900x1200-315x420.jpg 315w, https:\/\/www.cordobatimes.com\/showup\/wp-content\/uploads\/2020\/09\/anna-sui-pv-2021_67572303_900x1200-768x1024.jpg 768w, https:\/\/www.cordobatimes.com\/showup\/wp-content\/uploads\/2020\/09\/anna-sui-pv-2021_67572303_900x1200-696x928.jpg 696w\" sizes=\"auto, (max-width: 900px) 100vw, 900px\" \/><\/p>\n<p>&nbsp;<\/p>\n<p><img alt=\"\" loading=\"lazy\" decoding=\"async\" class=\"alignnone wp-image-88931 size-full\" src=\"https:\/\/www.cordobatimes.com\/showup\/wp-content\/uploads\/2020\/09\/anna-sui-pv-2021_6c13e2bf_900x1200.jpg\" alt=\"\" width=\"900\" height=\"1200\" srcset=\"https:\/\/www.cordobatimes.com\/showup\/wp-content\/uploads\/2020\/09\/anna-sui-pv-2021_6c13e2bf_900x1200.jpg 900w, https:\/\/www.cordobatimes.com\/showup\/wp-content\/uploads\/2020\/09\/anna-sui-pv-2021_6c13e2bf_900x1200-315x420.jpg 315w, https:\/\/www.cordobatimes.com\/showup\/wp-content\/uploads\/2020\/09\/anna-sui-pv-2021_6c13e2bf_900x1200-768x1024.jpg 768w, https:\/\/www.cordobatimes.com\/showup\/wp-content\/uploads\/2020\/09\/anna-sui-pv-2021_6c13e2bf_900x1200-696x928.jpg 696w\" sizes=\"auto, (max-width: 900px) 100vw, 900px\" \/><\/p>\n<p><img alt=\"\" loading=\"lazy\" decoding=\"async\" class=\"alignnone wp-image-88932 size-full\" src=\"https:\/\/www.cordobatimes.com\/showup\/wp-content\/uploads\/2020\/09\/anna-sui-pv-2021_0c17bce5_900x1200.jpg\" alt=\"\" width=\"900\" height=\"1200\" srcset=\"https:\/\/www.cordobatimes.com\/showup\/wp-content\/uploads\/2020\/09\/anna-sui-pv-2021_0c17bce5_900x1200.jpg 900w, https:\/\/www.cordobatimes.com\/showup\/wp-content\/uploads\/2020\/09\/anna-sui-pv-2021_0c17bce5_900x1200-315x420.jpg 315w, https:\/\/www.cordobatimes.com\/showup\/wp-content\/uploads\/2020\/09\/anna-sui-pv-2021_0c17bce5_900x1200-768x1024.jpg 768w, https:\/\/www.cordobatimes.com\/showup\/wp-content\/uploads\/2020\/09\/anna-sui-pv-2021_0c17bce5_900x1200-696x928.jpg 696w\" sizes=\"auto, (max-width: 900px) 100vw, 900px\" \/><\/p>\n<p>&nbsp;<\/p>\n<h3><strong>Naeem Khan p\/v 2021<\/strong><\/h3>\n<p>Naeem lanz\u00f3 la primera colecci\u00f3n\u00a0de su marca en 2003. Desde entonces ha vestido a mujeres glamourosas de todo el mundo, como Beyonc\u00e9, Jennifer Lopez, Taylor Swift, Rachel McAdams, la ex primera dama Michelle Obama,\u00a0la reina Noor de Jordania o Kate Middleton<\/p>\n<p>Nacido y criado en Mumbai, Naeem aprendi\u00f3 el arte del bordado de su padre y su abuelo, que dise\u00f1aban\u00a0outfits\u00a0de ensue\u00f1o para las familias nobles indias. Sus vestidos de gala nacen de la conexi\u00f3n de esa herencia con\u00a0la alta costura en el taller del\u00a0legendario dise\u00f1ador estadounidense Halston, donde aprendi\u00f3 el oficio de drapear y cortar telas para crear. una silueta limpia, elegante y atemporal.<\/p>\n<p><img alt=\"\" loading=\"lazy\" decoding=\"async\" class=\"alignnone wp-image-88929 size-full\" src=\"https:\/\/www.cordobatimes.com\/showup\/wp-content\/uploads\/2020\/09\/New-York-Fashion-Week-2020-Las-tendencias-que-se-vienen-en-esta-primavera-verano-2021.jpg\" alt=\"\" width=\"900\" height=\"1350\" srcset=\"https:\/\/www.cordobatimes.com\/showup\/wp-content\/uploads\/2020\/09\/New-York-Fashion-Week-2020-Las-tendencias-que-se-vienen-en-esta-primavera-verano-2021.jpg 900w, https:\/\/www.cordobatimes.com\/showup\/wp-content\/uploads\/2020\/09\/New-York-Fashion-Week-2020-Las-tendencias-que-se-vienen-en-esta-primavera-verano-2021-280x420.jpg 280w, https:\/\/www.cordobatimes.com\/showup\/wp-content\/uploads\/2020\/09\/New-York-Fashion-Week-2020-Las-tendencias-que-se-vienen-en-esta-primavera-verano-2021-683x1024.jpg 683w, https:\/\/www.cordobatimes.com\/showup\/wp-content\/uploads\/2020\/09\/New-York-Fashion-Week-2020-Las-tendencias-que-se-vienen-en-esta-primavera-verano-2021-768x1152.jpg 768w, https:\/\/www.cordobatimes.com\/showup\/wp-content\/uploads\/2020\/09\/New-York-Fashion-Week-2020-Las-tendencias-que-se-vienen-en-esta-primavera-verano-2021-696x1044.jpg 696w\" sizes=\"auto, (max-width: 900px) 100vw, 900px\" \/><\/p>\n<p><img alt=\"\" loading=\"lazy\" decoding=\"async\" class=\"alignnone wp-image-88933 size-full\" src=\"https:\/\/www.cordobatimes.com\/showup\/wp-content\/uploads\/2020\/09\/naeem-khan-pv-2021_81f9a169_900x1350.jpg\" alt=\"\" width=\"900\" height=\"1350\" srcset=\"https:\/\/www.cordobatimes.com\/showup\/wp-content\/uploads\/2020\/09\/naeem-khan-pv-2021_81f9a169_900x1350.jpg 900w, https:\/\/www.cordobatimes.com\/showup\/wp-content\/uploads\/2020\/09\/naeem-khan-pv-2021_81f9a169_900x1350-280x420.jpg 280w, https:\/\/www.cordobatimes.com\/showup\/wp-content\/uploads\/2020\/09\/naeem-khan-pv-2021_81f9a169_900x1350-683x1024.jpg 683w, https:\/\/www.cordobatimes.com\/showup\/wp-content\/uploads\/2020\/09\/naeem-khan-pv-2021_81f9a169_900x1350-768x1152.jpg 768w, https:\/\/www.cordobatimes.com\/showup\/wp-content\/uploads\/2020\/09\/naeem-khan-pv-2021_81f9a169_900x1350-696x1044.jpg 696w\" sizes=\"auto, (max-width: 900px) 100vw, 900px\" \/> <img alt=\"\" loading=\"lazy\" decoding=\"async\" class=\"alignnone wp-image-88934 size-full\" src=\"https:\/\/www.cordobatimes.com\/showup\/wp-content\/uploads\/2020\/09\/naeem-khan-pv-2021_ae8472c4_900x1350.jpg\" alt=\"\" width=\"900\" height=\"1350\" srcset=\"https:\/\/www.cordobatimes.com\/showup\/wp-content\/uploads\/2020\/09\/naeem-khan-pv-2021_ae8472c4_900x1350.jpg 900w, https:\/\/www.cordobatimes.com\/showup\/wp-content\/uploads\/2020\/09\/naeem-khan-pv-2021_ae8472c4_900x1350-280x420.jpg 280w, https:\/\/www.cordobatimes.com\/showup\/wp-content\/uploads\/2020\/09\/naeem-khan-pv-2021_ae8472c4_900x1350-683x1024.jpg 683w, https:\/\/www.cordobatimes.com\/showup\/wp-content\/uploads\/2020\/09\/naeem-khan-pv-2021_ae8472c4_900x1350-768x1152.jpg 768w, https:\/\/www.cordobatimes.com\/showup\/wp-content\/uploads\/2020\/09\/naeem-khan-pv-2021_ae8472c4_900x1350-696x1044.jpg 696w\" sizes=\"auto, (max-width: 900px) 100vw, 900px\" \/><\/p>\n<p>&nbsp;<\/p>\n<h3>\u00a0<strong>Marchesa p\/v 2021<\/strong><\/h3>\n<p>Es una de las firmas preferidas de alfombra roja y de cara al verano que viene sue\u00f1a con un glamour\u00a0tropical que combina el color de la palma y el verde azulado vibrante, el aguamarina y la menta\u00a0con tonos joya en rosa intenso, magenta y fucsia.<\/p>\n<p><img alt=\"\" loading=\"lazy\" decoding=\"async\" class=\"alignnone wp-image-88935 size-full\" src=\"https:\/\/www.cordobatimes.com\/showup\/wp-content\/uploads\/2020\/09\/marchesa-3_64badd38_900x1350.jpg\" alt=\"\" width=\"900\" height=\"1350\" srcset=\"https:\/\/www.cordobatimes.com\/showup\/wp-content\/uploads\/2020\/09\/marchesa-3_64badd38_900x1350.jpg 900w, https:\/\/www.cordobatimes.com\/showup\/wp-content\/uploads\/2020\/09\/marchesa-3_64badd38_900x1350-280x420.jpg 280w, https:\/\/www.cordobatimes.com\/showup\/wp-content\/uploads\/2020\/09\/marchesa-3_64badd38_900x1350-683x1024.jpg 683w, https:\/\/www.cordobatimes.com\/showup\/wp-content\/uploads\/2020\/09\/marchesa-3_64badd38_900x1350-768x1152.jpg 768w, https:\/\/www.cordobatimes.com\/showup\/wp-content\/uploads\/2020\/09\/marchesa-3_64badd38_900x1350-696x1044.jpg 696w\" sizes=\"auto, (max-width: 900px) 100vw, 900px\" \/> <img alt=\"\" loading=\"lazy\" decoding=\"async\" class=\"alignnone wp-image-88936 size-full\" src=\"https:\/\/www.cordobatimes.com\/showup\/wp-content\/uploads\/2020\/09\/marchesa-2_2e20a6f3_900x1350.jpg\" alt=\"\" width=\"900\" height=\"1350\" srcset=\"https:\/\/www.cordobatimes.com\/showup\/wp-content\/uploads\/2020\/09\/marchesa-2_2e20a6f3_900x1350.jpg 900w, https:\/\/www.cordobatimes.com\/showup\/wp-content\/uploads\/2020\/09\/marchesa-2_2e20a6f3_900x1350-280x420.jpg 280w, https:\/\/www.cordobatimes.com\/showup\/wp-content\/uploads\/2020\/09\/marchesa-2_2e20a6f3_900x1350-683x1024.jpg 683w, https:\/\/www.cordobatimes.com\/showup\/wp-content\/uploads\/2020\/09\/marchesa-2_2e20a6f3_900x1350-768x1152.jpg 768w, https:\/\/www.cordobatimes.com\/showup\/wp-content\/uploads\/2020\/09\/marchesa-2_2e20a6f3_900x1350-696x1044.jpg 696w\" sizes=\"auto, (max-width: 900px) 100vw, 900px\" \/> <img alt=\"\" loading=\"lazy\" decoding=\"async\" class=\"alignnone wp-image-88937 size-full\" src=\"https:\/\/www.cordobatimes.com\/showup\/wp-content\/uploads\/2020\/09\/marchesa-1-1_ec0bf0d0_900x1350.jpg\" alt=\"\" width=\"900\" height=\"1350\" srcset=\"https:\/\/www.cordobatimes.com\/showup\/wp-content\/uploads\/2020\/09\/marchesa-1-1_ec0bf0d0_900x1350.jpg 900w, https:\/\/www.cordobatimes.com\/showup\/wp-content\/uploads\/2020\/09\/marchesa-1-1_ec0bf0d0_900x1350-280x420.jpg 280w, https:\/\/www.cordobatimes.com\/showup\/wp-content\/uploads\/2020\/09\/marchesa-1-1_ec0bf0d0_900x1350-683x1024.jpg 683w, https:\/\/www.cordobatimes.com\/showup\/wp-content\/uploads\/2020\/09\/marchesa-1-1_ec0bf0d0_900x1350-768x1152.jpg 768w, https:\/\/www.cordobatimes.com\/showup\/wp-content\/uploads\/2020\/09\/marchesa-1-1_ec0bf0d0_900x1350-696x1044.jpg 696w\" sizes=\"auto, (max-width: 900px) 100vw, 900px\" \/><\/p>\n<p>&nbsp;<\/p>\n<h3><strong>Vince P\/V 2021<\/strong><\/h3>\n<p>Para el 2021, Vince ha querido apostar por prendas mucho m\u00e1s ligeras y sueltas que en temporadas pasadas. En esta ocasi\u00f3n no hay nada de encaje ni siluetas muy fruncidas.<\/p>\n<p>En cuanto a la paleta de colores, destacan los tonos pastel como el verde combinado con colores tierra y crudos.<\/p>\n<p>El traje se convierte en una de las piezas m\u00e1s destacadas de la colecci\u00f3n de Vince, tanto con bermudas -que han sido tendencia en 2020-, como con pantalones largos. Tambi\u00e9n destaca el calzado, donde volvemos a ver la apuesta por las sandalias de tiras cruzadas que tanto han inundado el street style este verano.<\/p>\n<p><img alt=\"\" loading=\"lazy\" decoding=\"async\" class=\"alignnone wp-image-88938 size-full\" src=\"https:\/\/www.cordobatimes.com\/showup\/wp-content\/uploads\/2020\/09\/vince-pv-2021_6441e789_866x1299.jpg\" alt=\"\" width=\"866\" height=\"1299\" srcset=\"https:\/\/www.cordobatimes.com\/showup\/wp-content\/uploads\/2020\/09\/vince-pv-2021_6441e789_866x1299.jpg 866w, https:\/\/www.cordobatimes.com\/showup\/wp-content\/uploads\/2020\/09\/vince-pv-2021_6441e789_866x1299-280x420.jpg 280w, https:\/\/www.cordobatimes.com\/showup\/wp-content\/uploads\/2020\/09\/vince-pv-2021_6441e789_866x1299-683x1024.jpg 683w, https:\/\/www.cordobatimes.com\/showup\/wp-content\/uploads\/2020\/09\/vince-pv-2021_6441e789_866x1299-768x1152.jpg 768w, https:\/\/www.cordobatimes.com\/showup\/wp-content\/uploads\/2020\/09\/vince-pv-2021_6441e789_866x1299-696x1044.jpg 696w\" sizes=\"auto, (max-width: 866px) 100vw, 866px\" \/> <img alt=\"\" loading=\"lazy\" decoding=\"async\" class=\"alignnone wp-image-88939 size-full\" src=\"https:\/\/www.cordobatimes.com\/showup\/wp-content\/uploads\/2020\/09\/vince-pv-2021_a92e4d65_866x1299.jpg\" alt=\"\" width=\"866\" height=\"1299\" srcset=\"https:\/\/www.cordobatimes.com\/showup\/wp-content\/uploads\/2020\/09\/vince-pv-2021_a92e4d65_866x1299.jpg 866w, https:\/\/www.cordobatimes.com\/showup\/wp-content\/uploads\/2020\/09\/vince-pv-2021_a92e4d65_866x1299-280x420.jpg 280w, https:\/\/www.cordobatimes.com\/showup\/wp-content\/uploads\/2020\/09\/vince-pv-2021_a92e4d65_866x1299-683x1024.jpg 683w, https:\/\/www.cordobatimes.com\/showup\/wp-content\/uploads\/2020\/09\/vince-pv-2021_a92e4d65_866x1299-768x1152.jpg 768w, https:\/\/www.cordobatimes.com\/showup\/wp-content\/uploads\/2020\/09\/vince-pv-2021_a92e4d65_866x1299-696x1044.jpg 696w\" sizes=\"auto, (max-width: 866px) 100vw, 866px\" \/> <img alt=\"\" loading=\"lazy\" decoding=\"async\" class=\"alignnone wp-image-88940 size-full\" src=\"https:\/\/www.cordobatimes.com\/showup\/wp-content\/uploads\/2020\/09\/vince-pv-2021_f6ffe7fa_866x1299.jpg\" alt=\"\" width=\"866\" height=\"1299\" srcset=\"https:\/\/www.cordobatimes.com\/showup\/wp-content\/uploads\/2020\/09\/vince-pv-2021_f6ffe7fa_866x1299.jpg 866w, https:\/\/www.cordobatimes.com\/showup\/wp-content\/uploads\/2020\/09\/vince-pv-2021_f6ffe7fa_866x1299-280x420.jpg 280w, https:\/\/www.cordobatimes.com\/showup\/wp-content\/uploads\/2020\/09\/vince-pv-2021_f6ffe7fa_866x1299-683x1024.jpg 683w, https:\/\/www.cordobatimes.com\/showup\/wp-content\/uploads\/2020\/09\/vince-pv-2021_f6ffe7fa_866x1299-768x1152.jpg 768w, https:\/\/www.cordobatimes.com\/showup\/wp-content\/uploads\/2020\/09\/vince-pv-2021_f6ffe7fa_866x1299-696x1044.jpg 696w\" sizes=\"auto, (max-width: 866px) 100vw, 866px\" \/><\/p>\n<p>&nbsp;<\/p>\n<h3>\u00a0<strong>Ulla Johnson P\/V 2021<\/strong><\/h3>\n<p>Ulla Johnson ha pisado fuerte con prendas en tonos mucho m\u00e1s suaves para la pr\u00f3xima temporada de primavera-verano 2021. En esta ocasi\u00f3n han apostado por tonos m\u00e1s neutros de lo habitual con peque\u00f1as notas de color en vestidos.<\/p>\n<p>Adem\u00e1s de los vestidos con estampados florales y toques \u00e9tnicos, han destacado prendas como las camisas llenas de volados.<\/p>\n<p><img alt=\"\" loading=\"lazy\" decoding=\"async\" class=\"alignnone wp-image-88941 size-full\" src=\"https:\/\/www.cordobatimes.com\/showup\/wp-content\/uploads\/2020\/09\/ulla-johnson-po-s21-002_1808de5d_866x1299.jpg\" alt=\"\" width=\"866\" height=\"1299\" srcset=\"https:\/\/www.cordobatimes.com\/showup\/wp-content\/uploads\/2020\/09\/ulla-johnson-po-s21-002_1808de5d_866x1299.jpg 866w, https:\/\/www.cordobatimes.com\/showup\/wp-content\/uploads\/2020\/09\/ulla-johnson-po-s21-002_1808de5d_866x1299-280x420.jpg 280w, https:\/\/www.cordobatimes.com\/showup\/wp-content\/uploads\/2020\/09\/ulla-johnson-po-s21-002_1808de5d_866x1299-683x1024.jpg 683w, https:\/\/www.cordobatimes.com\/showup\/wp-content\/uploads\/2020\/09\/ulla-johnson-po-s21-002_1808de5d_866x1299-768x1152.jpg 768w, https:\/\/www.cordobatimes.com\/showup\/wp-content\/uploads\/2020\/09\/ulla-johnson-po-s21-002_1808de5d_866x1299-696x1044.jpg 696w\" sizes=\"auto, (max-width: 866px) 100vw, 866px\" \/> <img alt=\"\" loading=\"lazy\" decoding=\"async\" class=\"alignnone wp-image-88942 size-full\" src=\"https:\/\/www.cordobatimes.com\/showup\/wp-content\/uploads\/2020\/09\/ulla-johnson-po-s21-007_90e65a90_866x1299.jpg\" alt=\"\" width=\"866\" height=\"1299\" srcset=\"https:\/\/www.cordobatimes.com\/showup\/wp-content\/uploads\/2020\/09\/ulla-johnson-po-s21-007_90e65a90_866x1299.jpg 866w, https:\/\/www.cordobatimes.com\/showup\/wp-content\/uploads\/2020\/09\/ulla-johnson-po-s21-007_90e65a90_866x1299-280x420.jpg 280w, https:\/\/www.cordobatimes.com\/showup\/wp-content\/uploads\/2020\/09\/ulla-johnson-po-s21-007_90e65a90_866x1299-683x1024.jpg 683w, https:\/\/www.cordobatimes.com\/showup\/wp-content\/uploads\/2020\/09\/ulla-johnson-po-s21-007_90e65a90_866x1299-768x1152.jpg 768w, https:\/\/www.cordobatimes.com\/showup\/wp-content\/uploads\/2020\/09\/ulla-johnson-po-s21-007_90e65a90_866x1299-696x1044.jpg 696w\" sizes=\"auto, (max-width: 866px) 100vw, 866px\" \/> <img alt=\"\" loading=\"lazy\" decoding=\"async\" class=\"alignnone wp-image-88943 size-full\" src=\"https:\/\/www.cordobatimes.com\/showup\/wp-content\/uploads\/2020\/09\/ulla-johnson-po-s21-015-2_9d178966_866x1299.jpg\" alt=\"\" width=\"866\" height=\"1299\" srcset=\"https:\/\/www.cordobatimes.com\/showup\/wp-content\/uploads\/2020\/09\/ulla-johnson-po-s21-015-2_9d178966_866x1299.jpg 866w, https:\/\/www.cordobatimes.com\/showup\/wp-content\/uploads\/2020\/09\/ulla-johnson-po-s21-015-2_9d178966_866x1299-280x420.jpg 280w, https:\/\/www.cordobatimes.com\/showup\/wp-content\/uploads\/2020\/09\/ulla-johnson-po-s21-015-2_9d178966_866x1299-683x1024.jpg 683w, https:\/\/www.cordobatimes.com\/showup\/wp-content\/uploads\/2020\/09\/ulla-johnson-po-s21-015-2_9d178966_866x1299-768x1152.jpg 768w, https:\/\/www.cordobatimes.com\/showup\/wp-content\/uploads\/2020\/09\/ulla-johnson-po-s21-015-2_9d178966_866x1299-696x1044.jpg 696w\" sizes=\"auto, (max-width: 866px) 100vw, 866px\" \/><\/p>\n<p>&nbsp;<\/p>\n<h3><strong>Rodarte P\/V 2021<\/strong><\/h3>\n<p>Sus prendas on\u00edricas, y su osado\u00a0abanico de referencias han convertido a Rodarte en uno de los grandes \u00e9xitos de la\u00a0moda americana. Y esta colecci\u00f3n no pod\u00eda ser menos: gasas, vestidos de inspiraci\u00f3n rom\u00e1ntica y delicados complementos son clave en la propuesta de la firma para la pr\u00f3xima primavera.<\/p>\n<p>Una colecci\u00f3n donde el esp\u00edritu &#8216;sporty chic&#8217; se fusiona con el romanticismo bien entendido.<\/p>\n<p><img alt=\"\" loading=\"lazy\" decoding=\"async\" class=\"alignnone wp-image-88944 size-full\" src=\"https:\/\/www.cordobatimes.com\/showup\/wp-content\/uploads\/2020\/09\/rodarte-pv-2021_5bb9d119_800x1200.jpg\" alt=\"\" width=\"800\" height=\"1200\" srcset=\"https:\/\/www.cordobatimes.com\/showup\/wp-content\/uploads\/2020\/09\/rodarte-pv-2021_5bb9d119_800x1200.jpg 800w, https:\/\/www.cordobatimes.com\/showup\/wp-content\/uploads\/2020\/09\/rodarte-pv-2021_5bb9d119_800x1200-280x420.jpg 280w, https:\/\/www.cordobatimes.com\/showup\/wp-content\/uploads\/2020\/09\/rodarte-pv-2021_5bb9d119_800x1200-683x1024.jpg 683w, https:\/\/www.cordobatimes.com\/showup\/wp-content\/uploads\/2020\/09\/rodarte-pv-2021_5bb9d119_800x1200-768x1152.jpg 768w, https:\/\/www.cordobatimes.com\/showup\/wp-content\/uploads\/2020\/09\/rodarte-pv-2021_5bb9d119_800x1200-696x1044.jpg 696w\" sizes=\"auto, (max-width: 800px) 100vw, 800px\" \/> <img alt=\"\" loading=\"lazy\" decoding=\"async\" class=\"alignnone wp-image-88945 size-full\" src=\"https:\/\/www.cordobatimes.com\/showup\/wp-content\/uploads\/2020\/09\/rodarte-pv-2021_6e24158f_800x1200.jpg\" alt=\"\" width=\"800\" height=\"1200\" srcset=\"https:\/\/www.cordobatimes.com\/showup\/wp-content\/uploads\/2020\/09\/rodarte-pv-2021_6e24158f_800x1200.jpg 800w, https:\/\/www.cordobatimes.com\/showup\/wp-content\/uploads\/2020\/09\/rodarte-pv-2021_6e24158f_800x1200-280x420.jpg 280w, https:\/\/www.cordobatimes.com\/showup\/wp-content\/uploads\/2020\/09\/rodarte-pv-2021_6e24158f_800x1200-683x1024.jpg 683w, https:\/\/www.cordobatimes.com\/showup\/wp-content\/uploads\/2020\/09\/rodarte-pv-2021_6e24158f_800x1200-768x1152.jpg 768w, https:\/\/www.cordobatimes.com\/showup\/wp-content\/uploads\/2020\/09\/rodarte-pv-2021_6e24158f_800x1200-696x1044.jpg 696w\" sizes=\"auto, (max-width: 800px) 100vw, 800px\" \/> <img alt=\"\" loading=\"lazy\" decoding=\"async\" class=\"alignnone wp-image-88946 size-full\" src=\"https:\/\/www.cordobatimes.com\/showup\/wp-content\/uploads\/2020\/09\/rodarte-pv-2021_7fdc8092_800x1200.jpg\" alt=\"\" width=\"800\" height=\"1200\" srcset=\"https:\/\/www.cordobatimes.com\/showup\/wp-content\/uploads\/2020\/09\/rodarte-pv-2021_7fdc8092_800x1200.jpg 800w, https:\/\/www.cordobatimes.com\/showup\/wp-content\/uploads\/2020\/09\/rodarte-pv-2021_7fdc8092_800x1200-280x420.jpg 280w, https:\/\/www.cordobatimes.com\/showup\/wp-content\/uploads\/2020\/09\/rodarte-pv-2021_7fdc8092_800x1200-683x1024.jpg 683w, https:\/\/www.cordobatimes.com\/showup\/wp-content\/uploads\/2020\/09\/rodarte-pv-2021_7fdc8092_800x1200-768x1152.jpg 768w, https:\/\/www.cordobatimes.com\/showup\/wp-content\/uploads\/2020\/09\/rodarte-pv-2021_7fdc8092_800x1200-696x1044.jpg 696w\" sizes=\"auto, (max-width: 800px) 100vw, 800px\" \/><\/p>\n<h3><strong>Tibi\u00a0<\/strong><\/h3>\n<p>Tibi ha presentado una colecci\u00f3n muy neoyorkina con faldas de vuelo midi donde la sencillez y la elegancia se dan la mano.<\/p>\n<p>Las bermudas seguir\u00e1n teniendo protagonismo en la pr\u00f3xima primavera. Combinadas con blazers en un combo de exquisita elegancia.<\/p>\n<p>Faldas XL con prints florales, un cl\u00e1sico que nunca falla, pero ahora se lleva combinado con tops y chaquetas de cuero.<\/p>\n<p><img alt=\"\" loading=\"lazy\" decoding=\"async\" class=\"alignnone wp-image-88947 size-full\" src=\"https:\/\/www.cordobatimes.com\/showup\/wp-content\/uploads\/2020\/09\/tibi-pv-2021_30ffbfc7_800x1200.jpg\" alt=\"\" width=\"800\" height=\"1200\" srcset=\"https:\/\/www.cordobatimes.com\/showup\/wp-content\/uploads\/2020\/09\/tibi-pv-2021_30ffbfc7_800x1200.jpg 800w, https:\/\/www.cordobatimes.com\/showup\/wp-content\/uploads\/2020\/09\/tibi-pv-2021_30ffbfc7_800x1200-280x420.jpg 280w, https:\/\/www.cordobatimes.com\/showup\/wp-content\/uploads\/2020\/09\/tibi-pv-2021_30ffbfc7_800x1200-683x1024.jpg 683w, https:\/\/www.cordobatimes.com\/showup\/wp-content\/uploads\/2020\/09\/tibi-pv-2021_30ffbfc7_800x1200-768x1152.jpg 768w, https:\/\/www.cordobatimes.com\/showup\/wp-content\/uploads\/2020\/09\/tibi-pv-2021_30ffbfc7_800x1200-696x1044.jpg 696w\" sizes=\"auto, (max-width: 800px) 100vw, 800px\" \/> <img alt=\"\" loading=\"lazy\" decoding=\"async\" class=\"alignnone wp-image-88948 size-full\" src=\"https:\/\/www.cordobatimes.com\/showup\/wp-content\/uploads\/2020\/09\/tibi-pv-2021_f12e0954_800x1200.jpg\" alt=\"\" width=\"800\" height=\"1200\" srcset=\"https:\/\/www.cordobatimes.com\/showup\/wp-content\/uploads\/2020\/09\/tibi-pv-2021_f12e0954_800x1200.jpg 800w, https:\/\/www.cordobatimes.com\/showup\/wp-content\/uploads\/2020\/09\/tibi-pv-2021_f12e0954_800x1200-280x420.jpg 280w, https:\/\/www.cordobatimes.com\/showup\/wp-content\/uploads\/2020\/09\/tibi-pv-2021_f12e0954_800x1200-683x1024.jpg 683w, https:\/\/www.cordobatimes.com\/showup\/wp-content\/uploads\/2020\/09\/tibi-pv-2021_f12e0954_800x1200-768x1152.jpg 768w, https:\/\/www.cordobatimes.com\/showup\/wp-content\/uploads\/2020\/09\/tibi-pv-2021_f12e0954_800x1200-696x1044.jpg 696w\" sizes=\"auto, (max-width: 800px) 100vw, 800px\" \/> <img alt=\"\" loading=\"lazy\" decoding=\"async\" class=\"alignnone wp-image-88949 size-full\" src=\"https:\/\/www.cordobatimes.com\/showup\/wp-content\/uploads\/2020\/09\/tibi-pv-2021_fd13fbce_800x1200.jpg\" alt=\"\" width=\"800\" height=\"1200\" srcset=\"https:\/\/www.cordobatimes.com\/showup\/wp-content\/uploads\/2020\/09\/tibi-pv-2021_fd13fbce_800x1200.jpg 800w, https:\/\/www.cordobatimes.com\/showup\/wp-content\/uploads\/2020\/09\/tibi-pv-2021_fd13fbce_800x1200-280x420.jpg 280w, https:\/\/www.cordobatimes.com\/showup\/wp-content\/uploads\/2020\/09\/tibi-pv-2021_fd13fbce_800x1200-683x1024.jpg 683w, https:\/\/www.cordobatimes.com\/showup\/wp-content\/uploads\/2020\/09\/tibi-pv-2021_fd13fbce_800x1200-768x1152.jpg 768w, https:\/\/www.cordobatimes.com\/showup\/wp-content\/uploads\/2020\/09\/tibi-pv-2021_fd13fbce_800x1200-696x1044.jpg 696w\" sizes=\"auto, (max-width: 800px) 100vw, 800px\" \/><\/p>\n<p>&nbsp;<\/p>\n<h3><strong>Jason Wu P\/V 2021<\/strong><\/h3>\n<p>Jason Wu inaugura la Semana de la Moda de Nueva York con una propuesta fresca donde las rayas verticales toman protagonismo y se visten en colores tierras o un cl\u00e1sico azul marino para a\u00f1adir sencillez a la propuesta final.<\/p>\n<p>Los estampados vivos y coloridos han sido la norma del desfile, con vestidos de corte recto y prints llamativos.<\/p>\n<p><img alt=\"\" loading=\"lazy\" decoding=\"async\" class=\"alignnone wp-image-88950 size-full\" src=\"https:\/\/www.cordobatimes.com\/showup\/wp-content\/uploads\/2020\/09\/jason-wu-pv-2021_2ce849c6_800x1200.jpg\" alt=\"\" width=\"800\" height=\"1200\" srcset=\"https:\/\/www.cordobatimes.com\/showup\/wp-content\/uploads\/2020\/09\/jason-wu-pv-2021_2ce849c6_800x1200.jpg 800w, https:\/\/www.cordobatimes.com\/showup\/wp-content\/uploads\/2020\/09\/jason-wu-pv-2021_2ce849c6_800x1200-280x420.jpg 280w, https:\/\/www.cordobatimes.com\/showup\/wp-content\/uploads\/2020\/09\/jason-wu-pv-2021_2ce849c6_800x1200-683x1024.jpg 683w, https:\/\/www.cordobatimes.com\/showup\/wp-content\/uploads\/2020\/09\/jason-wu-pv-2021_2ce849c6_800x1200-768x1152.jpg 768w, https:\/\/www.cordobatimes.com\/showup\/wp-content\/uploads\/2020\/09\/jason-wu-pv-2021_2ce849c6_800x1200-696x1044.jpg 696w\" sizes=\"auto, (max-width: 800px) 100vw, 800px\" \/> <img alt=\"\" loading=\"lazy\" decoding=\"async\" class=\"alignnone wp-image-88951 size-full\" src=\"https:\/\/www.cordobatimes.com\/showup\/wp-content\/uploads\/2020\/09\/jason-wu-pv-2021_3c4db436_800x1200.jpg\" alt=\"\" width=\"800\" height=\"1200\" srcset=\"https:\/\/www.cordobatimes.com\/showup\/wp-content\/uploads\/2020\/09\/jason-wu-pv-2021_3c4db436_800x1200.jpg 800w, https:\/\/www.cordobatimes.com\/showup\/wp-content\/uploads\/2020\/09\/jason-wu-pv-2021_3c4db436_800x1200-280x420.jpg 280w, https:\/\/www.cordobatimes.com\/showup\/wp-content\/uploads\/2020\/09\/jason-wu-pv-2021_3c4db436_800x1200-683x1024.jpg 683w, https:\/\/www.cordobatimes.com\/showup\/wp-content\/uploads\/2020\/09\/jason-wu-pv-2021_3c4db436_800x1200-768x1152.jpg 768w, https:\/\/www.cordobatimes.com\/showup\/wp-content\/uploads\/2020\/09\/jason-wu-pv-2021_3c4db436_800x1200-696x1044.jpg 696w\" sizes=\"auto, (max-width: 800px) 100vw, 800px\" \/> <img alt=\"\" loading=\"lazy\" decoding=\"async\" class=\"alignnone wp-image-88952 size-full\" src=\"https:\/\/www.cordobatimes.com\/showup\/wp-content\/uploads\/2020\/09\/jason-wu-pv-2021_c455b0c6_800x1200.jpg\" alt=\"\" width=\"800\" height=\"1200\" srcset=\"https:\/\/www.cordobatimes.com\/showup\/wp-content\/uploads\/2020\/09\/jason-wu-pv-2021_c455b0c6_800x1200.jpg 800w, https:\/\/www.cordobatimes.com\/showup\/wp-content\/uploads\/2020\/09\/jason-wu-pv-2021_c455b0c6_800x1200-280x420.jpg 280w, https:\/\/www.cordobatimes.com\/showup\/wp-content\/uploads\/2020\/09\/jason-wu-pv-2021_c455b0c6_800x1200-683x1024.jpg 683w, https:\/\/www.cordobatimes.com\/showup\/wp-content\/uploads\/2020\/09\/jason-wu-pv-2021_c455b0c6_800x1200-768x1152.jpg 768w, https:\/\/www.cordobatimes.com\/showup\/wp-content\/uploads\/2020\/09\/jason-wu-pv-2021_c455b0c6_800x1200-696x1044.jpg 696w\" sizes=\"auto, (max-width: 800px) 100vw, 800px\" \/><\/p>\n","protected":false},"excerpt":{"rendered":"<p>La New York Fashion Week presenta sus propuestas para la pr\u00f3xima temporada. Con algunos cambios importantes,\u00a0la Semana de la Moda de Nueva York\u00a0ha comenzado a mostrar sus propuestas para la\u00a0temporada de Primavera-Verano de 2021. Debido a la pandemia mundial por coronavirus,\u00a0la pasarela neoyorkina ha eliminado los shows\u00a0en vivo y a gran escala. En su lugar, [&hellip;]<\/p>\n","protected":false},"author":1,"featured_media":88929,"comment_status":"closed","ping_status":"closed","sticky":false,"template":"","format":"standard","meta":{"_seopress_robots_primary_cat":"","_seopress_titles_title":"","_seopress_titles_desc":"","_seopress_robots_index":"","footnotes":""},"categories":[228],"tags":[32390,32391,32392],"class_list":{"0":"post-88928","1":"post","2":"type-post","3":"status-publish","4":"format-standard","5":"has-post-thumbnail","7":"category-moda-y-estilos","8":"tag-new-york-fashion-week-2020","9":"tag-new-york-fashion-week-2020-primavera-verano-2021","10":"tag-tendencias-primavera-verano-2021"},"_links":{"self":[{"href":"https:\/\/www.cordobatimes.com\/showup\/wp-json\/wp\/v2\/posts\/88928","targetHints":{"allow":["GET"]}}],"collection":[{"href":"https:\/\/www.cordobatimes.com\/showup\/wp-json\/wp\/v2\/posts"}],"about":[{"href":"https:\/\/www.cordobatimes.com\/showup\/wp-json\/wp\/v2\/types\/post"}],"author":[{"embeddable":true,"href":"https:\/\/www.cordobatimes.com\/showup\/wp-json\/wp\/v2\/users\/1"}],"replies":[{"embeddable":true,"href":"https:\/\/www.cordobatimes.com\/showup\/wp-json\/wp\/v2\/comments?post=88928"}],"version-history":[{"count":0,"href":"https:\/\/www.cordobatimes.com\/showup\/wp-json\/wp\/v2\/posts\/88928\/revisions"}],"wp:featuredmedia":[{"embeddable":true,"href":"https:\/\/www.cordobatimes.com\/showup\/wp-json\/wp\/v2\/media\/88929"}],"wp:attachment":[{"href":"https:\/\/www.cordobatimes.com\/showup\/wp-json\/wp\/v2\/media?parent=88928"}],"wp:term":[{"taxonomy":"category","embeddable":true,"href":"https:\/\/www.cordobatimes.com\/showup\/wp-json\/wp\/v2\/categories?post=88928"},{"taxonomy":"post_tag","embeddable":true,"href":"https:\/\/www.cordobatimes.com\/showup\/wp-json\/wp\/v2\/tags?post=88928"}],"curies":[{"name":"wp","href":"https:\/\/api.w.org\/{rel}","templated":true}]}}