{"id":88916,"date":"2020-09-15T11:32:45","date_gmt":"2020-09-15T14:32:45","guid":{"rendered":"https:\/\/www.cordobatimes.com\/showup\/?p=88916"},"modified":"2020-09-15T11:32:45","modified_gmt":"2020-09-15T14:32:45","slug":"danna-paola-conto-por-que-no-continuara-en-elite","status":"publish","type":"post","link":"https:\/\/www.cordobatimes.com\/showup\/famosos\/2020\/09\/15\/danna-paola-conto-por-que-no-continuara-en-elite\/","title":{"rendered":"Danna Paola cont\u00f3 por qu\u00e9 no continuar\u00e1 en \u201c\u00c9lite\u201d"},"content":{"rendered":"<h3><strong>La actriz y cantante no participar\u00e1 en la cuarta entrega de la serie y la decisi\u00f3n de dejar el exitoso proyecto fue tomada por ella misma.<\/strong><\/h3>\n<p>Tras darse a conocer hace unos meses que\u00a0Danna Paola no estaba contemplada para aparecer en la cuarta temporada de la serie\u00a0\u00c9lite, de\u00a0Netflix, de inmediato sus seguidores mostraron su inconformidad en las redes sociales, pues para ellos el serial espa\u00f1ol no ser\u00e1 igual sin la aparici\u00f3n de\u00a0\u201cLucrecia Montesinos\u201d, el personaje que la actriz y cantante mexicana encarn\u00f3 durante tres temporadas.<\/p>\n<p>Fue en mayo de este a\u00f1o cuando\u00a0la plataforma de contenidos anunci\u00f3 que adem\u00e1s de la mexicana, la cuarta entrega de la serie prescindir\u00eda de la actuaci\u00f3n de Est\u00e9r Exp\u00f3sito, \u00c1lvaro Rico y Jorge L\u00f3pez, lo que desat\u00f3 habladur\u00edas y, en los m\u00e1s de los casos, la tristeza de los fans de la serie, quienes se volcaron en las redes sociales de la productora para reclamar el regreso de sus personajes favoritos.<\/p>\n<p>M\u00faltiples rumores surgieron tras el anuncio, y en torno a la int\u00e9rprete de\u00a0Mala fama\u00a0se lleg\u00f3 a especular que hab\u00eda sido despedida de la producci\u00f3n debido supuestamente a sus actitudes de diva; mientras que otros aseguraban que su personaje ya hab\u00eda dado lo que ten\u00eda que dar, por ello no fue convocada a una nueva entrega.<\/p>\n<p>Despu\u00e9s de cuatro meses en los que Danna se ha mantenido muy activa en sus redes sociales y adem\u00e1s se ha mantenido muy productiva en la generaci\u00f3n de nuevos sencillos musicales, ahora\u00a0la joven de 25 a\u00f1os es quien aclara el motivo real que la orill\u00f3 a decidir dejar la exitosa serie.\u00a0Dicha raz\u00f3n no tiene nada que ver con el desgaste de su personaje ni con su presunta actitud soberbia.<\/p>\n<p>\u201cMi coraz\u00f3n se pone chiquito. Echo mucho de menos a mis \u2018compis\u2019. Tuve la decisi\u00f3n de no estar en la cuarta temporada para dedicarme cien por ciento a la m\u00fasica este a\u00f1o. Entonces para m\u00ed era una cosa o la otra, porque soy muy perfeccionista y entregada en ese sentido\u201d,\u00a0expres\u00f3 la estrella en una charla que sostuvo con sus seguidores a trav\u00e9s de su cuenta de\u00a0TikTok.<\/p>\n<p>Posteriormente a los comentarios halagadores de sus fan\u00e1ticos, quienes le pidieron que volviera a los foros de grabaci\u00f3n o a los\u00a0sets\u00a0de filmaci\u00f3n con un nuevo papel,\u00a0Danna Paola revel\u00f3 que su regreso a la actuaci\u00f3n no ocurrir\u00e1 pronto, pues por el momento y en adelante, quiz\u00e1 por los pr\u00f3ximos a\u00f1os, estar\u00e1 completamente comprometida con su carrera en la m\u00fasica, la cual ha sido muy fruct\u00edfera \u00faltimamente.<\/p>\n<p>En este momento no voy a actuar, me voy a dedicar a la m\u00fasica. La m\u00fasica requiere un 24\/7; en un rodaje tienes un plan de horarios y de tantos meses. La m\u00fasica es diaria, todos los d\u00edas estoy produciendo, componiendo y planeando.<\/p>\n<p>Tras el lanzamiento en meses pasados de los temas\u00a0No bailes sola, a d\u00fao con el colombiano Sebasti\u00e1n Yatra, Sola,\u00a0Te quiero y ya, Contigo, Santer\u00eda, al lado de Lola \u00cdndigo y Denise Rosenthal, su sencillo m\u00e1s reciente es un tema en conjunto con el cantante liban\u00e9s Mika, se trata de\u00a0Me, myself, canci\u00f3n que en s\u00f3lo cuatro d\u00edas ya cuenta con m\u00e1s de 2 millones de visitas en Youtube.<\/p>\n<h3><strong>Un posible regreso a la pantalla<\/strong><\/h3>\n<p>En d\u00edas pasado surgi\u00f3 la informaci\u00f3n de que, tras ser vetada por Televisa y luego de la censura que sufri\u00f3 por parte de la televisora su actuaci\u00f3n en los Premios Juventud, celebrados el 13 de agosto en Miami,\u00a0Danna Paola habr\u00eda recibido la invitaci\u00f3n para aparecer en la nueva temporada del\u00a0reality show \u00bfQui\u00e9n es la m\u00e1scara?<\/p>\n<p>\u201cMe lleg\u00f3 la informaci\u00f3n de que\u00a0La M\u00e1scara\u00a0tendr\u00e1n invitados especiales, no propiamente las celebridades que est\u00e1n debajo de las botargas, sino invitados especiales y el run run entre la producci\u00f3n es que Miguel \u00c1ngel Fox estar\u00eda interesado en tener una participaci\u00f3n especial de Danna Paola\u201d, fue la declaraci\u00f3n de la periodista Flor Rubio en su canal de YouTube.<\/p>\n<p>La tambi\u00e9n presentadora de la secci\u00f3n de espect\u00e1culos en el\u00a0morning show\u00a0de TV Azteca,\u00a0Venga la alegr\u00eda,\u00a0asegur\u00f3 que\u00a0\u201cesto echar\u00eda por tierra aquella noche fat\u00eddica en donde\u00a0Televisa\u00a0de forma desacertada vet\u00f3 la participaci\u00f3n de\u00a0Danna Paola\u00a0en los\u00a0Premios Juventud,\u00a0olvid\u00e1ndose de que ella es una artista global y puede sobrevivir sin una televisora y que lo est\u00e1 haciendo sola y con otras empresas que s\u00ed la apoyan como Netflix y TV Azteca\u201d, en alusi\u00f3n al proyecto de la televisora del Ajusco en el que Danna fungi\u00f3 como juez a inicios de 2020:\u00a0La Academia.<\/p>\n<p>&nbsp;<\/p>\n","protected":false},"excerpt":{"rendered":"<p>La actriz y cantante no participar\u00e1 en la cuarta entrega de la serie y la decisi\u00f3n de dejar el exitoso proyecto fue tomada por ella misma. Tras darse a conocer hace unos meses que\u00a0Danna Paola no estaba contemplada para aparecer en la cuarta temporada de la serie\u00a0\u00c9lite, de\u00a0Netflix, de inmediato sus seguidores mostraron su inconformidad [&hellip;]<\/p>\n","protected":false},"author":1,"featured_media":88917,"comment_status":"closed","ping_status":"closed","sticky":false,"template":"","format":"standard","meta":{"_seopress_robots_primary_cat":"","_seopress_titles_title":"","_seopress_titles_desc":"","_seopress_robots_index":"","footnotes":""},"categories":[4],"tags":[32384],"class_list":{"0":"post-88916","1":"post","2":"type-post","3":"status-publish","4":"format-standard","5":"has-post-thumbnail","7":"category-famosos","8":"tag-danna-paola-elite"},"_links":{"self":[{"href":"https:\/\/www.cordobatimes.com\/showup\/wp-json\/wp\/v2\/posts\/88916","targetHints":{"allow":["GET"]}}],"collection":[{"href":"https:\/\/www.cordobatimes.com\/showup\/wp-json\/wp\/v2\/posts"}],"about":[{"href":"https:\/\/www.cordobatimes.com\/showup\/wp-json\/wp\/v2\/types\/post"}],"author":[{"embeddable":true,"href":"https:\/\/www.cordobatimes.com\/showup\/wp-json\/wp\/v2\/users\/1"}],"replies":[{"embeddable":true,"href":"https:\/\/www.cordobatimes.com\/showup\/wp-json\/wp\/v2\/comments?post=88916"}],"version-history":[{"count":0,"href":"https:\/\/www.cordobatimes.com\/showup\/wp-json\/wp\/v2\/posts\/88916\/revisions"}],"wp:featuredmedia":[{"embeddable":true,"href":"https:\/\/www.cordobatimes.com\/showup\/wp-json\/wp\/v2\/media\/88917"}],"wp:attachment":[{"href":"https:\/\/www.cordobatimes.com\/showup\/wp-json\/wp\/v2\/media?parent=88916"}],"wp:term":[{"taxonomy":"category","embeddable":true,"href":"https:\/\/www.cordobatimes.com\/showup\/wp-json\/wp\/v2\/categories?post=88916"},{"taxonomy":"post_tag","embeddable":true,"href":"https:\/\/www.cordobatimes.com\/showup\/wp-json\/wp\/v2\/tags?post=88916"}],"curies":[{"name":"wp","href":"https:\/\/api.w.org\/{rel}","templated":true}]}}