{"id":88909,"date":"2020-09-14T20:51:26","date_gmt":"2020-09-14T23:51:26","guid":{"rendered":"https:\/\/www.cordobatimes.com\/showup\/?p=88909"},"modified":"2020-09-14T21:04:29","modified_gmt":"2020-09-15T00:04:29","slug":"la-pelicula-corazon-loco-se-convirtio-en-la-mas-vista-de-netflix","status":"publish","type":"post","link":"https:\/\/www.cordobatimes.com\/showup\/cine-y-series\/2020\/09\/14\/la-pelicula-corazon-loco-se-convirtio-en-la-mas-vista-de-netflix\/","title":{"rendered":"La pel\u00edcula  \u201cCoraz\u00f3n loco\u201d se convirti\u00f3 en la m\u00e1s vista de Netflix"},"content":{"rendered":"<h3><strong>El filme\u00a0 que se estren\u00f3 el 9 de septiembre, se ubic\u00f3 en el primer puesto de la famosa plataforma de streaming.<\/strong><\/h3>\n<p>La fecha elegida era el 19 de marzo. Ese d\u00eda \u201cCoraz\u00f3n Loco\u201d iba a estrenarse en las salas de cine de la Argentina. Sin embargo, y a pesar de que la pel\u00edcula ya se estaba promocionando en la televisi\u00f3n, en la radio y en la v\u00eda p\u00fablica, las noticias sobre la llegada del COVID-19 hac\u00edan pensar de que algo cambiar\u00eda en nuestro pa\u00eds. Y as\u00ed fue. Ese 19 de marzo no hubo estreno, sino que el presidente Alberto Fern\u00e1ndez firm\u00f3 el Decreto de Nececidad y Urgencia (DNU) de la cuarentena obligatoria destinada a frenar la pandemia del coronavirus en la Argentina.<\/p>\n<p>El filme se posterg\u00f3 sin fecha precisa. Hasta que finalmente el 16 de junio\u00a0 la historia que protagonizan Adri\u00e1n Suar, Gabriela Toscano y Soledad Villamil y que dirigi\u00f3 Marcos Carnevale se estrenar\u00eda directamente en la plataforma de streaming Netflix. Finalmente el 9 de septiembre la pel\u00edcula finalmente vio la luz y r\u00e1pidamente se convirti\u00f3 en lo m\u00e1s elegido por los usuarios.<\/p>\n<p>Seg\u00fan anunci\u00f3 Netflix Coraz\u00f3n Loco se ubic\u00f3 en pocos d\u00edas en lo m\u00e1s visto de la plataforma en la Argentina, superando al filme mexicano Se busca pap\u00e1 y a la serie colombiana La venganza de Anal\u00eda.<\/p>\n<p><img alt=\"\" loading=\"lazy\" decoding=\"async\" src=\"https:\/\/www.cordobatimes.com\/showup\/wp-content\/uploads\/2020\/09\/202221210.jpg\" alt=\"\" width=\"687\" height=\"295\" class=\"alignnone size-full wp-image-88911\" \/><\/p>\n<p>El largometraje presenta la historia de Fernando Ferro (Suar), un prestigioso traumat\u00f3logo, padre de familia y con un pasar \u201ccasi perfecto\u201d que debe lidiar con una doble vida ya que tiene dos mujeres, dos familias distintas que mantiene una en Mar del Plata y la otra en Buenos Aires. De lunes a jueves est\u00e1 con Paula (Gabriela Toscano). Y de viernes a domingo, con Vera (Soledad Villamil). El elenco se completa con\u00a0Alan Sabbagh, Dar\u00edo Barassi, Magela Zanotta\u00a0y\u00a0Betiana Blum.<\/p>\n<p>Viviendo a medio camino entre \u201cla ciudad feliz\u201d y la Capital, el b\u00edgamo vive una estresante realidad haci\u00e9ndose cargo de dos autos, dos trabajos, dos casas, dos perros e hijos que no saben qu\u00e9 tienen hermanos. Cuando las esposas descubran el secreto que guarda su c\u00f3nyuge, ambas unir\u00e1n fuerzas para llevar a cabo una venganza.<\/p>\n<p>Entre las caracter\u00edsticas que narra el filme, se desataca como el personaje de Suar no se autopercibe como un mujeriego, ni siquiera como un infiel, sino como un hombre que ama a dos mujeres por igual que no quiere vivir sin ninguna de ellas. El pol\u00e9mico argumento y las consecuencias de los actos del b\u00edgamo sin dudas generar\u00e1n debate y pol\u00e9mica.<\/p>\n<p><iframe loading=\"lazy\" src=\"https:\/\/www.youtube.com\/embed\/uRPdBGoLGjs\" width=\"560\" height=\"315\" frameborder=\"0\" allowfullscreen=\"allowfullscreen\"><\/iframe><\/p>\n","protected":false},"excerpt":{"rendered":"<p>El filme\u00a0 que se estren\u00f3 el 9 de septiembre, se ubic\u00f3 en el primer puesto de la famosa plataforma de streaming. La fecha elegida era el 19 de marzo. Ese d\u00eda \u201cCoraz\u00f3n Loco\u201d iba a estrenarse en las salas de cine de la Argentina. Sin embargo, y a pesar de que la pel\u00edcula ya se [&hellip;]<\/p>\n","protected":false},"author":1,"featured_media":88910,"comment_status":"closed","ping_status":"closed","sticky":false,"template":"","format":"standard","meta":{"_seopress_robots_primary_cat":"","_seopress_titles_title":"","_seopress_titles_desc":"","_seopress_robots_index":"","footnotes":""},"categories":[3],"tags":[32383,32382],"class_list":{"0":"post-88909","1":"post","2":"type-post","3":"status-publish","4":"format-standard","5":"has-post-thumbnail","7":"category-cine-y-series","8":"tag-corazon-loco-la-mas-vista-de-netflix","9":"tag-pelicula-corazon-loconetflix"},"_links":{"self":[{"href":"https:\/\/www.cordobatimes.com\/showup\/wp-json\/wp\/v2\/posts\/88909","targetHints":{"allow":["GET"]}}],"collection":[{"href":"https:\/\/www.cordobatimes.com\/showup\/wp-json\/wp\/v2\/posts"}],"about":[{"href":"https:\/\/www.cordobatimes.com\/showup\/wp-json\/wp\/v2\/types\/post"}],"author":[{"embeddable":true,"href":"https:\/\/www.cordobatimes.com\/showup\/wp-json\/wp\/v2\/users\/1"}],"replies":[{"embeddable":true,"href":"https:\/\/www.cordobatimes.com\/showup\/wp-json\/wp\/v2\/comments?post=88909"}],"version-history":[{"count":0,"href":"https:\/\/www.cordobatimes.com\/showup\/wp-json\/wp\/v2\/posts\/88909\/revisions"}],"wp:featuredmedia":[{"embeddable":true,"href":"https:\/\/www.cordobatimes.com\/showup\/wp-json\/wp\/v2\/media\/88910"}],"wp:attachment":[{"href":"https:\/\/www.cordobatimes.com\/showup\/wp-json\/wp\/v2\/media?parent=88909"}],"wp:term":[{"taxonomy":"category","embeddable":true,"href":"https:\/\/www.cordobatimes.com\/showup\/wp-json\/wp\/v2\/categories?post=88909"},{"taxonomy":"post_tag","embeddable":true,"href":"https:\/\/www.cordobatimes.com\/showup\/wp-json\/wp\/v2\/tags?post=88909"}],"curies":[{"name":"wp","href":"https:\/\/api.w.org\/{rel}","templated":true}]}}