{"id":88880,"date":"2020-09-11T11:11:25","date_gmt":"2020-09-11T14:11:25","guid":{"rendered":"https:\/\/www.cordobatimes.com\/showup\/?p=88880"},"modified":"2020-09-11T11:11:25","modified_gmt":"2020-09-11T14:11:25","slug":"the-social-dilemma-el-documental-que-muestra-los-peligros-ocultos-de-las-redes-sociales","status":"publish","type":"post","link":"https:\/\/www.cordobatimes.com\/showup\/cine-y-series\/2020\/09\/11\/the-social-dilemma-el-documental-que-muestra-los-peligros-ocultos-de-las-redes-sociales\/","title":{"rendered":"\u201cThe Social Dilemma\u201d: El documental que muestra los peligros ocultos de las redes sociales"},"content":{"rendered":"<h3><strong>Netflix acaba de estrenar en su cat\u00e1logo \u201cThe Social Dilemma\u201d, un documental sobre el complejo mundo que se esconde detr\u00e1s de los \u201clikes\u201d.<\/strong><\/h3>\n<p>Bajo la direcci\u00f3n de Jeff Orlowski, el filme se adentra en un universo al parecer superficial que, debajo, esconde mecanismos que generan adicci\u00f3n y dependencia.<\/p>\n<p>\u201cLos algoritmos (de las redes) intentan que vuelvas y pases m\u00e1s tiempo ah\u00ed. Es tan similar a una adicci\u00f3n como creo que sea posible\u201d, asegur\u00f3 el realizador en una entrevista con Efe.<\/p>\n<p>\u201cThe Social Dilemma\u201d, que lleg\u00f3 a la grilla de contenidos del gigante on demand tras haberse estrenado en el Festival de Sundance, pinta un inquietante retrato de compa\u00f1\u00edas como Facebook o YouTube y de sus turbias e invasivas estrategias de persuasi\u00f3n, que pueden derivar en depresi\u00f3n o ansiedad para unos usuarios sometidos a un deseo de perfecci\u00f3n constante, o en la divulgaci\u00f3n de bulos y erosi\u00f3n de la democracia a escala global.<\/p>\n<p>El documental entrelaza partes ficticias, que imaginan c\u00f3mo las redes mantienen enganchados a sus usuarios, y entrevistas con antiguos ejecutivos de gigantes digitales, todo ello con una hip\u00f3tesis alarmante: si un servicio es completamente gratis, tu informaci\u00f3n y tus datos son el negocio.<\/p>\n<p>En el desarrollo del filme, algunos entrevistados comparan a las redes sociales con las drogas, una situaci\u00f3n que \u201cabre una gran conversaci\u00f3n en la comunidad m\u00e9dica: \u00bfEs una adicci\u00f3n de comportamiento o qu\u00edmica?\u201d, advierte el director.<\/p>\n<p><iframe loading=\"lazy\" width=\"560\" height=\"315\" src=\"https:\/\/www.youtube.com\/embed\/uaaC57tcci0\" frameborder=\"0\" allow=\"accelerometer; autoplay; encrypted-media; gyroscope; picture-in-picture\" allowfullscreen><\/iframe><\/p>\n","protected":false},"excerpt":{"rendered":"<p>Netflix acaba de estrenar en su cat\u00e1logo \u201cThe Social Dilemma\u201d, un documental sobre el complejo mundo que se esconde detr\u00e1s de los \u201clikes\u201d. Bajo la direcci\u00f3n de Jeff Orlowski, el filme se adentra en un universo al parecer superficial que, debajo, esconde mecanismos que generan adicci\u00f3n y dependencia. \u201cLos algoritmos (de las redes) intentan que [&hellip;]<\/p>\n","protected":false},"author":1,"featured_media":88881,"comment_status":"closed","ping_status":"closed","sticky":false,"template":"","format":"standard","meta":{"_seopress_robots_primary_cat":"","_seopress_titles_title":"","_seopress_titles_desc":"","_seopress_robots_index":"","footnotes":""},"categories":[3],"tags":[32374,32375],"class_list":{"0":"post-88880","1":"post","2":"type-post","3":"status-publish","4":"format-standard","5":"has-post-thumbnail","7":"category-cine-y-series","8":"tag-documental-the-social-dilemma","9":"tag-the-social-dilemma-peligros-ocultos-de-las-redes-sociales"},"_links":{"self":[{"href":"https:\/\/www.cordobatimes.com\/showup\/wp-json\/wp\/v2\/posts\/88880","targetHints":{"allow":["GET"]}}],"collection":[{"href":"https:\/\/www.cordobatimes.com\/showup\/wp-json\/wp\/v2\/posts"}],"about":[{"href":"https:\/\/www.cordobatimes.com\/showup\/wp-json\/wp\/v2\/types\/post"}],"author":[{"embeddable":true,"href":"https:\/\/www.cordobatimes.com\/showup\/wp-json\/wp\/v2\/users\/1"}],"replies":[{"embeddable":true,"href":"https:\/\/www.cordobatimes.com\/showup\/wp-json\/wp\/v2\/comments?post=88880"}],"version-history":[{"count":0,"href":"https:\/\/www.cordobatimes.com\/showup\/wp-json\/wp\/v2\/posts\/88880\/revisions"}],"wp:featuredmedia":[{"embeddable":true,"href":"https:\/\/www.cordobatimes.com\/showup\/wp-json\/wp\/v2\/media\/88881"}],"wp:attachment":[{"href":"https:\/\/www.cordobatimes.com\/showup\/wp-json\/wp\/v2\/media?parent=88880"}],"wp:term":[{"taxonomy":"category","embeddable":true,"href":"https:\/\/www.cordobatimes.com\/showup\/wp-json\/wp\/v2\/categories?post=88880"},{"taxonomy":"post_tag","embeddable":true,"href":"https:\/\/www.cordobatimes.com\/showup\/wp-json\/wp\/v2\/tags?post=88880"}],"curies":[{"name":"wp","href":"https:\/\/api.w.org\/{rel}","templated":true}]}}