{"id":88874,"date":"2020-09-10T09:40:19","date_gmt":"2020-09-10T12:40:19","guid":{"rendered":"https:\/\/www.cordobatimes.com\/showup\/?p=88874"},"modified":"2020-09-10T09:40:19","modified_gmt":"2020-09-10T12:40:19","slug":"the-walking-dead-la-exitosa-serie-llega-a-su-fin","status":"publish","type":"post","link":"https:\/\/www.cordobatimes.com\/showup\/cine-y-series\/2020\/09\/10\/the-walking-dead-la-exitosa-serie-llega-a-su-fin\/","title":{"rendered":"The Walking Dead: La exitosa serie llega a su fin"},"content":{"rendered":"<h3><strong>La serie vencer\u00e1 con el cierre de su temporada 11, entre fines de 2021 y comienzos de 2022.\u00a0<\/strong><\/h3>\n<p>The Walking Dead,\u00a0la famosa serie que sigue la ruta de un grupo de sobrevivientes de un apocalipsis zombie,\u00a0verdadero fen\u00f3meno televisivo con millones de espectadores, llegar\u00e1 a su fin luego de la emisi\u00f3n de su pr\u00f3xima temporada, que ser\u00e1 la\u00a0und\u00e9cima.<\/p>\n<p>Sin embargo, la cadena por la que se transmite en Estados Unidos, AMC (en la Argentina y el resto de Latinoam\u00e9rica es uno de los contenidos m\u00e1s rendidores de la se\u00f1al Fox Premium Series), ya prepara un spin-off alrededor de los personajes de Daryl y Carol (Norman Reedus y Melissa McBride), los \u00faltimos integrantes del elenco original.<\/p>\n<p>De acuerdo con lo que se inform\u00f3 en un comunicado del canal, y fue replicado por distintos medios norteamericanos, si bien la emisi\u00f3n de la\u00a0und\u00e9cima temporada\u00a0estaba prevista para este a\u00f1o, los vericuetos de la pandemia obligaron a postergar todos los rodajes y el estreno del\u00a0grand finale\u00a0ser\u00e1\u00a0reci\u00e9n\u00a0a fines de 2021.<\/p>\n<p>De hecho, el que ser\u00eda el cap\u00edtulo final de la\u00a0temporada 10, que iba a transmitirse el pasado\u00a012 de abril, nunca lleg\u00f3 a completarse a tiempo y tampoco se emiti\u00f3.<\/p>\n<p>Respecto de esto\u00a0se ha informado que el\u00a0episodio ver\u00e1 la luz el pr\u00f3ximo\u00a04 de octubre, pero ya no ser\u00e1 el \u00faltimo de la d\u00e9cima entrega, pues a comienzos de 2021 se rodar\u00e1n seis cap\u00edtulos a\u00f1adidos.<\/p>\n<p>A fines del a\u00f1o pr\u00f3ximo,\u00a0llegar\u00e1 la temporada 11, que tambi\u00e9n tendr\u00e1 un tama\u00f1o ampliado, ya que en lugar de los 16 habituales tendr\u00e1 24 episodios.<\/p>\n<p>Aunque redujo mucho su rating, esta serie pionera contin\u00faa\u00a0siendo un verdadero cl\u00e1sico televisivo. Hay otra novedad: lejos de\u00a0marcar\u00a0el cierre para la franquicia, y\u00a0para los personajes de\u00a0Daryl y Carol,\u00a0ya se habla de\u00a0un\u00a0spin off\u00a0-o serie\u00a0derivada- que, seg\u00fan las estimaciones de los productores empezar\u00e1\u00a0 a emitirse en\u00a02023,\u00a0a cargo de\u00a0Angela Kang, actual responsable de\u00a0The Walking Dead, y\u00a0Scott Gimple, que ocup\u00f3 ese cargo en a\u00f1os anteriores.<\/p>\n<p>\u00abEstoy deseando trabajar con nuestros brillantes guionistas, productores, directores, actores y resto del equipo y adaptar el \u00e9pico cap\u00edtulo final de la historia de\u00a0Robert Kirkman\u00a0(el creador del c\u00f3mic en el que se basa la serie) para nuestros fans\u00bb, dijo\u00a0Kang.<\/p>\n<p>\u00abEstoy muy entusiasmada de seguir contando historias con ellos\u00bb, agreg\u00f3 la notable\u00a0escritora y editora.<\/p>\n<p>Por su parte,\u00a0Gimple\u00a0tambi\u00e9n est\u00e1 desarrollando otra serie titulada\u00a0Tales of the Walking Dead, un paquete de\u00a0unitarios\u00a0en los que aparecer\u00e1n nuevos personajes y otros ya conocidos dentro de las historias.<\/p>\n<p>El universo creado por AMC en torno a la tentacular\u00a0The Walking Dead\u00a0cuenta ya con los\u00a0spin-offs\u00a0Fear the Walking Dead, cuya sexta temporada arrancar\u00e1 el\u00a012 de octubre, y con\u00a0The Walking Dead: World Beyond, que gira alrededor de\u00a0la generaci\u00f3n que sobrevivi\u00f3 al apocalipsis de zombies. Esta derivaci\u00f3n tiene calculado el estreno para el\u00a05 de octubre, en ambos casos a trav\u00e9s del canal de cable\u00a0AMC\u00a0en Argentina.<\/p>\n<p>Adem\u00e1s, y como si esta serie fuera un lim\u00f3n al que hay que exprimir hasta la \u00faltima gota,\u00a0AMC y Universal Pictures\u00a0trabajan conjuntamente en una serie de pel\u00edculas en torno a la figura de\u00a0Rick Grimes (Andrew Lincoln), protagonista excluyente de\u00a0The Walking Dead\u00a0durante sus nueve primeras temporadas. Seguiremos informando.<\/p>\n","protected":false},"excerpt":{"rendered":"<p>La serie vencer\u00e1 con el cierre de su temporada 11, entre fines de 2021 y comienzos de 2022.\u00a0 The Walking Dead,\u00a0la famosa serie que sigue la ruta de un grupo de sobrevivientes de un apocalipsis zombie,\u00a0verdadero fen\u00f3meno televisivo con millones de espectadores, llegar\u00e1 a su fin luego de la emisi\u00f3n de su pr\u00f3xima temporada, que [&hellip;]<\/p>\n","protected":false},"author":1,"featured_media":88875,"comment_status":"closed","ping_status":"closed","sticky":false,"template":"","format":"standard","meta":{"_seopress_robots_primary_cat":"","_seopress_titles_title":"","_seopress_titles_desc":"","_seopress_robots_index":"","footnotes":""},"categories":[3],"tags":[21529,32371],"class_list":{"0":"post-88874","1":"post","2":"type-post","3":"status-publish","4":"format-standard","5":"has-post-thumbnail","7":"category-cine-y-series","8":"tag-final-de-the-walking-dead","9":"tag-ultima-temporada-de-the-walking-dead"},"_links":{"self":[{"href":"https:\/\/www.cordobatimes.com\/showup\/wp-json\/wp\/v2\/posts\/88874","targetHints":{"allow":["GET"]}}],"collection":[{"href":"https:\/\/www.cordobatimes.com\/showup\/wp-json\/wp\/v2\/posts"}],"about":[{"href":"https:\/\/www.cordobatimes.com\/showup\/wp-json\/wp\/v2\/types\/post"}],"author":[{"embeddable":true,"href":"https:\/\/www.cordobatimes.com\/showup\/wp-json\/wp\/v2\/users\/1"}],"replies":[{"embeddable":true,"href":"https:\/\/www.cordobatimes.com\/showup\/wp-json\/wp\/v2\/comments?post=88874"}],"version-history":[{"count":0,"href":"https:\/\/www.cordobatimes.com\/showup\/wp-json\/wp\/v2\/posts\/88874\/revisions"}],"wp:featuredmedia":[{"embeddable":true,"href":"https:\/\/www.cordobatimes.com\/showup\/wp-json\/wp\/v2\/media\/88875"}],"wp:attachment":[{"href":"https:\/\/www.cordobatimes.com\/showup\/wp-json\/wp\/v2\/media?parent=88874"}],"wp:term":[{"taxonomy":"category","embeddable":true,"href":"https:\/\/www.cordobatimes.com\/showup\/wp-json\/wp\/v2\/categories?post=88874"},{"taxonomy":"post_tag","embeddable":true,"href":"https:\/\/www.cordobatimes.com\/showup\/wp-json\/wp\/v2\/tags?post=88874"}],"curies":[{"name":"wp","href":"https:\/\/api.w.org\/{rel}","templated":true}]}}