{"id":88867,"date":"2020-09-07T10:56:15","date_gmt":"2020-09-07T13:56:15","guid":{"rendered":"https:\/\/www.cordobatimes.com\/showup\/?p=88867"},"modified":"2020-09-07T10:56:15","modified_gmt":"2020-09-07T13:56:15","slug":"lali-esposito-conto-que-grabara-una-cancion-junto-a-danna-paola","status":"publish","type":"post","link":"https:\/\/www.cordobatimes.com\/showup\/musica\/2020\/09\/07\/lali-esposito-conto-que-grabara-una-cancion-junto-a-danna-paola\/","title":{"rendered":"Lali Esp\u00f3sito cont\u00f3 que grabar\u00e1 una canci\u00f3n  junto a Danna Paola"},"content":{"rendered":"<h3><strong>En una entrevista radial la cantante revel\u00f3 que har\u00e1 un d\u00fao con la mexicana.<\/strong><\/h3>\n<p>Cada vez que\u00a0Lali Esp\u00f3sito\u00a0estrena un tema sus seguidoras hacen estallar las redes sociales de la alegr\u00eda pero este domingo la cantante se convirti\u00f3 en tendencia por algo muy peculiar. Ocurre que durante una entrevista radial, la vocalista adelant\u00f3 que su cuarto trabajo discogr\u00e1fico incluir\u00e1 un d\u00fao con la mexicana\u00a0Danna Paola, se\u00f1alada como\u00a0la tercera en discordia\u00a0en la separaci\u00f3n de\u00a0Tini Stoessel\u00a0y\u00a0Sebasti\u00e1n Yatra.<\/p>\n<p>\u00abCon Danna tenemos una canci\u00f3n. Lo puedo contar porque ya lo cont\u00f3 ella. Estamos con la noticia de que en mi disco hay una canci\u00f3n con Danna que es una bomba. Ella es lo m\u00e1s, tiene mucha energ\u00eda\u00bb, dijo Lali en di\u00e1logo con\u00a0Vale x 3\u00a0(Vale 97.5). \u00abLo que me gusta de ella es que tenemos energ\u00edas muy parecidas en cuanto a nuestras carreras porque actuamos desde muy chiquititas. Se mete con todo en \u00a0su m\u00fasica y ahora est\u00e1 a full\u00bb, le cont\u00f3 a\u00a0Lourdes S\u00e1nchez\u00a0y\u00a0Lizardo Ponce.<\/p>\n<p>\u00abTenemos como caminos parecidos: ella viene de trabajar en Espa\u00f1a tambi\u00e9n con\u00a0Netflix\u00a0y hablamos mucho de eso. Tenemos una conexi\u00f3n muy clara y muy linda as\u00ed que compartir una canci\u00f3n en ella es lo m\u00e1s\u00bb, concluy\u00f3 la artista desde Espa\u00f1a, donde se encuentra grabando la serie\u00a0Sky Rojo\u00a0para la mencionada plataforma de streaming.<\/p>\n<p><iframe loading=\"lazy\" width=\"100%\" height=\"65px\" scrolling=\"no\" frameborder=\"no\" src=\"\/\/radiocut.fm\/audiocut\/embed\/mini\/lali-esposito-confirmo-grabara-un-tema-con-danna-paola\/\" ><\/iframe><\/p>\n","protected":false},"excerpt":{"rendered":"<p>En una entrevista radial la cantante revel\u00f3 que har\u00e1 un d\u00fao con la mexicana. Cada vez que\u00a0Lali Esp\u00f3sito\u00a0estrena un tema sus seguidoras hacen estallar las redes sociales de la alegr\u00eda pero este domingo la cantante se convirti\u00f3 en tendencia por algo muy peculiar. Ocurre que durante una entrevista radial, la vocalista adelant\u00f3 que su cuarto [&hellip;]<\/p>\n","protected":false},"author":1,"featured_media":88868,"comment_status":"closed","ping_status":"closed","sticky":false,"template":"","format":"standard","meta":{"_seopress_robots_primary_cat":"","_seopress_titles_title":"","_seopress_titles_desc":"","_seopress_robots_index":"","footnotes":""},"categories":[5],"tags":[32368,32367],"class_list":{"0":"post-88867","1":"post","2":"type-post","3":"status-publish","4":"format-standard","5":"has-post-thumbnail","7":"category-musica","8":"tag-cuato-disco-de-lali-esposito","9":"tag-lali-esposito-y-danna-paola"},"_links":{"self":[{"href":"https:\/\/www.cordobatimes.com\/showup\/wp-json\/wp\/v2\/posts\/88867","targetHints":{"allow":["GET"]}}],"collection":[{"href":"https:\/\/www.cordobatimes.com\/showup\/wp-json\/wp\/v2\/posts"}],"about":[{"href":"https:\/\/www.cordobatimes.com\/showup\/wp-json\/wp\/v2\/types\/post"}],"author":[{"embeddable":true,"href":"https:\/\/www.cordobatimes.com\/showup\/wp-json\/wp\/v2\/users\/1"}],"replies":[{"embeddable":true,"href":"https:\/\/www.cordobatimes.com\/showup\/wp-json\/wp\/v2\/comments?post=88867"}],"version-history":[{"count":0,"href":"https:\/\/www.cordobatimes.com\/showup\/wp-json\/wp\/v2\/posts\/88867\/revisions"}],"wp:featuredmedia":[{"embeddable":true,"href":"https:\/\/www.cordobatimes.com\/showup\/wp-json\/wp\/v2\/media\/88868"}],"wp:attachment":[{"href":"https:\/\/www.cordobatimes.com\/showup\/wp-json\/wp\/v2\/media?parent=88867"}],"wp:term":[{"taxonomy":"category","embeddable":true,"href":"https:\/\/www.cordobatimes.com\/showup\/wp-json\/wp\/v2\/categories?post=88867"},{"taxonomy":"post_tag","embeddable":true,"href":"https:\/\/www.cordobatimes.com\/showup\/wp-json\/wp\/v2\/tags?post=88867"}],"curies":[{"name":"wp","href":"https:\/\/api.w.org\/{rel}","templated":true}]}}